{"id":1549,"date":"2020-11-04T18:22:06","date_gmt":"2020-11-04T15:22:06","guid":{"rendered":"http:\/\/mersinekonomipolitikagazetesi.com\/?p=1549"},"modified":"2020-11-04T18:22:06","modified_gmt":"2020-11-04T15:22:06","slug":"mersinde-ataturk-ve-adile-hala-anitinin-acilisi-yapildi","status":"publish","type":"post","link":"https:\/\/akdenizolaygazetesi.com\/?p=1549","title":{"rendered":"Mersin&#8217;de Atat\u00fcrk ve Adile Hala An\u0131t\u0131&#8217;n\u0131n a\u00e7\u0131l\u0131\u015f\u0131 yap\u0131ld\u0131"},"content":{"rendered":"<p>Mersin B\u00fcy\u00fck\u015fehir Belediye Ba\u015fkan\u0131 Burhanettin Kocamaz, Tarsus\u2019ta yap\u0131m\u0131 tamamlanan Atat\u00fcrk ve Adile Hala An\u0131t\u0131\u2019n\u0131n a\u00e7\u0131l\u0131\u015f\u0131n\u0131 ger\u00e7ekle\u015ftirerek, 95 y\u0131l \u00f6nce Tarsus\u2019ta ya\u015fanan an\u0131y\u0131 \u00f6l\u00fcms\u00fczle\u015ftirdi.<\/p>\n<p><span style=\"font-size:16px;\"><span style=\"font-family: sans-serif; line-height: 20px; text-align: justify; background-color: rgb(242, 244, 245);\">\u00c7ukurova\u2019n\u0131n Frans\u0131z i\u015fgalinden kurtulmas\u0131 i\u00e7in 1919 y\u0131l\u0131nda eline silah alarak Kuvay\u0131 Milliye saflar\u0131na kat\u0131lan, Ulu \u00d6nder Gazi Mustafa Kemal Atat\u00fcrk\u2019\u00fcn &#8220;Kahraman T\u00fcrk kad\u0131n\u0131! Sen yerlerde s\u00fcr\u00fcnmeye de\u011fil, omuzlar \u00fczerinde y\u00fckselmeye lay\u0131ks\u0131n&#8221; s\u00f6zlerine mazhar olan Tarsuslu Kara Fatma lakapl\u0131 Onba\u015f\u0131 Adile Hala An\u0131t Heykeli\u2019nin a\u00e7\u0131l\u0131\u015f\u0131 yap\u0131ld\u0131. A\u00e7\u0131l\u0131\u015fa Ba\u015fkan Kocamaz&#8217;\u0131n yan\u0131 s\u0131ra Tarsus Belediye Ba\u015fkan\u0131 \u015eevket Can, Tarsus Cumhuriyet Ba\u015fsavc\u0131s\u0131 Mehmet Sabri K\u0131l\u0131\u00e7, Tarsus Garnizon Komutan\u0131 Y\u00fczba\u015f\u0131 Selim Onaran, Meclis \u00fcyeleri, muhtarlar ve vatanda\u015flar kat\u0131ld\u0131. Burada konu\u015fan Ba\u015fkan Kocamaz, &#8220;Tarsus ziyaretinde Atam\u0131z\u0131n yolunu kesen bir kad\u0131n, &#8216;bast\u0131\u011f\u0131n topra\u011fa kurban olay\u0131m Pa\u015fam!&#8217; diyerek ayaklar\u0131na kapan\u0131r. Kad\u0131n\u0131 yerden kald\u0131rmak i\u00e7in e\u011filen Mustafa Kemal\u2019in kula\u011f\u0131na bu kad\u0131n\u0131n Kurtulu\u015f Sava\u015f\u0131nda \u00e7e\u015fitli cephelerde \u00e7arp\u0131\u015fan Adile \u00c7avu\u015f oldu\u011funu f\u0131s\u0131ldarlar. G\u00f6zlerinden iki damla ya\u015f s\u00fcz\u00fclen Gazi Pa\u015fa, g\u00fcne\u015ften y\u00fcz\u00fc yanm\u0131\u015f kad\u0131n\u0131n ellerinden tutup aya\u011fa kald\u0131rarak ve ona \u015f\u00f6yle seslenir. \u2018Kahraman T\u00fcrk kad\u0131n\u0131! Sen yerlerde s\u00fcr\u00fcnmeye de\u011fil, omuzlar \u00fczerinde y\u00fckselmeye lay\u0131ks\u0131n&#8217; der&#8221; diye konu\u015ftu.\u00a0<\/span><br style=\"box-sizing: border-box; font-family: sans-serif; font-size: 14px; line-height: 20px; text-align: justify; background-color: rgb(242, 244, 245);\" \/><br \/>\n<span style=\"font-family: sans-serif; line-height: 20px; text-align: justify; background-color: rgb(242, 244, 245);\">Anadolu\u2019nun ebedi yurdumuz olarak kalmas\u0131n\u0131 sa\u011flayan milli m\u00fccadele s\u0131ras\u0131nda binlerce T\u00fcrk kad\u0131n\u0131n\u0131n cephe gerisinde hizmet verirken, \u00e7ok say\u0131da kad\u0131n\u0131n da silahl\u0131 m\u00fccadeleye kat\u0131larak d\u00fcnyaya \u00f6rnek olacak kahramanl\u0131klar g\u00f6sterdiklerinin alt\u0131n\u0131 \u00e7izen Kocamaz, Halide Onba\u015f\u0131, Erzurumlu Kara Fatma, \u0130zmirli Ay\u015fe Han\u0131m, G\u00f6rdesli Makbule, Gaziantepli Yirik Fatma, Adanal\u0131 Tayyar Rahmiye gibi kad\u0131n kahramanlardan da bahsetti. Karbo\u011faz\u0131 Zaferi\u2019nin kazan\u0131lmas\u0131nda \u00f6nemli bir yere sahip olan Tarsuslu K\u0131lavuz Hatice ve silah arkada\u015flar\u0131 aras\u0131nda \u201cKara Fatma\u201d ve \u201cAdile Onba\u015f\u0131\u201d olarak an\u0131lan Tarsuslu Adile Hala\u2019n\u0131n milli m\u00fccadelenin unutulmaz kad\u0131n kahramanlar\u0131 aras\u0131nda oldu\u011funu ifade eden Kocamaz, \u201cB\u00fcy\u00fck Atat\u00fcrk\u2019\u00fcn g\u00f6zya\u015flar\u0131 i\u00e7inde ellerinden tutarak aya\u011fa kald\u0131rd\u0131\u011f\u0131 bu kahraman T\u00fcrk kad\u0131n\u0131n\u0131n aziz hat\u0131ras\u0131 bug\u00fcn a\u00e7\u0131l\u0131\u015f\u0131n\u0131 yapt\u0131\u011f\u0131m\u0131z \u201cAtat\u00fcrk ve Adile Hala An\u0131t\u0131\u201d ile \u00f6l\u00fcms\u00fczle\u015fecektir. Kahramanlar destanlar, mar\u015flar, \u015fiirler ve t\u00fcrk\u00fclerle birlikte hat\u0131ralar\u0131na dikilen an\u0131tlarda ya\u015far, gelece\u011fe uzan\u0131rlar\u201d dedi.\u00a0<\/span><br style=\"box-sizing: border-box; font-family: sans-serif; font-size: 14px; line-height: 20px; text-align: justify; background-color: rgb(242, 244, 245);\" \/><br \/>\n<span style=\"font-family: sans-serif; line-height: 20px; text-align: justify; background-color: rgb(242, 244, 245);\">Kahramanlar\u0131n milletlerin her devirde ya\u015fayan manevi de\u011ferleri ve milletlere h\u0131z, tarihe y\u00f6n veren enerji kaynaklar\u0131 oldu\u011funu vurgulayan Kocamaz, &#8220;\u00c7ocuklar ve gen\u00e7ler \u00e7evrelerinde ne kadar \u00e7ok kahraman \u00f6rne\u011fi g\u00f6r\u00fcrlerse, yi\u011fit ve vatansever yeti\u015fme ihtimalleri o kadar artar. Bir millet asl\u0131n\u0131 inkarla \u00e7\u00f6ker. Asl\u0131n\u0131 inkar\u0131n ba\u015flang\u0131c\u0131 ise maziye s\u00f6vmek ve milli kahramanlar\u0131 yok saymakt\u0131r. Milli kahramanlar\u0131 unutmak nas\u0131l bir felaketse, onlar\u0131 ya\u015fatmak da o kadar b\u00fcy\u00fck bir hizmettir. &#8216;Atat\u00fcrk ve Adile Hala An\u0131t\u0131&#8217;da kutlu milli m\u00fccadelemizin hat\u0131ralar\u0131n\u0131 gelecek ku\u015faklara ta\u015f\u0131yacak \u00f6nemli ve anlaml\u0131 bir eserdir. Cenab\u0131 Mevlam, tarih boyunca nice kahramanlar \u00e7\u0131karan aziz milletimizi kahramans\u0131z b\u0131rakmas\u0131n\u201d ifadelerini kulland\u0131.\u00a0<\/span><br style=\"box-sizing: border-box; font-family: sans-serif; font-size: 14px; line-height: 20px; text-align: justify; background-color: rgb(242, 244, 245);\" \/><br \/>\n<span style=\"font-family: sans-serif; line-height: 20px; text-align: justify; background-color: rgb(242, 244, 245);\">Tarsus Belediye Ba\u015fkan\u0131 \u015eevket Can da Atat\u00fcrk ile Adile Hala aras\u0131nda ge\u00e7en tarihi hikayeyi anlatarak, \u201cAtat\u00fcrk\u00e7\u00fc D\u00fc\u015f\u00fcnce Derne\u011fi Ba\u015fkan\u0131m\u0131z bizleri ziyaret etti\u011finde, Atam\u0131z\u0131n Adile Hala i\u00e7in s\u00f6yledi\u011fi s\u00f6z ile ilgili bir an\u0131t yap\u0131lmas\u0131 ricas\u0131nda bulunmu\u015ftu. Biz de B\u00fcy\u00fck\u015fehir Belediye Ba\u015fkan\u0131m\u0131za bu ricay\u0131 ilettik. Ba\u015fkan\u0131m da zaten bu an\u0131t\u0131 yapmakla ilgili bir d\u00fc\u015f\u00fcncesinin oldu\u011funu belirtti. \u015eimdi de a\u00e7\u0131l\u0131\u015f\u0131n\u0131 ger\u00e7ekle\u015ftiriyoruz. Eme\u011fi ge\u00e7en herkese \u00e7ok te\u015fekk\u00fcr ediyorum\u201d \u015feklinde konu\u015ftu.\u00a0<\/span><br style=\"box-sizing: border-box; font-family: sans-serif; font-size: 14px; line-height: 20px; text-align: justify; background-color: rgb(242, 244, 245);\" \/><br \/>\n<span style=\"font-family: sans-serif; line-height: 20px; text-align: justify; background-color: rgb(242, 244, 245);\">Konu\u015fmalar\u0131n ard\u0131ndan an\u0131t\u0131n a\u00e7\u0131l\u0131\u015f\u0131 yap\u0131ld\u0131.\u00a0<\/span><\/span><\/p>\n","protected":false},"excerpt":{"rendered":"<p>Mersin B\u00fcy\u00fck\u015fehir Belediye Ba\u015fkan\u0131 Burhanettin Kocamaz, Tarsus\u2019ta yap\u0131m\u0131 tamamlanan Atat\u00fcrk ve Adile Hala An\u0131t\u0131\u2019n\u0131n a\u00e7\u0131l\u0131\u015f\u0131n\u0131 ger\u00e7ekle\u015ftirerek, 95 y\u0131l \u00f6nce Tarsus\u2019ta ya\u015fanan an\u0131y\u0131 \u00f6l\u00fcms\u00fczle\u015ftirdi. \u00c7ukurova\u2019n\u0131n Frans\u0131z i\u015fgalinden kurtulmas\u0131 i\u00e7in 1919 y\u0131l\u0131nda &hellip; <a href=\"https:\/\/akdenizolaygazetesi.com\/?p=1549\" class=\"more-link\">Devam\u0131n\u0131 Oku&#8230;<\/a><\/p>\n","protected":false},"author":1,"featured_media":0,"comment_status":"open","ping_status":"open","sticky":false,"template":"","format":"standard","meta":[],"categories":[],"tags":[],"_links":{"self":[{"href":"https:\/\/akdenizolaygazetesi.com\/index.php?rest_route=\/wp\/v2\/posts\/1549"}],"collection":[{"href":"https:\/\/akdenizolaygazetesi.com\/index.php?rest_route=\/wp\/v2\/posts"}],"about":[{"href":"https:\/\/akdenizolaygazetesi.com\/index.php?rest_route=\/wp\/v2\/types\/post"}],"author":[{"embeddable":true,"href":"https:\/\/akdenizolaygazetesi.com\/index.php?rest_route=\/wp\/v2\/users\/1"}],"replies":[{"embeddable":true,"href":"https:\/\/akdenizolaygazetesi.com\/index.php?rest_route=%2Fwp%2Fv2%2Fcomments&post=1549"}],"version-history":[{"count":0,"href":"https:\/\/akdenizolaygazetesi.com\/index.php?rest_route=\/wp\/v2\/posts\/1549\/revisions"}],"wp:attachment":[{"href":"https:\/\/akdenizolaygazetesi.com\/index.php?rest_route=%2Fwp%2Fv2%2Fmedia&parent=1549"}],"wp:term":[{"taxonomy":"category","embeddable":true,"href":"https:\/\/akdenizolaygazetesi.com\/index.php?rest_route=%2Fwp%2Fv2%2Fcategories&post=1549"},{"taxonomy":"post_tag","embeddable":true,"href":"https:\/\/akdenizolaygazetesi.com\/index.php?rest_route=%2Fwp%2Fv2%2Ftags&post=1549"}],"curies":[{"name":"wp","href":"https:\/\/api.w.org\/{rel}","templated":true}]}}