{"id":15493,"date":"2021-12-04T17:07:28","date_gmt":"2021-12-04T14:07:28","guid":{"rendered":"http:\/\/akdenizolaygazetesi.com\/?p=15493"},"modified":"2021-12-04T17:07:28","modified_gmt":"2021-12-04T14:07:28","slug":"stantlarda-tablolardan-seramik-urunlere-kadar-onlarca-eser-yer-aldi","status":"publish","type":"post","link":"https:\/\/akdenizolaygazetesi.com\/?p=15493","title":{"rendered":"STANTLARDA TABLOLARDAN SERAM\u0130K \u00dcR\u00dcNLERE KADAR ONLARCA ESER YER ALDI"},"content":{"rendered":"<p>Mersin B\u00fcy\u00fck\u015fehir Belediyesi, &#8220;3 Aral\u0131k D\u00fcnya Engelliler G\u00fcn\u00fc&#8221; kapsam\u0131nda Yo\u011furt Pazar\u0131&#8217;nda &#8220;Engelsiz El Eme\u011fi Stantlar\u0131&#8221; a\u00e7t\u0131. &#8216;Engelleri \u00c7al\u0131\u015farak A\u015f\u0131yoruz&#8217; slogan\u0131yla hayata ge\u00e7irilen etkinlikler kapsam\u0131nda D\u00fcnya Engelliler G\u00fcn\u00fc&#8217;nde i\u015fitme, ortopedik ve zihinsel engeli bulunan \u00f6zel gereksinimli bireyler birbirinden g\u00fczel eserlerini stantlarda sergileme f\u0131rsat\u0131 buldu. \u00c7e\u015fitli derneklerin ve okullar\u0131n kat\u0131l\u0131m sa\u011flad\u0131\u011f\u0131 Engelsiz El Eme\u011fi Stantlar\u0131&#8217;na Mersinliler yo\u011fun ilgi g\u00f6sterdi.<\/p>\n<p>Stantlarda bez \u00e7antalardan seramik \u00fcr\u00fcnlere kadar onlarca eser yer ald\u0131<\/p>\n<p>Mersin B\u00fcy\u00fck\u015fehir Belediyesi Engelsiz Ya\u015fam Merkezi, B\u00fcy\u00fck\u015fehir Belediyesi \u00d6zel E\u011fitim Uygulama Okulu, Akdeniz \u00d6zel E\u011fitim Uygulama Merkezi ve \u0130\u015f Okulu, \u0130bni Sina \u00d6zel E\u011fitim Meslek Lisesi, Yunus Emre \u0130\u015fitme Engelliler \u0130lkokulu ve Ortaokulu, Mersin Ortopedik Engelliler Derne\u011fi, K\u00f6rleri E\u011fitim ve Kalk\u0131nd\u0131rma Derne\u011fi ile Tarsus Engelliler Platformu kurulan stantlarda eserlerini sergiledi. Robotik kodlama ile yap\u0131lan robotlardan ak\u0131ll\u0131 ev projelerine; bez \u00e7antalardan seramik \u00fcr\u00fcnlere; tablolardan biblolara, birbirinden g\u00fczel s\u00fcs e\u015fyalar\u0131ndan geri d\u00f6n\u00fc\u015f\u00fcm ile yap\u0131lm\u0131\u015f resimlere kadar onlarca eser stantlarda yerini ald\u0131.<\/p>\n<p>Y\u0131lmaz: &#8220;Sanatta engel yok&#8221;<\/p>\n<p>Engelsiz Ya\u015fam Merkezi&#8217;nde Seramik \u00d6\u011fretmeni olarak g\u00f6rev yapan M\u00fcrsel Y\u0131lmaz, &#8220;Burada engelsiz derneklerimiz ve okullar\u0131m\u0131z var. El sanatlar\u0131 sergisi yap\u0131yoruz. 3 okul ve 5 tane de dernek var. \u0130\u015fitme engelli ve ortopedik engelli \u00f6\u011frenciler ile Engelsiz Ya\u015fam Merkezi&#8217;ndeki \u00f6\u011frencilerimizin yapm\u0131\u015f oldu\u011fu el sanatlar\u0131 ve seramikleri sergiliyoruz. \u0130lgi \u00e7ok yo\u011fun. \u00d6ncelikle zihindeki engelleri kald\u0131rmak laz\u0131m. Sanatta engel yok&#8221; dedi.<\/p>\n<p>Zeybek: &#8220;Sadece biraz anlay\u0131\u015fl\u0131 olun, onlar zaten kendi yollar\u0131n\u0131 a\u00e7\u0131yorlar&#8221;<\/p>\n<p>\u0130bni Sina \u00d6zel E\u011fitim Meslek Lisesi&#8217;nde Bilgisayar \u00d6\u011fretmeni olarak g\u00f6rev yapan Hakan Zeybek, &#8220;Moda Tasar\u0131m, Grafik Tasar\u0131m, Foto\u011fraf\u00e7\u0131l\u0131k ve Bili\u015fim Teknolojileri B\u00f6l\u00fcm\u00fc&#8217;n\u00fcn \u00f6\u011frencileri ile beraber yapt\u0131\u011f\u0131m\u0131z uygulamalar ve derslerde g\u00f6sterdi\u011fimiz ekipmanlar\u0131 sergilemeye geldik. Ben de bir engelli \u00e7ocuk babas\u0131y\u0131m. Burada g\u00f6rebilece\u011finiz \u015feylerden biraz \u00e7\u0131kar\u0131m yaparsan\u0131z e\u011fer, siz sadece biraz anlay\u0131\u015fl\u0131 olun ve engel olmay\u0131n, onlar zaten kendi yollar\u0131n\u0131 a\u00e7\u0131yorlar. Yeter ki biz engel olmayal\u0131m&#8221; diye konu\u015ftu.<\/p>\n<p>\u0130bni Sina \u00d6zel E\u011fitim Meslek Lisesi&#8217;nde Grafik Tasar\u0131m \u00d6\u011fretmeni olarak g\u00f6rev yapan Song\u00fcl Akta\u015f ise stantlarda yer alan eserlerden s\u00f6z ederek, &#8220;\u0130\u015fitme engelli \u00f6\u011frencilerimizle beraber \u00e7al\u0131\u015f\u0131yoruz. Engel tan\u0131mad\u0131k, \u00e7ok g\u00fczel i\u015fler \u00e7\u0131kard\u0131\u011f\u0131m\u0131za inan\u0131yoruz. Onlar\u0131 da herkesle payla\u015fmak istedik ve buraday\u0131z. Az para ile neler yapabiliriz, geri d\u00f6n\u00fc\u015f\u00fcm ile neler yapabiliriz? Buna vurgu yapt\u0131k&#8221; dedi.<\/p>\n<p>&#8220;Bir arada olmak \u00e7ok g\u00fczel&#8221;<\/p>\n<p>Akdeniz \u00d6zel E\u011fitim Uygulama Merkezi ve \u0130\u015f Okulu&#8217;nda El Sanatlar\u0131 \u00d6\u011fretmeni olarak g\u00f6rev yapan Meliha Al, \u00f6\u011frencileriyle genel olarak seramik hamuruyla \u00e7al\u0131\u015fmalar yapt\u0131klar\u0131n\u0131 ifade ederek, &#8220;Onlarla biblolar olu\u015fturuyoruz, boyamalar\u0131n\u0131 yap\u0131yoruz. Folyo kabartma, bak\u0131r i\u015fleri yapt\u0131r\u0131yoruz. Bez \u00e7antalar \u00fczerine \u00e7al\u0131\u015ft\u0131k. \u00c7anta boyamalar yapt\u0131k. \u00dczerine \u00e7izimlerini ben yap\u0131yorum, onlar boyuyorlar&#8221; dedi. Stantlar\u0131 \u00e7ok g\u00fczel bulduklar\u0131n\u0131 da anlatan Al, &#8220;Bir arada olmam\u0131z zor oluyor. Bir arada olunca herkes birbirini tan\u0131d\u0131. \u00dcr\u00fcnler ger\u00e7ekten inan\u0131lmaz g\u00fczel. Hepsi ile tan\u0131\u015ft\u0131k, fikir al\u0131\u015fveri\u015finde bulunduk. \u00c7ok g\u00fczel bir kayna\u015fma oldu&#8221; diye konu\u015ftu.<\/p>\n<p>\u0130bni Sina \u00d6zel E\u011fitim Meslek Lisesi&#8217;nde 11. S\u0131n\u0131f \u00f6\u011frencisi Ahmet Burhan \u00d6z, &#8220;B\u00fct\u00fcn arkada\u015flar\u0131m\u0131zla beraber resimler ve bilgisayar \u00e7al\u0131\u015fmalar\u0131 yapt\u0131k. Ben arkada\u015flar\u0131mla beraber \u00e7ok mutluyum&#8221; dedi.<\/p>\n","protected":false},"excerpt":{"rendered":"<p>Mersin B\u00fcy\u00fck\u015fehir Belediyesi, &#8220;3 Aral\u0131k D\u00fcnya Engelliler G\u00fcn\u00fc&#8221; kapsam\u0131nda Yo\u011furt Pazar\u0131&#8217;nda &#8220;Engelsiz El Eme\u011fi Stantlar\u0131&#8221; a\u00e7t\u0131. &#8216;Engelleri \u00c7al\u0131\u015farak A\u015f\u0131yoruz&#8217; slogan\u0131yla hayata ge\u00e7irilen etkinlikler kapsam\u0131nda D\u00fcnya Engelliler G\u00fcn\u00fc&#8217;nde i\u015fitme, ortopedik ve &hellip; <a href=\"https:\/\/akdenizolaygazetesi.com\/?p=15493\" class=\"more-link\">Devam\u0131n\u0131 Oku&#8230;<\/a><\/p>\n","protected":false},"author":2,"featured_media":15494,"comment_status":"open","ping_status":"open","sticky":false,"template":"","format":"standard","meta":[],"categories":[2,3],"tags":[],"_links":{"self":[{"href":"https:\/\/akdenizolaygazetesi.com\/index.php?rest_route=\/wp\/v2\/posts\/15493"}],"collection":[{"href":"https:\/\/akdenizolaygazetesi.com\/index.php?rest_route=\/wp\/v2\/posts"}],"about":[{"href":"https:\/\/akdenizolaygazetesi.com\/index.php?rest_route=\/wp\/v2\/types\/post"}],"author":[{"embeddable":true,"href":"https:\/\/akdenizolaygazetesi.com\/index.php?rest_route=\/wp\/v2\/users\/2"}],"replies":[{"embeddable":true,"href":"https:\/\/akdenizolaygazetesi.com\/index.php?rest_route=%2Fwp%2Fv2%2Fcomments&post=15493"}],"version-history":[{"count":1,"href":"https:\/\/akdenizolaygazetesi.com\/index.php?rest_route=\/wp\/v2\/posts\/15493\/revisions"}],"predecessor-version":[{"id":15495,"href":"https:\/\/akdenizolaygazetesi.com\/index.php?rest_route=\/wp\/v2\/posts\/15493\/revisions\/15495"}],"wp:featuredmedia":[{"embeddable":true,"href":"https:\/\/akdenizolaygazetesi.com\/index.php?rest_route=\/wp\/v2\/media\/15494"}],"wp:attachment":[{"href":"https:\/\/akdenizolaygazetesi.com\/index.php?rest_route=%2Fwp%2Fv2%2Fmedia&parent=15493"}],"wp:term":[{"taxonomy":"category","embeddable":true,"href":"https:\/\/akdenizolaygazetesi.com\/index.php?rest_route=%2Fwp%2Fv2%2Fcategories&post=15493"},{"taxonomy":"post_tag","embeddable":true,"href":"https:\/\/akdenizolaygazetesi.com\/index.php?rest_route=%2Fwp%2Fv2%2Ftags&post=15493"}],"curies":[{"name":"wp","href":"https:\/\/api.w.org\/{rel}","templated":true}]}}