{"id":15496,"date":"2021-12-05T10:00:45","date_gmt":"2021-12-05T07:00:45","guid":{"rendered":"http:\/\/akdenizolaygazetesi.com\/?p=15496"},"modified":"2021-12-05T10:00:45","modified_gmt":"2021-12-05T07:00:45","slug":"doga-parkinin-yeni-sakinleri-midilli-ve-sirtlan-yavrulari-ilgi-goruyor","status":"publish","type":"post","link":"https:\/\/akdenizolaygazetesi.com\/?p=15496","title":{"rendered":"DO\u011eA PARKI&#8217;NIN YEN\u0130 SAK\u0130NLER\u0130 M\u0130D\u0130LL\u0130 VE SIRTLAN YAVRULARI \u0130LG\u0130 G\u00d6R\u00dcYOR"},"content":{"rendered":"<p>Mersin B\u00fcy\u00fck\u015fehir Belediyesi Tar\u0131msal ve Veteriner Hizmetleri Dairesi&#8217;ne ba\u011fl\u0131 Tarsus Do\u011fa Park\u0131&#8217;ndaki canlar, yeni do\u011fumlarla artmaya devam ediyor. Ekim ay\u0131nda ger\u00e7ekle\u015fen Pati Fest&#8217;te ilgi oda\u011f\u0131 olan ve Mersin B\u00fcy\u00fck\u015fehir Belediye Ba\u015fkan\u0131 Vahap Se\u00e7er&#8217;in ismini verdi\u011fi midilli yavrusu &#8220;Garip&#8221; h\u0131zla b\u00fcy\u00fcyor. Annesinin yan\u0131ndan ayr\u0131lmayan Garip, sempatik hareketleriyle b\u00fcy\u00fck ilgi g\u00f6r\u00fcyor. Sularla \u00e7evrili alan\u0131yla yemye\u015fil ortam\u0131nda i\u00e7erisinde onlarca t\u00fcr hayvan bar\u0131nd\u0131ran Tarsus Do\u011fa Park\u0131, her y\u0131l on binlerce ki\u015fiyi misafir ediyor.<\/p>\n<p>Limon ve Mavi&#8217;nin de sa\u011fl\u0131k durumlar\u0131 iyi<\/p>\n<p>Park\u0131n ilgi g\u00f6ren di\u011fer hayvan t\u00fcrleri aras\u0131nda yer alan s\u0131rtlarlar da iki yeni do\u011fumla h\u0131zla \u00e7o\u011fal\u0131yor. Park i\u00e7erisinde bulunan iki anne s\u0131rtlan A\u011fustos ay\u0131nda &#8220;Limon&#8221; ile &#8220;Mavi&#8221; ismi verilen birer yavru do\u011furdu. Ocak ay\u0131nda d\u00fcnyaya gelen fakat annesinin strese ba\u011fl\u0131 olarak kabul etmedi\u011fi ve bak\u0131c\u0131lar\u0131n koruma alt\u0131na alarak veteriner klini\u011finde bakt\u0131\u011f\u0131 &#8220;Seko&#8221; isimli s\u0131rtlan\u0131n annesi, yeni do\u011furdu\u011fu yavrusuna bu kez sahip \u00e7\u0131kt\u0131. Farkl\u0131 kafeste bulunan di\u011fer yavru ve annesinin sa\u011fl\u0131k durumunun da olduk\u00e7a iyi oldu\u011fu g\u00f6zlendi.<\/p>\n<p>Yavrular, veteriner hekimlerin g\u00f6zetiminde<\/p>\n<p>Tarsus Do\u011fa Park\u0131&#8217;nda g\u00f6rev yapan Veteriner Sa\u011fl\u0131k Teknikeri \u00dcmit G\u00fcng\u00f6r, yavrulara \u00e7ok iyi bak\u0131ld\u0131\u011f\u0131n\u0131 ifade ederek, &#8220;A\u011fustos ay\u0131nda d\u00fcnyaya gelen midilli yavrumuzun ismi, Mersin&#8217;deki Pati Fest etkinli\u011finde Say\u0131n Ba\u015fkan\u0131m\u0131z Vahap Se\u00e7er taraf\u0131ndan Garip olarak belirlendi. Garipimiz \u015fu an a\u011fabeyi ve annesiyle beraber \u00e7ok sa\u011fl\u0131kl\u0131 bir \u015fekilde b\u00fcy\u00fcyor. \u015eu an genel durumu \u00e7ok iyi&#8221; dedi.<\/p>\n<p>S\u0131rtlan yavrular\u0131n\u0131n da genel durumlar\u0131n\u0131n iyi oldu\u011funu belirten G\u00fcng\u00f6r, &#8220;\u015eu anda iki di\u015fi s\u0131rtlan\u0131m\u0131z Do\u011fa Park\u0131m\u0131zda mevcut. \u0130kisi de A\u011fustos ay\u0131nda birer yavru d\u00fcnyaya getirdi. 2021&#8217;in ba\u015f\u0131nda Ocak ay\u0131nda s\u0131rtlan\u0131m\u0131z\u0131n bir tanesi daha Seko isminde bir yavru d\u00fcnyaya getirmi\u015fti. \u00dc\u00e7 yavrumuzun da genel durumlar\u0131 \u00e7ok iyi&#8221; diye konu\u015ftu.<\/p>\n","protected":false},"excerpt":{"rendered":"<p>Mersin B\u00fcy\u00fck\u015fehir Belediyesi Tar\u0131msal ve Veteriner Hizmetleri Dairesi&#8217;ne ba\u011fl\u0131 Tarsus Do\u011fa Park\u0131&#8217;ndaki canlar, yeni do\u011fumlarla artmaya devam ediyor. Ekim ay\u0131nda ger\u00e7ekle\u015fen Pati Fest&#8217;te ilgi oda\u011f\u0131 olan ve Mersin B\u00fcy\u00fck\u015fehir Belediye &hellip; <a href=\"https:\/\/akdenizolaygazetesi.com\/?p=15496\" class=\"more-link\">Devam\u0131n\u0131 Oku&#8230;<\/a><\/p>\n","protected":false},"author":2,"featured_media":15497,"comment_status":"open","ping_status":"open","sticky":false,"template":"","format":"standard","meta":[],"categories":[2,3,5],"tags":[],"_links":{"self":[{"href":"https:\/\/akdenizolaygazetesi.com\/index.php?rest_route=\/wp\/v2\/posts\/15496"}],"collection":[{"href":"https:\/\/akdenizolaygazetesi.com\/index.php?rest_route=\/wp\/v2\/posts"}],"about":[{"href":"https:\/\/akdenizolaygazetesi.com\/index.php?rest_route=\/wp\/v2\/types\/post"}],"author":[{"embeddable":true,"href":"https:\/\/akdenizolaygazetesi.com\/index.php?rest_route=\/wp\/v2\/users\/2"}],"replies":[{"embeddable":true,"href":"https:\/\/akdenizolaygazetesi.com\/index.php?rest_route=%2Fwp%2Fv2%2Fcomments&post=15496"}],"version-history":[{"count":1,"href":"https:\/\/akdenizolaygazetesi.com\/index.php?rest_route=\/wp\/v2\/posts\/15496\/revisions"}],"predecessor-version":[{"id":15498,"href":"https:\/\/akdenizolaygazetesi.com\/index.php?rest_route=\/wp\/v2\/posts\/15496\/revisions\/15498"}],"wp:featuredmedia":[{"embeddable":true,"href":"https:\/\/akdenizolaygazetesi.com\/index.php?rest_route=\/wp\/v2\/media\/15497"}],"wp:attachment":[{"href":"https:\/\/akdenizolaygazetesi.com\/index.php?rest_route=%2Fwp%2Fv2%2Fmedia&parent=15496"}],"wp:term":[{"taxonomy":"category","embeddable":true,"href":"https:\/\/akdenizolaygazetesi.com\/index.php?rest_route=%2Fwp%2Fv2%2Fcategories&post=15496"},{"taxonomy":"post_tag","embeddable":true,"href":"https:\/\/akdenizolaygazetesi.com\/index.php?rest_route=%2Fwp%2Fv2%2Ftags&post=15496"}],"curies":[{"name":"wp","href":"https:\/\/api.w.org\/{rel}","templated":true}]}}