{"id":1550,"date":"2020-11-04T18:22:06","date_gmt":"2020-11-04T15:22:06","guid":{"rendered":"http:\/\/mersinekonomipolitikagazetesi.com\/?p=1550"},"modified":"2020-11-04T18:22:06","modified_gmt":"2020-11-04T15:22:06","slug":"mersinde-cocuk-isciligi-ile-mucadele","status":"publish","type":"post","link":"https:\/\/akdenizolaygazetesi.com\/?p=1550","title":{"rendered":"Mersin&#8217;de \u00e7ocuk i\u015f\u00e7ili\u011fi ile m\u00fccadele"},"content":{"rendered":"<p>Ba\u015fbakanl\u0131k genelgesiyle 2018 y\u0131l\u0131n\u0131n T\u00fcrkiye&#8217;de \u00e7ocuk i\u015f\u00e7ili\u011fi ile m\u00fccadele y\u0131l\u0131 olarak ilan edilmesinin ard\u0131ndan \u00c7ocuk \u0130\u015f\u00e7ili\u011fi ile M\u00fccadele Koordinasyon Kurulu ilk toplant\u0131s\u0131n\u0131 Aile ve Sosyal Politikalar \u0130l M\u00fcd\u00fcr Yard\u0131mc\u0131s\u0131 Bahad\u0131r Sar\u0131 ba\u015fkanl\u0131\u011f\u0131nda yapt\u0131.<\/p>\n<p><span style=\"font-size:16px;\"><span style=\"font-family: sans-serif; line-height: 20px; text-align: justify; background-color: rgb(242, 244, 245);\">Toplant\u0131da Aile ve Sosyal Politikalar \u0130l M\u00fcd\u00fcrl\u00fc\u011f\u00fc b\u00fcnyesinde faaliyet g\u00f6steren \u00c7ocuk Haklar\u0131 Komitesi arac\u0131l\u0131\u011f\u0131yla il genelinde \u00e7ocuk i\u015f\u00e7ili\u011fi ile etkin \u015fekilde m\u00fccadele edilmesi i\u00e7in yap\u0131lmas\u0131 gereken \u00e7al\u0131\u015fmalar de\u011ferlendirildi. Toplant\u0131da konu\u015fan Bahad\u0131r Sar\u0131, \u00e7ocuk i\u015f\u00e7ili\u011fi ile m\u00fccadele konusunda en ba\u015far\u0131l\u0131 ve kararl\u0131 ilin Mersin olmas\u0131ndan dolay\u0131 mutlu olduklar\u0131n\u0131 s\u00f6yledi. Sar\u0131, Mersin gibi t\u00fcm illerde de \u00e7ocuk i\u015f\u00e7ili\u011fi ile \u00e7ok etkin bir \u015fekilde m\u00fccadele edilmesi gerekti\u011fini belirtti.\u00a0<\/span><br style=\"box-sizing: border-box; font-family: sans-serif; font-size: 14px; line-height: 20px; text-align: justify; background-color: rgb(242, 244, 245);\" \/><br \/>\n<span style=\"font-family: sans-serif; line-height: 20px; text-align: justify; background-color: rgb(242, 244, 245);\">\u0130l \u00c7ocuk Haklar\u0131 Koordinat\u00f6r\u00fc Mustafa Sar\u0131 ise Mersin&#8217;de \u00e7ocuk haklar\u0131 a\u00e7\u0131s\u0131ndan en \u00f6nemli sorunun sokakta \u00e7\u00f6p toplayan \u00e7ocuklar\u0131 oldu\u011funu kaydederek, &#8220;\u00c7ocu\u011fun yabanc\u0131 uyruklu yada T\u00fcrk vatanda\u015f\u0131 olmas\u0131 fark etmez \u00e7ocuk \u00e7ocuktur. T\u00fcm \u00e7ocuklar\u0131m\u0131z\u0131 kucaklayarak \u00e7ocuklar\u0131m\u0131z\u0131 sokakta de\u011fil e\u011fitimde, okulda, \u00e7ocuk park\u0131nda g\u00f6rmeyi arzulamaktay\u0131z. Bunun i\u00e7in ba\u015fta ailelerimiz olmak \u00fczere herkese g\u00f6rev d\u00fc\u015fmektedir. Mersin&#8217;de \u00e7ocuk koruma mobil ekibimiz \u00e7al\u0131\u015fmalar\u0131n\u0131 s\u00fcrd\u00fcr\u00fcyor&#8221; diye konu\u015ftu.\u00a0<\/span><br style=\"box-sizing: border-box; font-family: sans-serif; font-size: 14px; line-height: 20px; text-align: justify; background-color: rgb(242, 244, 245);\" \/><br \/>\n<span style=\"font-family: sans-serif; line-height: 20px; text-align: justify; background-color: rgb(242, 244, 245);\">Konu\u015fmalar\u0131n ard\u0131ndan Mersin \u00c7ocuk Haklar\u0131 Komitesi Ba\u015fkan\u0131 Okan Y\u0131lmaz taraf\u0131ndan \u00e7ocuk i\u015f\u00e7ili\u011fiyle m\u00fccadelede yap\u0131lan \u00e7al\u0131\u015fmalar slayt e\u015fli\u011finde anlat\u0131ld\u0131.\u00a0<\/span><\/span><\/p>\n","protected":false},"excerpt":{"rendered":"<p>Ba\u015fbakanl\u0131k genelgesiyle 2018 y\u0131l\u0131n\u0131n T\u00fcrkiye&#8217;de \u00e7ocuk i\u015f\u00e7ili\u011fi ile m\u00fccadele y\u0131l\u0131 olarak ilan edilmesinin ard\u0131ndan \u00c7ocuk \u0130\u015f\u00e7ili\u011fi ile M\u00fccadele Koordinasyon Kurulu ilk toplant\u0131s\u0131n\u0131 Aile ve Sosyal Politikalar \u0130l M\u00fcd\u00fcr Yard\u0131mc\u0131s\u0131 Bahad\u0131r &hellip; <a href=\"https:\/\/akdenizolaygazetesi.com\/?p=1550\" class=\"more-link\">Devam\u0131n\u0131 Oku&#8230;<\/a><\/p>\n","protected":false},"author":1,"featured_media":0,"comment_status":"open","ping_status":"open","sticky":false,"template":"","format":"standard","meta":[],"categories":[],"tags":[],"_links":{"self":[{"href":"https:\/\/akdenizolaygazetesi.com\/index.php?rest_route=\/wp\/v2\/posts\/1550"}],"collection":[{"href":"https:\/\/akdenizolaygazetesi.com\/index.php?rest_route=\/wp\/v2\/posts"}],"about":[{"href":"https:\/\/akdenizolaygazetesi.com\/index.php?rest_route=\/wp\/v2\/types\/post"}],"author":[{"embeddable":true,"href":"https:\/\/akdenizolaygazetesi.com\/index.php?rest_route=\/wp\/v2\/users\/1"}],"replies":[{"embeddable":true,"href":"https:\/\/akdenizolaygazetesi.com\/index.php?rest_route=%2Fwp%2Fv2%2Fcomments&post=1550"}],"version-history":[{"count":0,"href":"https:\/\/akdenizolaygazetesi.com\/index.php?rest_route=\/wp\/v2\/posts\/1550\/revisions"}],"wp:attachment":[{"href":"https:\/\/akdenizolaygazetesi.com\/index.php?rest_route=%2Fwp%2Fv2%2Fmedia&parent=1550"}],"wp:term":[{"taxonomy":"category","embeddable":true,"href":"https:\/\/akdenizolaygazetesi.com\/index.php?rest_route=%2Fwp%2Fv2%2Fcategories&post=1550"},{"taxonomy":"post_tag","embeddable":true,"href":"https:\/\/akdenizolaygazetesi.com\/index.php?rest_route=%2Fwp%2Fv2%2Ftags&post=1550"}],"curies":[{"name":"wp","href":"https:\/\/api.w.org\/{rel}","templated":true}]}}