{"id":15505,"date":"2021-12-06T12:15:29","date_gmt":"2021-12-06T09:15:29","guid":{"rendered":"http:\/\/akdenizolaygazetesi.com\/?p=15505"},"modified":"2021-12-06T12:15:29","modified_gmt":"2021-12-06T09:15:29","slug":"mesleki-egitim-atolyelerine-basvurular-basladi","status":"publish","type":"post","link":"https:\/\/akdenizolaygazetesi.com\/?p=15505","title":{"rendered":"MESLEK\u0130 E\u011e\u0130T\u0130M AT\u00d6LYELER\u0130\u2019NE BA\u015eVURULAR BA\u015eLADI"},"content":{"rendered":"<p>Sanayi ve Teknoloji Bakanl\u0131\u011f\u0131 taraf\u0131ndan, 2020 y\u0131l\u0131 Sosyal Geli\u015fmeyi Destekleme Program\u0131 kapsam\u0131nda finanse edilen ve Akdeniz Belediyesi taraf\u0131ndan y\u00fcr\u00fct\u00fclen \u201cMesleki E\u011fitim At\u00f6lyeleri\u201d ba\u015fl\u0131yor.<br \/>\nAkdeniz Belediyesi; gen\u00e7lere meslek kazand\u0131r\u0131lmas\u0131 ve istihdama kazand\u0131r\u0131lmas\u0131na y\u00f6nelik bir projeyi daha hayata ge\u00e7iriyor. Y\u00fczde 20 istihdam garantili kurslar kapsam\u0131nda, \u201cAutocad 3DS MAX, Grafik Tasar\u0131m, Foto\u011fraf\u00e7\u0131l\u0131k, \u00d6n Muhasebe, Halkla \u0130li\u015fkiler ve M\u00fc\u015fteri Hizmetleri\u201d alanlar\u0131nda e\u011fitimler verilecek. \u201cYetkin Belgeli \u0130\u015f G\u00fcc\u00fc, Akdeniz\u2019in Dinamik G\u00fcc\u00fc\u201d hedefi ile Mersin \u00dcniversitesi Eski T\u0131p Fak\u00fcltesi Acil binas\u0131nda verilecek e\u011fitimlere son ba\u015fvuru tarihi 10 Aral\u0131k 2021 saat 17:00.<br \/>\nKurslara ba\u015fvuru ko\u015fullar\u0131 ve \u00f6ncelikler<br \/>\nE\u011fitimlere kat\u0131lmak isteyen gen\u00e7ler, www.akdeniz.bel.tr adresi \u00fczerinden de ba\u015fvuru yapabilecek. Kurslara kat\u0131l\u0131mda genel \u015fartlar; \u201c18-29 ya\u015f aral\u0131\u011f\u0131nda olmak, (ba\u015fvuruda bulundu\u011fu tarih itibari ile); En az lise mezunu olmak; \u00d6\u011frenci olmamak (A\u00e7\u0131k \u00f6\u011fretim hari\u00e7); \u00c7al\u0131\u015fm\u0131yor olmak. Kontenjan\u0131n 5\u2019i bedensel engeli (ortopedik engelli) gen\u00e7 kursiyerlere ayr\u0131lacak. Akdeniz il\u00e7esi s\u0131n\u0131rlar\u0131nda ya\u015fayanlar, Covid19 tedbirleri gere\u011fince en az 2 doz a\u015f\u0131 yapt\u0131ranlar ile \u00f6n ba\u015fvurularda kursiyer kriterlerinin e\u015fitli\u011fi durumunda ya\u015f\u0131 daha gen\u00e7 olanlar \u00f6ncelikli olacak.<br \/>\nSanayi ve Teknoloji Bakanl\u0131\u011f\u0131 Sosyal Geli\u015fmeyi Destekleme Program\u0131 kapsam\u0131nda finanse edilen ve Akdeniz Belediyesi K\u00fclt\u00fcr ve Sosyal \u0130\u015fler M\u00fcd\u00fcrl\u00fc\u011f\u00fc\u2019nce y\u00fcr\u00fct\u00fclen e\u011fitimler; \u00c7ukurova Kalk\u0131nma Ajans\u0131, Mersin \u00dcniversitesi, \u0130\u015eKUR ve Akdeniz \u0130l\u00e7e Milli E\u011fitim M\u00fcd\u00fcrl\u00fc\u011f\u00fc i\u015fbirli\u011finde ger\u00e7ekle\u015ftirilecek. Bilgi almak i\u00e7in ileti\u015fim numaralar\u0131; (05527690801) ve (05527690805). E\u011fitimlerin i\u00e7eri\u011fi ve ba\u015fvuru ko\u015fullar\u0131 hakk\u0131nda a\u015fa\u011f\u0131daki link \u00fczerinden ayr\u0131nt\u0131l\u0131 bilgi al\u0131nabilir:  <\/p>\n","protected":false},"excerpt":{"rendered":"<p>Sanayi ve Teknoloji Bakanl\u0131\u011f\u0131 taraf\u0131ndan, 2020 y\u0131l\u0131 Sosyal Geli\u015fmeyi Destekleme Program\u0131 kapsam\u0131nda finanse edilen ve Akdeniz Belediyesi taraf\u0131ndan y\u00fcr\u00fct\u00fclen \u201cMesleki E\u011fitim At\u00f6lyeleri\u201d ba\u015fl\u0131yor. Akdeniz Belediyesi; gen\u00e7lere meslek kazand\u0131r\u0131lmas\u0131 ve istihdama &hellip; <a href=\"https:\/\/akdenizolaygazetesi.com\/?p=15505\" class=\"more-link\">Devam\u0131n\u0131 Oku&#8230;<\/a><\/p>\n","protected":false},"author":2,"featured_media":15506,"comment_status":"open","ping_status":"open","sticky":false,"template":"","format":"standard","meta":[],"categories":[3,5],"tags":[],"_links":{"self":[{"href":"https:\/\/akdenizolaygazetesi.com\/index.php?rest_route=\/wp\/v2\/posts\/15505"}],"collection":[{"href":"https:\/\/akdenizolaygazetesi.com\/index.php?rest_route=\/wp\/v2\/posts"}],"about":[{"href":"https:\/\/akdenizolaygazetesi.com\/index.php?rest_route=\/wp\/v2\/types\/post"}],"author":[{"embeddable":true,"href":"https:\/\/akdenizolaygazetesi.com\/index.php?rest_route=\/wp\/v2\/users\/2"}],"replies":[{"embeddable":true,"href":"https:\/\/akdenizolaygazetesi.com\/index.php?rest_route=%2Fwp%2Fv2%2Fcomments&post=15505"}],"version-history":[{"count":1,"href":"https:\/\/akdenizolaygazetesi.com\/index.php?rest_route=\/wp\/v2\/posts\/15505\/revisions"}],"predecessor-version":[{"id":15507,"href":"https:\/\/akdenizolaygazetesi.com\/index.php?rest_route=\/wp\/v2\/posts\/15505\/revisions\/15507"}],"wp:featuredmedia":[{"embeddable":true,"href":"https:\/\/akdenizolaygazetesi.com\/index.php?rest_route=\/wp\/v2\/media\/15506"}],"wp:attachment":[{"href":"https:\/\/akdenizolaygazetesi.com\/index.php?rest_route=%2Fwp%2Fv2%2Fmedia&parent=15505"}],"wp:term":[{"taxonomy":"category","embeddable":true,"href":"https:\/\/akdenizolaygazetesi.com\/index.php?rest_route=%2Fwp%2Fv2%2Fcategories&post=15505"},{"taxonomy":"post_tag","embeddable":true,"href":"https:\/\/akdenizolaygazetesi.com\/index.php?rest_route=%2Fwp%2Fv2%2Ftags&post=15505"}],"curies":[{"name":"wp","href":"https:\/\/api.w.org\/{rel}","templated":true}]}}