{"id":1551,"date":"2020-11-04T18:22:06","date_gmt":"2020-11-04T15:22:06","guid":{"rendered":"http:\/\/mersinekonomipolitikagazetesi.com\/?p=1551"},"modified":"2020-11-04T18:22:06","modified_gmt":"2020-11-04T15:22:06","slug":"tarsusta-kitap-kafe-acildi","status":"publish","type":"post","link":"https:\/\/akdenizolaygazetesi.com\/?p=1551","title":{"rendered":"Tarsus&#8217;ta Kitap Kafe a\u00e7\u0131ld\u0131"},"content":{"rendered":"<p>Mersin\u2019in Tarsus il\u00e7esinde, An\u0131t Mahallesi Nutuk Park\u0131 i\u00e7erisinde yapt\u0131r\u0131lan Kitap Kafe hizmete a\u00e7\u0131ld\u0131.<\/p>\n<p><span style=\"font-size:16px;\"><span style=\"font-family: sans-serif; line-height: 20px; text-align: justify; background-color: rgb(242, 244, 245);\">Tarsus Belediye Ba\u015fkan\u0131 \u015eevket Can, Kitap Kafe\u2019yi hayata ge\u00e7irmelerindeki as\u0131l nedenin yo\u011fun talep ve istekler do\u011frultusunda oldu\u011funu belirterek, Kitap Kafe\u2019nin say\u0131s\u0131n\u0131 artt\u0131rmay\u0131 planlad\u0131klar\u0131n\u0131 s\u00f6yledi.\u00a0<\/span><br style=\"box-sizing: border-box; font-family: sans-serif; font-size: 14px; line-height: 20px; text-align: justify; background-color: rgb(242, 244, 245);\" \/><br \/>\n<span style=\"font-family: sans-serif; line-height: 20px; text-align: justify; background-color: rgb(242, 244, 245);\">Ama\u00e7lar\u0131n\u0131n okuma al\u0131\u015fkanl\u0131\u011f\u0131n\u0131 artt\u0131rmak oldu\u011funu belirten Ba\u015fkan Can, &#8220;Sunay Atilla \u00dcstge\u00e7idi alt\u0131nda bulunan okuma salonu \u015fu anda ger\u00e7ekten gen\u00e7lerimizin a\u015f\u0131r\u0131 talep etmesi, hatta orada belli bir saat bekleyerek ondan sonra okuma salonuna girmesi nedeniyle Kitap Kafe\u2019nin a\u00e7\u0131l\u0131\u015f\u0131n\u0131 ger\u00e7ekle\u015ftiriyoruz. \u015eehrimizde kitap kafe ve okuma salonlar\u0131n\u0131n say\u0131s\u0131n\u0131 artt\u0131raca\u011f\u0131z. Kitap Kafe&#8217;yi a\u00e7mam\u0131zdaki gayemiz gen\u00e7lerimiz, ya\u015fl\u0131lar\u0131m\u0131z emeklilerimiz gelip \u00fccretsiz bir \u015fekilde kitap, dergi ve gazete okuyabilsinler.Kitap kafe de g\u00fcnl\u00fck yerel ve ulusal gazeteler de bulunacak. Ayr\u0131ca okullar\u0131m\u0131zda okuma etkinlikleri kapsam\u0131nda \u00f6\u011fretmenlerimiz ve \u00f6\u011frencilerimiz burada etkinlik d\u00fczenleyebilecek. Gen\u00e7lerimiz hafta sonlar\u0131 canl\u0131 m\u00fczik etkinli\u011fi yapabilecekler. \u0130mza ve s\u00f6yle\u015fi g\u00fcnleri d\u00fczenlenebilecek. Yazarlar kitap tan\u0131t\u0131m programlar\u0131 d\u00fczenleyebilecek. Dernekler k\u00fclt\u00fcrel ve sanatsal faaliyetleri yapabilecekler. \u015eehrimizin yeni bir k\u00fclt\u00fcr k\u00f6\u015fesi olacak in\u015fallah. Kitap Kafe \u015fehrimize ve vatanda\u015flar\u0131m\u0131za \u015fimdiden hay\u0131rl\u0131 ve u\u011furlu olsun. B\u00fct\u00fcn gen\u00e7lerimizi b\u00fct\u00fcn b\u00fcy\u00fcklerimizi b\u00fct\u00fcn emeklilerimizi kitap kafe ye davet ediyoruz. \u00c7aylar \u00fccretsizdir haberiniz olsun\u2019\u2019 ifadesini kulland\u0131.\u00a0<\/span><br style=\"box-sizing: border-box; font-family: sans-serif; font-size: 14px; line-height: 20px; text-align: justify; background-color: rgb(242, 244, 245);\" \/><br \/>\n<span style=\"font-family: sans-serif; line-height: 20px; text-align: justify; background-color: rgb(242, 244, 245);\">Tarsus Kaymakam\u0131 Y\u00fcksel \u00dcnal ise, yap\u0131lan hizmet i\u00e7in Tarsus Belediye Ba\u015fkan\u0131 \u015eevket Can\u2019a te\u015fekk\u00fcr etti.\u00a0<\/span><br style=\"box-sizing: border-box; font-family: sans-serif; font-size: 14px; line-height: 20px; text-align: justify; background-color: rgb(242, 244, 245);\" \/><br \/>\n<span style=\"font-family: sans-serif; line-height: 20px; text-align: justify; background-color: rgb(242, 244, 245);\">Mersin B\u00fcy\u00fck\u015fehir Belediye Ba\u015fkan\u0131 Burhanettin Kocamaz&#8217;da, kentte ya\u015fayan insanlar\u0131n mahalli, m\u00fc\u015fterek ihtiya\u00e7lar\u0131n\u0131 \u00e7\u00f6zerken, di\u011fer taraftan da \u015fehrin k\u00fclt\u00fcr de\u011ferlerine sahip \u00e7\u0131k\u0131p, insanlar\u0131 bilin\u00e7lendirmek ve bilgilendirmek gerekti\u011fini s\u00f6yledi.\u00a0<\/span><br style=\"box-sizing: border-box; font-family: sans-serif; font-size: 14px; line-height: 20px; text-align: justify; background-color: rgb(242, 244, 245);\" \/><br \/>\n<span style=\"font-family: sans-serif; line-height: 20px; text-align: justify; background-color: rgb(242, 244, 245);\">Ba\u015fkan Kocamaz, \u201cBu hizmetler \u00f6zellikle gen\u00e7lerimiz i\u00e7in yap\u0131lan hizmetler tabi ki bundan bu kentin tecr\u00fcbeli insanlar\u0131 da faydalanacak onlarda gelip burada birbirleriyle dostluklar\u0131n\u0131 geli\u015ftirecekler, peki\u015ftirecekler ve memleket meselelerini tart\u0131\u015facaklar. Kitaplar\u0131n\u0131 gazetelerini okuyacaklar ve bu kentte bir ruhun olu\u015fmas\u0131na katk\u0131da bulunacaklar. Ben belediye ba\u015fkan\u0131m\u0131za te\u015fekk\u00fcr ediyorum. Bu t\u00fcr hizmetler ger\u00e7ekten hay\u0131rl\u0131 hizmetler. Ba\u015fta \u00e7ocuklar\u0131m\u0131za gen\u00e7lerimize ve zaman\u0131 \u00e7ok olan emeklilerimize olmak \u00fczere b\u00fct\u00fcn hem\u015ferilerimize hay\u0131rl\u0131 u\u011furlu olmas\u0131n\u0131 temenni ediyorum\u2019\u2019 dedi.\u00a0<\/span><br style=\"box-sizing: border-box; font-family: sans-serif; font-size: 14px; line-height: 20px; text-align: justify; background-color: rgb(242, 244, 245);\" \/><br \/>\n<span style=\"font-family: sans-serif; line-height: 20px; text-align: justify; background-color: rgb(242, 244, 245);\">Ara\u015ft\u0131rmac\u0131, Halk Bilimcisi, Yazar Dr. Halil At\u0131lgan ise, \u201cBu topraklarda yeti\u015fen biri olarak bug\u00fcn \u00e7ok mutluyum. G\u00fcney\u2019den ba\u015flayarak Toroslar\u0131 tek tek dola\u015f\u0131p 32 kitapla bu \u00fclkenin k\u00fclt\u00fcr\u00fcne hizmet ettim. Bug\u00fcn bir kap\u0131ya ad\u0131m\u0131 verilerek, \u00f6yle bir mutlu oldum ki, baz\u0131 \u015feyler ifade edilmez, anlat\u0131lmaz ancak bo\u011fazda d\u00fc\u011f\u00fcmlenen ya\u015flar onu ifade etmeye kafidir. Eme\u011fi ge\u00e7en herkese te\u015fekk\u00fcr ediyorum\u201d \u015feklinde konu\u015ftu.\u00a0<\/span><br style=\"box-sizing: border-box; font-family: sans-serif; font-size: 14px; line-height: 20px; text-align: justify; background-color: rgb(242, 244, 245);\" \/><br \/>\n<span style=\"font-family: sans-serif; line-height: 20px; text-align: justify; background-color: rgb(242, 244, 245);\">Konu\u015fmalar\u0131n ard\u0131ndan Kafe\u2019nin a\u00e7\u0131l\u0131\u015f\u0131 ger\u00e7ekle\u015ftirildi.\u00a0<\/span><br style=\"box-sizing: border-box; font-family: sans-serif; font-size: 14px; line-height: 20px; text-align: justify; background-color: rgb(242, 244, 245);\" \/><br \/>\n<span style=\"font-family: sans-serif; line-height: 20px; text-align: justify; background-color: rgb(242, 244, 245);\">Kitap Kafe\u2019de yakla\u015f\u0131k 5 bin kitap bulunurken, g\u00fcnl\u00fck olarak yerel ve ulusal gazetelerin yan\u0131s\u0131ra dergiler de bulunuyor.\u00a0<\/span><\/span><\/p>\n","protected":false},"excerpt":{"rendered":"<p>Mersin\u2019in Tarsus il\u00e7esinde, An\u0131t Mahallesi Nutuk Park\u0131 i\u00e7erisinde yapt\u0131r\u0131lan Kitap Kafe hizmete a\u00e7\u0131ld\u0131. Tarsus Belediye Ba\u015fkan\u0131 \u015eevket Can, Kitap Kafe\u2019yi hayata ge\u00e7irmelerindeki as\u0131l nedenin yo\u011fun talep ve istekler do\u011frultusunda oldu\u011funu &hellip; <a href=\"https:\/\/akdenizolaygazetesi.com\/?p=1551\" class=\"more-link\">Devam\u0131n\u0131 Oku&#8230;<\/a><\/p>\n","protected":false},"author":1,"featured_media":0,"comment_status":"open","ping_status":"open","sticky":false,"template":"","format":"standard","meta":[],"categories":[],"tags":[],"_links":{"self":[{"href":"https:\/\/akdenizolaygazetesi.com\/index.php?rest_route=\/wp\/v2\/posts\/1551"}],"collection":[{"href":"https:\/\/akdenizolaygazetesi.com\/index.php?rest_route=\/wp\/v2\/posts"}],"about":[{"href":"https:\/\/akdenizolaygazetesi.com\/index.php?rest_route=\/wp\/v2\/types\/post"}],"author":[{"embeddable":true,"href":"https:\/\/akdenizolaygazetesi.com\/index.php?rest_route=\/wp\/v2\/users\/1"}],"replies":[{"embeddable":true,"href":"https:\/\/akdenizolaygazetesi.com\/index.php?rest_route=%2Fwp%2Fv2%2Fcomments&post=1551"}],"version-history":[{"count":0,"href":"https:\/\/akdenizolaygazetesi.com\/index.php?rest_route=\/wp\/v2\/posts\/1551\/revisions"}],"wp:attachment":[{"href":"https:\/\/akdenizolaygazetesi.com\/index.php?rest_route=%2Fwp%2Fv2%2Fmedia&parent=1551"}],"wp:term":[{"taxonomy":"category","embeddable":true,"href":"https:\/\/akdenizolaygazetesi.com\/index.php?rest_route=%2Fwp%2Fv2%2Fcategories&post=1551"},{"taxonomy":"post_tag","embeddable":true,"href":"https:\/\/akdenizolaygazetesi.com\/index.php?rest_route=%2Fwp%2Fv2%2Ftags&post=1551"}],"curies":[{"name":"wp","href":"https:\/\/api.w.org\/{rel}","templated":true}]}}