{"id":1552,"date":"2020-11-04T18:22:06","date_gmt":"2020-11-04T15:22:06","guid":{"rendered":"http:\/\/mersinekonomipolitikagazetesi.com\/?p=1552"},"modified":"2020-11-04T18:22:06","modified_gmt":"2020-11-04T15:22:06","slug":"ogrencilerden-afrindeki-mehmetcige-anlamli-destek","status":"publish","type":"post","link":"https:\/\/akdenizolaygazetesi.com\/?p=1552","title":{"rendered":"\u00d6\u011frencilerden Afrin&#8217;deki Mehmet\u00e7i\u011fe anlaml\u0131 destek"},"content":{"rendered":"<p>Mersin&#8217;in Erdemli il\u00e7esinde bir okuldaki 4 k\u0131z \u00f6\u011frenci \u00f6rnek bir davran\u0131\u015fa imza atarak, Afrin&#8217;deki g\u00fcvenlik g\u00fc\u00e7lerine destek olmak amac\u0131yla kampanya ba\u015flatt\u0131.<\/p>\n<p><span style=\"font-size:16px;\"><span style=\"font-family: sans-serif; line-height: 20px; text-align: justify; background-color: rgb(242, 244, 245);\">Kampanya kapsam\u0131nda Aslanl\u0131 Ortaokulu \u00f6\u011frencileri har\u00e7l\u0131klar\u0131ndan toplad\u0131klar\u0131 801 liray\u0131 \u015fehit ailelerine ula\u015ft\u0131r\u0131lmak \u00fczere TSK G\u00fc\u00e7lendirme Vakf\u0131na yat\u0131r\u0131lmas\u0131 i\u00e7in okul m\u00fcd\u00fcr\u00fcne teslim etti. \u00d6\u011frenciler bununla da kalmay\u0131p okul bah\u00e7esinde mehter mar\u015f\u0131 e\u015fli\u011finde &#8216;Afrin&#8217; yaz\u0131p T\u00fcrk bayra\u011f\u0131 a\u00e7arak, T\u00fcrk Silahl\u0131 Kuvvetlerinin ger\u00e7ekle\u015ftirdi\u011fi Zeytin Dal\u0131 Harekat\u0131\u2019na destek verdi.\u00a0<\/span><br style=\"box-sizing: border-box; font-family: sans-serif; font-size: 14px; line-height: 20px; text-align: justify; background-color: rgb(242, 244, 245);\" \/><br \/>\n<span style=\"font-family: sans-serif; line-height: 20px; text-align: justify; background-color: rgb(242, 244, 245);\">Bu anlaml\u0131 koreografiyi de amat\u00f6r kamerayla \u00e7eken \u00f6\u011frenciler, toplad\u0131klar\u0131 yard\u0131m\u0131n dekontunu Erdemli \u0130l\u00e7e Jandarma Komutanl\u0131\u011f\u0131 yetkililerine teslim etti.\u00a0<\/span><br style=\"box-sizing: border-box; font-family: sans-serif; font-size: 14px; line-height: 20px; text-align: justify; background-color: rgb(242, 244, 245);\" \/><br \/>\n<span style=\"font-family: sans-serif; line-height: 20px; text-align: justify; background-color: rgb(242, 244, 245);\">G\u00f6revli askerler ise bu anlaml\u0131 kampanya ve etkinlik i\u00e7in \u00f6\u011frencilere te\u015fekk\u00fcr ederek, T\u00fcrk bayra\u011f\u0131 arma\u011fan etti.\u00a0<\/span><\/span><\/p>\n","protected":false},"excerpt":{"rendered":"<p>Mersin&#8217;in Erdemli il\u00e7esinde bir okuldaki 4 k\u0131z \u00f6\u011frenci \u00f6rnek bir davran\u0131\u015fa imza atarak, Afrin&#8217;deki g\u00fcvenlik g\u00fc\u00e7lerine destek olmak amac\u0131yla kampanya ba\u015flatt\u0131. Kampanya kapsam\u0131nda Aslanl\u0131 Ortaokulu \u00f6\u011frencileri har\u00e7l\u0131klar\u0131ndan toplad\u0131klar\u0131 801 liray\u0131 &hellip; <a href=\"https:\/\/akdenizolaygazetesi.com\/?p=1552\" class=\"more-link\">Devam\u0131n\u0131 Oku&#8230;<\/a><\/p>\n","protected":false},"author":1,"featured_media":0,"comment_status":"open","ping_status":"open","sticky":false,"template":"","format":"standard","meta":[],"categories":[],"tags":[],"_links":{"self":[{"href":"https:\/\/akdenizolaygazetesi.com\/index.php?rest_route=\/wp\/v2\/posts\/1552"}],"collection":[{"href":"https:\/\/akdenizolaygazetesi.com\/index.php?rest_route=\/wp\/v2\/posts"}],"about":[{"href":"https:\/\/akdenizolaygazetesi.com\/index.php?rest_route=\/wp\/v2\/types\/post"}],"author":[{"embeddable":true,"href":"https:\/\/akdenizolaygazetesi.com\/index.php?rest_route=\/wp\/v2\/users\/1"}],"replies":[{"embeddable":true,"href":"https:\/\/akdenizolaygazetesi.com\/index.php?rest_route=%2Fwp%2Fv2%2Fcomments&post=1552"}],"version-history":[{"count":0,"href":"https:\/\/akdenizolaygazetesi.com\/index.php?rest_route=\/wp\/v2\/posts\/1552\/revisions"}],"wp:attachment":[{"href":"https:\/\/akdenizolaygazetesi.com\/index.php?rest_route=%2Fwp%2Fv2%2Fmedia&parent=1552"}],"wp:term":[{"taxonomy":"category","embeddable":true,"href":"https:\/\/akdenizolaygazetesi.com\/index.php?rest_route=%2Fwp%2Fv2%2Fcategories&post=1552"},{"taxonomy":"post_tag","embeddable":true,"href":"https:\/\/akdenizolaygazetesi.com\/index.php?rest_route=%2Fwp%2Fv2%2Ftags&post=1552"}],"curies":[{"name":"wp","href":"https:\/\/api.w.org\/{rel}","templated":true}]}}