{"id":15529,"date":"2021-12-07T11:27:33","date_gmt":"2021-12-07T08:27:33","guid":{"rendered":"http:\/\/akdenizolaygazetesi.com\/?p=15529"},"modified":"2021-12-07T11:27:33","modified_gmt":"2021-12-07T08:27:33","slug":"secer-benim-icin-muhtar-memleket-vazifesini-yapan-bir-kamu-gorevlisidir","status":"publish","type":"post","link":"https:\/\/akdenizolaygazetesi.com\/?p=15529","title":{"rendered":"SE\u00c7ER: &#8220;BEN\u0130M \u0130\u00c7\u0130N MUHTAR, MEMLEKET VAZ\u0130FES\u0130N\u0130 YAPAN B\u0130R KAMU G\u00d6REVL\u0130S\u0130D\u0130R&#8221;"},"content":{"rendered":"<p>Mersin B\u00fcy\u00fck\u015fehir Belediye Ba\u015fkan\u0131 Vahap Se\u00e7er, Silifke il\u00e7esine yapt\u0131\u011f\u0131 ziyarette esnaf\u0131 gezerek &#8220;hay\u0131rl\u0131 i\u015fler&#8221; dile\u011finde bulundu. Esnaf gezisinin ard\u0131ndan Ba\u015fkan Se\u00e7er, Silifke Muhtarlar Derne\u011fi taraf\u0131ndan d\u00fczenlenen kayna\u015fma etkinli\u011finde muhtarlar ve e\u015fleri ile bir araya geldi. Ba\u015fkan Se\u00e7er, &#8220;Benim i\u00e7in muhtar, memleket vazifesini yapan bir kamu g\u00f6revlisidir. Onun oyunun rengi, kime oy verdi\u011fi benim i\u00e7in \u00f6nemli de\u011fildir&#8221; diye konu\u015ftu.<br \/>\n&#8220;\u00dclkemizi \u00e7ok seviyoruz&#8221;<br \/>\nEsnaf gezisinde vatanda\u015flar\u0131n ilgisiyle kar\u015f\u0131lanan Ba\u015fkan Se\u00e7er, ziyaret boyunca esnafla sohbet etti. Ba\u015fkan Se\u00e7er&#8217;in esnaf gezisine CHP Silifke \u0130l\u00e7e Ba\u015fkan\u0131 B\u00fcnyamin U\u00e7ar ile \u0130Y\u0130 Parti Silifke \u0130l\u00e7e Ba\u015fkan\u0131 Medine G\u00fcrb\u00fcz \u0130slim de e\u015flik etti. Esnaf ziyaretinin ard\u0131ndan Ba\u015fkan Se\u00e7er, Silifke Muhtarlar Derne\u011fi&#8217;nin d\u00fczenledi\u011fi etkinli\u011fe kat\u0131ld\u0131. Etkinlikte; Ba\u015fkan Se\u00e7er&#8217;in yan\u0131 s\u0131ra Silifke Belediye Ba\u015fkan\u0131 Sad\u0131k Altunok, Silifke Kaymakam\u0131 Abdullah Aslaner, CHP Silifke \u0130l\u00e7e Ba\u015fkan\u0131 B\u00fcnyamin U\u00e7ar ve Silifke Muhtarlar Derne\u011fi Ba\u015fkan\u0131 Murat Temur yer ald\u0131.<br \/>\nKonu\u015fmas\u0131na muhtarlar\u0131 ve e\u015flerini selamlayarak ba\u015flayan Ba\u015fkan Se\u00e7er, bir aile ortam\u0131nda bulundu\u011funu belirterek, &#8220;Allah kimsenin ailesinin huzurunu bozmas\u0131n. T\u00fcrkiye bizim b\u00fcy\u00fck ailemiz. Mersin bizim ailemiz. Silifke, Mersin&#8217;e g\u00f6re biraz daha k\u00fc\u00e7\u00fck ailemiz. Bu de\u011feri, bu bilinci hepimizin y\u00fcre\u011finde hissetmesi laz\u0131m. \u00d6nce vatan, millet sevgisi. \u00dclkemizi \u00e7ok seviyoruz&#8221; dedi.<br \/>\n&#8220;Benim i\u00e7in muhtar, memleket vazifesini yapan bir kamu g\u00f6revlisidir&#8221;<br \/>\nDemokrasi vurgusuyla konu\u015fmas\u0131n\u0131 s\u00fcrd\u00fcren Ba\u015fkan Se\u00e7er, \u015fu ifadelere yer verdi:<br \/>\n&#8220;Sizlerle i\u015f birli\u011fi olmad\u0131\u011f\u0131 bir noktada bizim iyi, etkin, yerinde ve kaliteli hizmet yapmam\u0131z m\u00fcmk\u00fcn de\u011fil. 2,5 y\u0131ld\u0131r Belediye Ba\u015fkan\u0131y\u0131m. \u0130lk g\u00f6reve geldi\u011fimde de s\u00f6yledim, \u015fimdi de s\u00f6yl\u00fcyorum. Benim i\u00e7in muhtar, memleket vazifesini yapan bir kamu g\u00f6revlisidir. Onun oyunun rengi, kime oy verdi\u011fi benim i\u00e7in \u00f6nemli de\u011fildir. D\u00fcn ne ise bug\u00fcn de d\u00fc\u015f\u00fcncelerim de\u011fi\u015fmemi\u015ftir. Bundan sonra da ayn\u0131 \u015fekilde devam edecektir. Bizler se\u00e7im geldi\u011fi zaman bir siyasi partinin bayra\u011f\u0131 alt\u0131nda yar\u0131\u015fa gireriz ama se\u00e7ildikten sonra hepimiz bu memleketin belediye ba\u015fkan\u0131y\u0131z ya da muhtarlar\u0131y\u0131z. Bu bilincimiz devam etti\u011fi s\u00fcrece bu memlekette kavga, g\u00fcr\u00fclt\u00fc, \u00e7eki\u015fme olmaz. Bu m\u00fccadeleler g\u00fczellikleri ile kal\u0131r.&#8221;<br \/>\nSilifke Belediye Ba\u015fkan\u0131 Sad\u0131k Altunok da yapt\u0131\u011f\u0131 konu\u015fmada, muhtarlar ve e\u015flerine selamlar\u0131n\u0131 iletti. Silifke Muhtarlar Derne\u011fi Ba\u015fkan\u0131 Murat Temur ise t\u00fcm muhtarlar ve e\u015fleri ile bir arada olmak istedikleri i\u00e7in b\u00f6yle bir etkinlik organize ettiklerini s\u00f6yledi.<\/p>\n","protected":false},"excerpt":{"rendered":"<p>Mersin B\u00fcy\u00fck\u015fehir Belediye Ba\u015fkan\u0131 Vahap Se\u00e7er, Silifke il\u00e7esine yapt\u0131\u011f\u0131 ziyarette esnaf\u0131 gezerek &#8220;hay\u0131rl\u0131 i\u015fler&#8221; dile\u011finde bulundu. Esnaf gezisinin ard\u0131ndan Ba\u015fkan Se\u00e7er, Silifke Muhtarlar Derne\u011fi taraf\u0131ndan d\u00fczenlenen kayna\u015fma etkinli\u011finde muhtarlar ve &hellip; <a href=\"https:\/\/akdenizolaygazetesi.com\/?p=15529\" class=\"more-link\">Devam\u0131n\u0131 Oku&#8230;<\/a><\/p>\n","protected":false},"author":2,"featured_media":15530,"comment_status":"open","ping_status":"open","sticky":false,"template":"","format":"standard","meta":[],"categories":[8,2,3],"tags":[],"_links":{"self":[{"href":"https:\/\/akdenizolaygazetesi.com\/index.php?rest_route=\/wp\/v2\/posts\/15529"}],"collection":[{"href":"https:\/\/akdenizolaygazetesi.com\/index.php?rest_route=\/wp\/v2\/posts"}],"about":[{"href":"https:\/\/akdenizolaygazetesi.com\/index.php?rest_route=\/wp\/v2\/types\/post"}],"author":[{"embeddable":true,"href":"https:\/\/akdenizolaygazetesi.com\/index.php?rest_route=\/wp\/v2\/users\/2"}],"replies":[{"embeddable":true,"href":"https:\/\/akdenizolaygazetesi.com\/index.php?rest_route=%2Fwp%2Fv2%2Fcomments&post=15529"}],"version-history":[{"count":1,"href":"https:\/\/akdenizolaygazetesi.com\/index.php?rest_route=\/wp\/v2\/posts\/15529\/revisions"}],"predecessor-version":[{"id":15531,"href":"https:\/\/akdenizolaygazetesi.com\/index.php?rest_route=\/wp\/v2\/posts\/15529\/revisions\/15531"}],"wp:featuredmedia":[{"embeddable":true,"href":"https:\/\/akdenizolaygazetesi.com\/index.php?rest_route=\/wp\/v2\/media\/15530"}],"wp:attachment":[{"href":"https:\/\/akdenizolaygazetesi.com\/index.php?rest_route=%2Fwp%2Fv2%2Fmedia&parent=15529"}],"wp:term":[{"taxonomy":"category","embeddable":true,"href":"https:\/\/akdenizolaygazetesi.com\/index.php?rest_route=%2Fwp%2Fv2%2Fcategories&post=15529"},{"taxonomy":"post_tag","embeddable":true,"href":"https:\/\/akdenizolaygazetesi.com\/index.php?rest_route=%2Fwp%2Fv2%2Ftags&post=15529"}],"curies":[{"name":"wp","href":"https:\/\/api.w.org\/{rel}","templated":true}]}}