{"id":1554,"date":"2020-11-04T18:22:06","date_gmt":"2020-11-04T15:22:06","guid":{"rendered":"http:\/\/mersinekonomipolitikagazetesi.com\/?p=1554"},"modified":"2020-11-04T18:22:06","modified_gmt":"2020-11-04T15:22:06","slug":"unlu-tarihci-ortayliya-mersinlilerden-izdiham-duzeyinde-ilgi-iceride-ve-disarida-yer-yoktu","status":"publish","type":"post","link":"https:\/\/akdenizolaygazetesi.com\/?p=1554","title":{"rendered":"\u00dcNL\u00dc TAR\u0130H\u00c7\u0130 ORTAYLI\u2019YA MERS\u0130NL\u0130LER\u2019DEN \u0130ZD\u0130HAM D\u00dcZEY\u0130NDE \u0130LG\u0130   \u0130\u00c7ER\u0130DE VE DI\u015eARIDA YER YOKTU!"},"content":{"rendered":"<p>12 Mart \u0130stiklal Mar\u015f\u0131\u2019n\u0131n Kabul\u00fc\u2019n\u00fcn 97. y\u0131l d\u00f6n\u00fcm\u00fc anma etkinlikleri kapsam\u0131nda Mersinlilerle bulu\u015fan \u00dcnl\u00fc Tarih\u00e7i, Prof. Dr. \u0130lber Ortayl\u0131\u2019n\u0131n konferans\u0131na Mersinliler adete ak\u0131n etti.<\/p>\n<div>\n<div>\n<div>\n<div>\n<div>\n<div>\n<div>\n<div>\n<div>\n<div>\n<div>\n<div id=\":4\">\n<div id=\":2\">\n<div>\n<div role=\"main\">\n<table cellpadding=\"0\" role=\"presentation\" style=\"width:1630px;\">\n<tbody>\n<tr>\n<td>\n<div>\n<div>\n<div>\n<div role=\"list\">\n<div role=\"listitem\" style=\"clear:both;\" tabindex=\"-1\">\n<div>\n<div>\n<div id=\":1ej\">\n<div data-legacy-message-id=\"16238d53dbed5237\" data-message-id=\"16238d53dbed5237\">\n<div style=\"margin-left:44px;\">\n<div id=\":1j8\">\n<div id=\":1e5\">\n<div dir=\"auto\">\n<blockquote type=\"cite\">\n<div dir=\"ltr\">\n<p><span style=\"font-size:16px;\">Prof. Dr. \u0130lber Ortayl\u0131\u00a0 Mersin B\u00fcy\u00fck\u015fehir Belediyesi\u2019nin davet \u00fczerine Mersin\u2019e gelerek \u201c\u0130stiklal Mar\u015f\u0131 ve Mehmet Akif Ersoy\u201d konulu konferans\u0131 Kongre Saray\u0131nda ger\u00e7ekle\u015fti.<\/span><\/p>\n<p><span style=\"font-size:16px;\">Ger\u00e7ekle\u015fen konferansa Mersin B\u00fcy\u00fck\u015fehir Belediyesi Ba\u015fkan Vekili Kerim Tufan\u2019\u0131n yan\u0131 s\u0131ra, Vali Yard\u0131mc\u0131s\u0131 S\u00fcleyman Deniz, MHP il ve il\u00e7e y\u00f6neticileri, meclis \u00fcyeleri, akademisyenler, oda, dernek ve vak\u0131f ba\u015fkanlar\u0131 ve binlerce Mersinli kat\u0131ld\u0131.<\/span><\/p>\n<p><span style=\"font-size:16px;\">Prof. Dr. \u0130lber Ortayl\u0131, yapt\u0131\u011f\u0131 konu\u015fmada izleyenleri kendine hayran b\u0131rakarak konferansta izleyicilerden bol alk\u0131\u015f ald\u0131.<\/span><\/p>\n<p>\u00a0<\/p>\n<p><span style=\"font-size:16px;\">\u201cMEHMET AK\u0130F ERSOY SON DERECEDE K\u00dcLT\u00dcRL\u00dc B\u0130R \u015eA\u0130R\u0130M\u0130ZD\u0130R\u201d<\/span><\/p>\n<p>\u00a0<\/p>\n<p><span style=\"font-size:16px;\">Ortayl\u0131, 12 Mart \u0130stiklal Mar\u015f\u0131\u2019n\u0131n kabul\u00fcn\u00fcn y\u0131ld\u00f6n\u00fcm\u00fcnde yap\u0131lacak en gerekli g\u00f6revlerden birinin milli \u015fair Mehmet Akif Ersoy\u2019u anmak ve anlamak oldu\u011funu s\u00f6yledi. Mehmet Akif Bey ilgin\u00e7 bir hayat\u0131 olan ve imparatorlu\u011fun son d\u00f6nemindeki milli uyan\u0131\u015f\u0131n, imparatorluktan vatanda\u015f toplumuna ge\u00e7i\u015fin yans\u0131mas\u0131 oldu\u011funu kaydeden Ortayl\u0131: \u201c\u00c7\u00fcnk\u00fc \u015furas\u0131 bir ger\u00e7ektir ki Mehmet Akif\u2019in nesli bir imparatorlukta do\u011fdular ve Mehmet Akif Bey de Osmanl\u0131 Devleti\u2019nin ya\u015fad\u0131\u011f\u0131 problemlerin i\u00e7erisinden ge\u00e7en biridir. Mehmet Akif, \u0130stanbul\u2019da yeti\u015fmi\u015f, katiyen Balkan milliyet\u00e7ili\u011fi g\u00fctmeyen ve \u0130slami taraf\u0131 a\u011f\u0131r basan bir \u015fairdir.\u00a0 Ancak \u0130slam\u2019\u0131 bir ananeden \u00e7ok, modern bir idrakle kavranmas\u0131 olarak alg\u0131layan biridir. Son derecede k\u00fclt\u00fcrl\u00fc bir \u015fairimizdir. Okumas\u0131 itibari ile bizim m\u00fclkiye mektebinin idadi k\u0131sm\u0131, o zaman yeni a\u00e7\u0131lan y\u00fcksek k\u0131sm\u0131na devam edecek mali takati yok.\u00a0 Daha iyi burslu oldu\u011fu i\u00e7in baytar Mektebi\u2019ne ge\u00e7iyor. B\u00f6ylelikle Baytar Mektebi\u2019nin iki tane \u00f6nemli simas\u0131ndan biri oluyor\u201d ifadelerini kulland\u0131.<\/span><\/p>\n<p><span style=\"font-size:16px;\">\u201cMEHMET AK\u0130F ABD\u00dcLHAM\u0130T\u2019E KAR\u015eIYDI\u201d<\/span><\/p>\n<p><span style=\"font-size:16px;\">Ortayl\u0131, \u201cTarih bizim bug\u00fcnk\u00fc bak\u0131\u015f\u0131m\u0131z gibi de\u011fil. Bug\u00fcn olaylara daha so\u011fukkanl\u0131, hiddeti ve \u015fevki ge\u00e7mi\u015f insanlar olarak bak\u0131yoruz.\u00a0 Zamanlar de\u011fi\u015fiyor. Bug\u00fcnlerde Mehmet Akif\u2019in Abd\u00fclhamit kar\u015f\u0131tl\u0131\u011f\u0131n\u0131 ele alan baz\u0131lar\u0131 bunu ileri s\u00fcr\u00fcyorlar. Abd\u00fclhamit\u2019e, \u2018Y\u0131ld\u0131z\u2019\u0131n Bayku\u015f\u2019u\u2019 derdi. Bu bir devrin m\u00fcnevverinin yap\u0131s\u0131d\u0131r. Yani istibdat geldi\u011fi zaman, bir devrin b\u00fcrokratik imtiyazlar\u0131n\u0131, bask\u0131s\u0131n\u0131, adam kay\u0131r\u0131c\u0131l\u0131\u011f\u0131n\u0131 hazmedemeyen bir ayd\u0131n b\u00fcrokrat s\u0131n\u0131f\u0131 vard\u0131r. Bilhassa devletin paras\u0131na el s\u00fcrmekten fevkalade \u00e7ekinen Mehmet Akif gibi bir insan var kar\u015f\u0131m\u0131zda\u201d \u015feklinde konu\u015ftu.<\/span><\/p>\n<p>\u00a0<\/p>\n<p>\u00a0<\/p>\n<p><span style=\"font-size:16px;\">\u201c\u0130ST\u0130KLAL MAR\u015eI \u00c7OK B\u00dcY\u00dcK EDEB\u0130 B\u0130R MET\u0130ND\u0130R\u201d<\/span><\/p>\n<p>\u00a0<\/p>\n<p><span style=\"font-size:16px;\">Ortayl\u0131, \u0130stiklal Mar\u015f\u0131\u2019n\u0131n \u00e7ok b\u00fcy\u00fck edebi bir metin ve \u00e7ok derin bir felsefesi oldu\u011funu belirterek: \u201c\u0130stiklal Mar\u015f\u0131\u2019n\u0131 Ankara\u2019daki T\u00fcrkiye B\u00fcy\u00fck Millet Meclisi kabul etti. Bu g\u00f6rd\u00fc\u011f\u00fcm\u00fcz k\u0131talar\u0131 Mehmet Akif Bey milli mar\u015f diye yazmad\u0131. Bir yar\u0131\u015fma a\u00e7\u0131ld\u0131. Yar\u0131\u015fmaya gelen \u015fiirlerin hi\u00e7 birisi be\u011fenilmedi. Orada o zaman\u0131n Maarif Vekili Hamdullah Suphi Tanr\u0131\u00f6ver dedi ki: \u201cBu \u015fiirleri b\u0131rak\u0131n. Burada lay\u0131k olan Mehmet Akif Bey\u2019dir\u2019 dedi. Ba\u015f hatip Hamdullah Suphi Bey, Mehmet Akif Bey\u2019e sormadan k\u00fcrs\u00fcye \u00e7\u0131karak \u015fiiri okudu. Okuyunca alk\u0131\u015flarla kabul edildi. 500 lira maa\u015f koydular ama Mehmet Akif Bey bu paray\u0131 kabul etmedi.\u00a0 \u0130stiklal Mar\u015f\u0131 \u00e7ok b\u00fcy\u00fck edebi bir metindir ve \u00e7ok derin bir felsefesi vard\u0131r. B\u0131rak\u0131n bizim milleti hi\u00e7bir milletin insan\u0131n\u0131n y\u00fczde doksan b\u00f6yle bir metni okuyup, keyfine varamaz. Bu ancak y\u00fcksek edebiyat zevki olan biraz tarih, biraz felsefe tad\u0131 olan milletin ho\u015flanaca\u011f\u0131 bir \u015fiirdir. En edip en tarih\u00e7i milletler bile her metni anlamazlar\u201d \u015feklinde ifadelere yer verdi.<\/span><\/p>\n<p>\u00a0<\/p>\n<p><span style=\"font-size:16px;\">\u201cHEPS\u0130N\u0130 EL\u0130N\u0130N TERS\u0130 \u0130LE \u00c7EV\u0130RM\u0130\u015e\u201d<\/span><\/p>\n<p>\u00a0<\/p>\n<p><span style=\"font-size:16px;\">Konferansta izleyiciyi kendine odaklayan Ortayl\u0131: \u201cBundan birka\u00e7 y\u0131l evvel \u00e7ok utan\u00e7 verici bir durum oldu. Koca koca herifler \u0130stiklal Mar\u015f\u0131\u2019n\u0131 s\u00f6yleyemiyordu. Sizi kutlar\u0131m. Bu ak\u015fam hi\u00e7 de\u011filse teypten bile olsa gayet g\u00fczel i\u015ftirak ettiniz. Bu \u00f6nemli. \u0130stiklal Mar\u015f\u0131 birka\u00e7 y\u0131l bestesiz kalm\u0131\u015f. Gayet enteresan yar\u0131\u015fmalar yap\u0131l\u0131p, beste teklifleri sunulmu\u015f. En sonunda Osman Zeki \u00dcng\u00f6r\u2019\u00fcn bestesi kabul g\u00f6rm\u00fc\u015f. Bug\u00fcn i\u00e7in \u0130stiklal Mar\u015f\u0131m\u0131z\u0131n yerine koyabilece\u011fimiz bir metin yok.\u00a0 Zaten \u00e7ok iyi beste yapacak m\u00fczisyen de hen\u00fcz duymad\u0131m. Ama olacak. Mehmet Akif\u2019in haf\u0131z\u0131 Kuran-\u0131 Kerim\u2019dir. Arap\u00e7a biliyor. \u0130lk k\u0131tan\u0131n ba\u015flang\u0131\u00e7 kelimesi olan \u2018Korkma\u2019 ayeti kerimelerden birindedir. \u00c7ekinme, endi\u015felenme anlam\u0131na da gelir.\u00a0 Oradan alm\u0131\u015ft\u0131r. \u00c7\u00fcnk\u00fc Mehmet Akif Bey son d\u00f6nem Osmanl\u0131 asr\u0131n\u0131n olaylar\u0131n\u0131 \u0130slam asr\u0131saadeti ile mukayese etmekten \u00e7ok b\u00fcy\u00fck haz duyarm\u0131\u015f. Mehmet Akif Bey ayn\u0131 zamanda \u0130ran \u015fiirini \u00e7ok iyi biliyor. Ankara\u2019da 1920 meclisine kat\u0131lm\u0131\u015ft\u0131r. 1920 meclisine kat\u0131lmas\u0131 \u00e7ok b\u00fcy\u00fck bir fedak\u00e2rl\u0131kt\u0131r. \u00c7\u00fcnk\u00fc \u0130stanbul\u2019da olduk\u00e7a y\u00fcksek bir maa\u015f\u0131 vard\u0131r. Hepsini elinin tersi ile \u00e7evirmi\u015f. Ankara\u2019ya ge\u00e7i\u015fi ve meclise kat\u0131l\u0131\u015f\u0131 herkes i\u00e7in fevkalade b\u00fcy\u00fck bir moral meselesi olmu\u015ftur.\u201d diye belirtti.<\/span><\/p>\n<p>\u00a0<\/p>\n<p><span style=\"font-size:16px;\">\u201c\u00c7ANAKKALE \u015eEH\u0130TLER\u0130NE B\u0130R KAS\u0130DE YAZIYOR\u201d<\/span><\/p>\n<p>\u00a0<\/p>\n<p><span style=\"font-size:16px;\">Son olarak konu\u015fmas\u0131n\u0131n son b\u00f6l\u00fcm\u00fcne gelen Ortayl\u0131: \u201cBu nas\u0131l derin bir \u015fairdir? \u00c7anakkale \u015eehitlerine bir kaside yaz\u0131yor. Yazd\u0131\u011f\u0131 kaside S\u00fcleyman Nazif taraf\u0131ndan, \u2018Allah\u2019\u0131n \u015fairleri de var\u2019 diye tarif ediliyor.\u00a0 Bu \u00e7ok \u00f6nemli bir \u015feydir. \u015eiir sanat\u0131n\u0131 \u00e7ok iyi s\u00f6yleyen adanlar da vard\u0131r demek istiyor. Hakikaten o \u015fiir muhte\u015fem bir \u015feydir. Ama bug\u00fcn eskimi\u015f gibi g\u00f6r\u00fcn\u00fcyor. \u00c7\u00fcnk\u00fc insanlar modern T\u00fcrkiye\u2019de \u2018Yedi Kandilli S\u00fcreyya\u2019n\u0131n\u2019 astronomideki bug\u00fcnk\u00fc anlam\u0131n\u0131 bilmezler. \u0130stiklal Mar\u015f\u0131\u2019n\u0131n k\u0131talar\u0131n\u0131 bilmek zorunday\u0131z. \u00c7\u00fcnk\u00fc kar\u015f\u0131n\u0131zda b\u00fct\u00fcn \u0130slam d\u00fcnyas\u0131n\u0131n tek sava\u015f\u00e7\u0131s\u0131 var. \u0130slam d\u00fcnyas\u0131 bitmi\u015f. En kalabal\u0131k k\u0131sm\u0131 \u0130ngilizlerin elinde. Kala kala buras\u0131 kalm\u0131\u015f. Onun i\u00e7in o m\u0131sralar\u0131n ne oldu\u011funu anlamam\u0131z laz\u0131m. \u0130nsanlar ordular\u0131 ile var olur. Tabi ki \u00c7anakkale i\u00e7in o \u015fiiri yazm\u0131\u015ft\u0131r. O istiklal Mar\u015f\u0131 da 1914\u2019te ba\u015flayan m\u00fccadelenin biti\u015fini g\u00f6sterir. O bak\u0131mdan \u00f6nemlidir. Bug\u00fcnde an\u0131lmas\u0131nda da fayda g\u00f6r\u00fcyoruz. T\u00fcrkler ya\u015fad\u0131klar\u0131 ve yapt\u0131klar\u0131n\u0131, tarihi bilmeyen \u00e7ok e\u011fitimli, cahil bir millettir. \u015eu anda biz d\u00fcnyan\u0131n en iyi hekimlerine sahibiz. Bir\u00e7ok t\u0131p fak\u00fcltemiz var. Elli tane daha a\u00e7ar\u0131z. Ama i\u00e7ine 500 tane l\u00fczumsuz talebe doldurmay\u0131n, sadece 50-100 tane al\u0131n en iyisi \u00e7\u0131kmaya devam eder. \u00c7ok iyi m\u00fchendislerimiz var ama mimar\u0131m\u0131z yok. Neden? \u00c7\u00fcnk\u00fc cahiliz. Tarih ve co\u011frafya bilmeyen bir kavim bu gibi sanatlara ak\u0131l erdiremez. Dil \u00f6\u011frenmeden bu imparatorlu\u011fu anlamam\u0131z m\u00fcmk\u00fcn de\u011fildir. Kocaba\u015f\u0131n kocaman derdi olur. Bu ya\u015fanm\u0131\u015f tarihi anlamak i\u00e7in milattan \u00f6nce yirminci y\u00fczy\u0131la kadar bilmemiz gerekir. \u015eu an \u00fc\u00e7 bin y\u0131ll\u0131k tarihin \u00fczerinde oturuyoruz. Ama bunlar\u0131n ne kadar\u0131n\u0131 biliyoruz. \u0130\u015fte bunlar\u0131 d\u00fc\u015f\u00fcnmemiz gerekir. \u00dcmit ederim ki gelecek k\u0131\u015f sezonunda burada daha \u00e7ok g\u00f6r\u00fc\u015f\u00fcr\u00fcz \u201d \u015feklinde konu\u015ftu.<\/span><\/p>\n<\/p><\/div>\n<\/blockquote>\n<div><span style=\"font-size:16px;\">YER SE\u00c7\u0130M\u0130 VE ORGAN\u0130ZASYON BA\u015eARISIZDI..!<\/span><\/div>\n<div>\u00a0<\/div>\n<p>\t\t\t<span style=\"font-size:16px;\">Konferans sonras\u0131nda yap\u0131lan de\u011ferlendirmede, \u00e7o\u011fu kat\u0131l\u0131mc\u0131n\u0131n yer olmad\u0131\u011f\u0131 i\u00e7in \u00a0geri d\u00f6nmek zorunda kalmas\u0131, b\u00f6yle bir konuk i\u00e7in kongre merkezinin k\u00fc\u00e7\u00fck olmas\u0131 ve izdiham\u0131 \u00f6nleme ad\u0131na s\u00fcrekli yap\u0131lan uyar\u0131 anonslar\u0131nda a\u011f\u0131r dil kullan\u0131lmas\u0131, baz\u0131 bas\u0131n mensuplar\u0131n\u0131n i\u00e7eri al\u0131nmamas\u0131, ele\u015ftiri konusu oldu.<\/span><\/div>\n<\/p><\/div>\n<\/p><\/div>\n<\/p><\/div>\n<\/p><\/div>\n<\/p><\/div>\n<\/p><\/div>\n<\/p><\/div>\n<\/p><\/div>\n<\/p><\/div>\n<\/p><\/div>\n<\/p><\/div>\n<\/p><\/div>\n<\/td>\n<\/tr>\n<\/tbody>\n<\/table>\n<div style=\"clear:both;\">\u00a0<\/div>\n<\/div>\n<\/div>\n<\/div>\n<\/div>\n<\/div>\n<\/div>\n<\/div>\n<\/div>\n<\/div>\n<\/div>\n<\/div>\n<\/div>\n<\/div>\n<\/div>\n<\/div>\n","protected":false},"excerpt":{"rendered":"<p>12 Mart \u0130stiklal Mar\u015f\u0131\u2019n\u0131n Kabul\u00fc\u2019n\u00fcn 97. y\u0131l d\u00f6n\u00fcm\u00fc anma etkinlikleri kapsam\u0131nda Mersinlilerle bulu\u015fan \u00dcnl\u00fc Tarih\u00e7i, Prof. Dr. \u0130lber Ortayl\u0131\u2019n\u0131n konferans\u0131na Mersinliler adete ak\u0131n etti. Prof. Dr. \u0130lber Ortayl\u0131\u00a0 Mersin B\u00fcy\u00fck\u015fehir &hellip; <a href=\"https:\/\/akdenizolaygazetesi.com\/?p=1554\" class=\"more-link\">Devam\u0131n\u0131 Oku&#8230;<\/a><\/p>\n","protected":false},"author":1,"featured_media":0,"comment_status":"open","ping_status":"open","sticky":false,"template":"","format":"standard","meta":[],"categories":[],"tags":[],"_links":{"self":[{"href":"https:\/\/akdenizolaygazetesi.com\/index.php?rest_route=\/wp\/v2\/posts\/1554"}],"collection":[{"href":"https:\/\/akdenizolaygazetesi.com\/index.php?rest_route=\/wp\/v2\/posts"}],"about":[{"href":"https:\/\/akdenizolaygazetesi.com\/index.php?rest_route=\/wp\/v2\/types\/post"}],"author":[{"embeddable":true,"href":"https:\/\/akdenizolaygazetesi.com\/index.php?rest_route=\/wp\/v2\/users\/1"}],"replies":[{"embeddable":true,"href":"https:\/\/akdenizolaygazetesi.com\/index.php?rest_route=%2Fwp%2Fv2%2Fcomments&post=1554"}],"version-history":[{"count":0,"href":"https:\/\/akdenizolaygazetesi.com\/index.php?rest_route=\/wp\/v2\/posts\/1554\/revisions"}],"wp:attachment":[{"href":"https:\/\/akdenizolaygazetesi.com\/index.php?rest_route=%2Fwp%2Fv2%2Fmedia&parent=1554"}],"wp:term":[{"taxonomy":"category","embeddable":true,"href":"https:\/\/akdenizolaygazetesi.com\/index.php?rest_route=%2Fwp%2Fv2%2Fcategories&post=1554"},{"taxonomy":"post_tag","embeddable":true,"href":"https:\/\/akdenizolaygazetesi.com\/index.php?rest_route=%2Fwp%2Fv2%2Ftags&post=1554"}],"curies":[{"name":"wp","href":"https:\/\/api.w.org\/{rel}","templated":true}]}}