{"id":15541,"date":"2021-12-08T12:04:54","date_gmt":"2021-12-08T09:04:54","guid":{"rendered":"http:\/\/akdenizolaygazetesi.com\/?p=15541"},"modified":"2021-12-08T12:04:54","modified_gmt":"2021-12-08T09:04:54","slug":"esenli-meydaninda-sona-yaklasildi","status":"publish","type":"post","link":"https:\/\/akdenizolaygazetesi.com\/?p=15541","title":{"rendered":"ESENL\u0130 MEYDANI\u2019NDA SONA YAKLA\u015eILDI"},"content":{"rendered":"<p>Akdeniz Belediyesi; Esenli Mahallesi sakinlerinin d\u00fc\u011f\u00fcn, ni\u015fan, s\u00fcnnet, festival ve toplant\u0131 gibi farkl\u0131 etkinliklerini d\u00fczenleyebilecekleri, i\u00e7inde bir park ile Atat\u00fcrk B\u00fcst\u00fc\u2019n\u00fcn yer alaca\u011f\u0131 \u00e7ok ama\u00e7l\u0131 meydan \u00e7al\u0131\u015fmas\u0131na h\u0131z verdi.<br \/>\nEsenli Mahallesi sakinlerinin talebi ve Akdeniz Belediye Ba\u015fkan\u0131 M. Mustafa G\u00fcltak\u2019\u0131n talimat\u0131 \u00fczerine, il\u00e7eye ba\u011fl\u0131 k\u0131rsal mahallelerden biri olan Esenli\u2019de ba\u015flayan meydan kazand\u0131r\u0131lmas\u0131 \u00e7al\u0131\u015fmas\u0131 aral\u0131ks\u0131z devam ediyor. Fen \u0130\u015fleri M\u00fcd\u00fcrl\u00fc\u011f\u00fc\u2019ne ba\u011fl\u0131 ekipler, tesviye \u00e7al\u0131\u015fmas\u0131n\u0131 bitirdikleri alan\u0131n betonunu d\u00f6kmeye, \u00e7evre d\u00fczeltmelerini yapmaya ba\u015flad\u0131. Sadece beton d\u00f6k\u00fclen alan bin 300 metrekarelik bir y\u00fcz\u00f6l\u00e7\u00fcm\u00fcne sahip olacak. Meydan tamamland\u0131\u011f\u0131nda mahalle sakinleri, d\u00fc\u011f\u00fcn, ni\u015fan, s\u00fcnnet, festival ve toplant\u0131 gibi etkinliklerini bu meydanda d\u00fczenleyebilecek. Bitti\u011finde meydan\u0131n i\u00e7inde ayr\u0131ca Atat\u00fcrk B\u00fcst\u00fc ile \u00e7ocuklar i\u00e7in bir park da yap\u0131lacak.<br \/>\n\u201cBitti\u011finde \u00e7ok g\u00fczel bir meydan olacak\u201d<br \/>\n\u00c7al\u0131\u015fmalar\u0131 memnuniyetle takip eden ve meydan \u00e7al\u0131\u015fmas\u0131n\u0131n tamamlanmas\u0131n\u0131 sab\u0131rs\u0131zl\u0131kla bekleyen mahalle sakinleri, Ba\u015fkan G\u00fcltak ve fen i\u015fleri ekiplerine te\u015fekk\u00fcr ettiler. Esenli Mahallesi Muhtar\u0131 Feyyaz G\u00f6rg\u00fcl\u00fc, alandaki \u00e7al\u0131\u015fmalar\u0131n h\u0131zla s\u00fcrd\u00fc\u011f\u00fcn\u00fc ifade ederek, \u201cBitti\u011finde \u00e7ok g\u00fczel bir meydan olacak in\u015fallah. Mahalle olarak b\u00fcy\u00fck eksikli\u011fini ve ihtiyac\u0131n\u0131 duydu\u011fumuz bir hizmetti. Talebimizi dikkate al\u0131p bize bu alan\u0131 kazand\u0131ran ve mahallemizin ihtiyac\u0131n\u0131 duydu\u011fu di\u011fer hizmetleri sa\u011flayan Ba\u015fkan\u0131m\u0131z G\u00fcltak ve ekibine \u00e7ok te\u015fekk\u00fcr ediyorum\u201d dedi.<br \/>\n\u201c\u00dcz\u00fcm festivalimizi de meydanda yapar\u0131z\u201d<br \/>\nMahalle sakinlerinden emekli imam \u015eeref Sar\u0131 ise, \u201cBuras\u0131; devasa kayalar ve ta\u015flarla dolu olan eski, kurumu\u015f bir dere yata\u011f\u0131 idi. Sa\u011f olsun G\u00fcltak Ba\u015fkan\u0131m\u0131z, bizlere \u00e7ok g\u00fczel bir k\u00f6y meydan\u0131 kazand\u0131rm\u0131\u015f olacak. \u0130nsanlar\u0131m\u0131z\u0131n d\u00fc\u011f\u00fcn\u00fcn\u00fc yapabilecekleri bir yerleri bile yoktu. \u0130lerleyen zamanda \u00fcz\u00fcm festivalimizi de bu meydanda yapaca\u011f\u0131z. Yollar\u0131m\u0131z\u0131 yenileyen Ba\u015fkan\u0131m\u0131z G\u00fcltak, mahallemize bir sa\u011fl\u0131k kabini de kazand\u0131rd\u0131. Ba\u015fkan\u0131m\u0131za ve eme\u011fi ge\u00e7en herkesten Allah raz\u0131 olsun\u201d diye konu\u015ftu.<\/p>\n","protected":false},"excerpt":{"rendered":"<p>Akdeniz Belediyesi; Esenli Mahallesi sakinlerinin d\u00fc\u011f\u00fcn, ni\u015fan, s\u00fcnnet, festival ve toplant\u0131 gibi farkl\u0131 etkinliklerini d\u00fczenleyebilecekleri, i\u00e7inde bir park ile Atat\u00fcrk B\u00fcst\u00fc\u2019n\u00fcn yer alaca\u011f\u0131 \u00e7ok ama\u00e7l\u0131 meydan \u00e7al\u0131\u015fmas\u0131na h\u0131z verdi. Esenli &hellip; <a href=\"https:\/\/akdenizolaygazetesi.com\/?p=15541\" class=\"more-link\">Devam\u0131n\u0131 Oku&#8230;<\/a><\/p>\n","protected":false},"author":2,"featured_media":15542,"comment_status":"open","ping_status":"open","sticky":false,"template":"","format":"standard","meta":[],"categories":[1,2,3],"tags":[],"_links":{"self":[{"href":"https:\/\/akdenizolaygazetesi.com\/index.php?rest_route=\/wp\/v2\/posts\/15541"}],"collection":[{"href":"https:\/\/akdenizolaygazetesi.com\/index.php?rest_route=\/wp\/v2\/posts"}],"about":[{"href":"https:\/\/akdenizolaygazetesi.com\/index.php?rest_route=\/wp\/v2\/types\/post"}],"author":[{"embeddable":true,"href":"https:\/\/akdenizolaygazetesi.com\/index.php?rest_route=\/wp\/v2\/users\/2"}],"replies":[{"embeddable":true,"href":"https:\/\/akdenizolaygazetesi.com\/index.php?rest_route=%2Fwp%2Fv2%2Fcomments&post=15541"}],"version-history":[{"count":1,"href":"https:\/\/akdenizolaygazetesi.com\/index.php?rest_route=\/wp\/v2\/posts\/15541\/revisions"}],"predecessor-version":[{"id":15543,"href":"https:\/\/akdenizolaygazetesi.com\/index.php?rest_route=\/wp\/v2\/posts\/15541\/revisions\/15543"}],"wp:featuredmedia":[{"embeddable":true,"href":"https:\/\/akdenizolaygazetesi.com\/index.php?rest_route=\/wp\/v2\/media\/15542"}],"wp:attachment":[{"href":"https:\/\/akdenizolaygazetesi.com\/index.php?rest_route=%2Fwp%2Fv2%2Fmedia&parent=15541"}],"wp:term":[{"taxonomy":"category","embeddable":true,"href":"https:\/\/akdenizolaygazetesi.com\/index.php?rest_route=%2Fwp%2Fv2%2Fcategories&post=15541"},{"taxonomy":"post_tag","embeddable":true,"href":"https:\/\/akdenizolaygazetesi.com\/index.php?rest_route=%2Fwp%2Fv2%2Ftags&post=15541"}],"curies":[{"name":"wp","href":"https:\/\/api.w.org\/{rel}","templated":true}]}}