{"id":15544,"date":"2021-12-08T12:08:06","date_gmt":"2021-12-08T09:08:06","guid":{"rendered":"http:\/\/akdenizolaygazetesi.com\/?p=15544"},"modified":"2021-12-08T12:08:06","modified_gmt":"2021-12-08T09:08:06","slug":"aselsan-roketsan-havelsan-ve-tusasin-katar-birlesik-arap-emirlikleri-veya-baska-bir-ulkeye-satilacagi-iddialari-dogru-mu","status":"publish","type":"post","link":"https:\/\/akdenizolaygazetesi.com\/?p=15544","title":{"rendered":"&#8216;ASELSAN, ROKETSAN, HAVELSAN ve TUSA\u015e&#8217;\u0131n Katar, Birle\u015fik Arap Emirlikleri veya ba\u015fka bir \u00fclkeye sat\u0131laca\u011f\u0131 iddialar\u0131 do\u011fru mu?&#8217;"},"content":{"rendered":"<p>Cumhurba\u015fkan\u0131 Recep Tayyip Erdo\u011fan ve beraberindeki heyet Katar&#8217;da resmi temaslarda bulundu\u011fu esnada haber sitesi Bloomberg&#8217;e konu\u015fan ve ismini a\u00e7\u0131klamayan bir T\u00fcrk yetkiliye g\u00f6re, Birle\u015fik Arap Emirlikleri h\u00fck\u00fcmet yetkililerinden olu\u015fan bir heyetin, T\u00fcrkiye&#8217;nin savunma sanayisiyle olas\u0131 i\u015fbirli\u011fini g\u00f6r\u00fc\u015fmek \u00fczere Ankara&#8217;da oldu\u011fu \u00f6ne s\u00fcr\u00fclm\u00fc\u015ft\u00fc. CHP Konuyu Meclise ta\u015f\u0131d\u0131.<\/p>\n<p>CHP Mersin Milletvekili Alpay Antmen, heyetin ASELSAN, ROKETSAN, HAVELSAN ve TUSA\u015e gibi milli ve g\u00fcvenli\u011fimiz i\u00e7in \u00e7ok \u00f6nemli ve stratejik kurumlardan hisse sat\u0131n alacaklar\u0131n\u0131n iddia edildi\u011fini belirterek &#8220;Hatta ba\u015fka di\u011fer iddialara g\u00f6re bu kurulu\u015flardan baz\u0131lar\u0131n\u0131n tamam\u0131n\u0131n sat\u0131laca\u011f\u0131 da ifade edilmi\u015ftir. \u00dclkemiz g\u00fcvenli\u011fi i\u00e7in \u00e7ok \u00f6nemli olan ASELSAN, ROKETSAN, HAVELSAN ve TUSA\u015e&#8217;\u0131n, Katar, Birle\u015fik Arap Emirlikleri veya ba\u015fka bir \u00fclkeye sat\u0131laca\u011f\u0131 iddialar\u0131 do\u011fru mudur? Do\u011fruysa bunun \u00fclke ad\u0131na \u00e7ok vahim, hatta T\u00fcrkiye&#8217;ye ihanet olaca\u011f\u0131 a\u00e7\u0131k de\u011fil midir?&#8221; diye sordu.<\/p>\n<p>Cumhurba\u015fkan\u0131 Yard\u0131mc\u0131s\u0131 Fuat Oktay taraf\u0131ndan yan\u0131tlanmas\u0131 i\u00e7in TBMM Ba\u015fkanl\u0131\u011f\u0131na soru \u00f6nergesi veren Antmen, &#8220;Savunma Sanayii Ba\u015fkan\u0131 \u0130smail Demir&#8217;in &#8216;Katar ziyaretinde e\u015flik ettik. Savunma sanayii alan\u0131nda \u00f6nemli g\u00f6r\u00fc\u015fmeler ger\u00e7ekle\u015ftirdik&#8217; a\u00e7\u0131klamas\u0131 tart\u0131\u015fmalar\u0131 yeniden alevlendirmi\u015ftir. Tank Palet Fabrikas\u0131 gibi milli ve stratejik bir kurumu bile satan bir iktidar\u0131n, ASELSAN, ROKETSAN, HAVELSAN ve TUSA\u015e gibi milli kurumlar\u0131 da satma potansiyeli ta\u015f\u0131d\u0131\u011f\u0131 bir ger\u00e7ektir&#8221; ifadelerini kulland\u0131.<\/p>\n<p>CHP&#8217;li Vekilin \u00f6nergesinde yer alan sorular \u015funlar;<\/p>\n<p>\u2013 \u00dclkemiz g\u00fcvenli\u011fi i\u00e7in \u00e7ok \u00f6nemli olan ASELSAN, ROKETSAN, HAVELSAN ve TUSA\u015e&#8217;\u0131n Katar, Birle\u015fik Arap Emirlikleri veya ba\u015fka bir \u00fclkeye sat\u0131laca\u011f\u0131 iddialar\u0131 do\u011fru mudur? Do\u011fruysa bunun \u00fclke ad\u0131na \u00e7ok vahim, hatta T\u00fcrkiye&#8217;ye ihanet olaca\u011f\u0131 a\u00e7\u0131k de\u011fil midir?<\/p>\n<p>\u2013 Savunma sanayi ile ilgili Katar ile yap\u0131lan anla\u015fmalar nelerdir? Bu anla\u015fmalar\u0131n i\u00e7eri\u011fi nedir? Bu anla\u015fmalar\u0131n i\u00e7eri\u011finde ASELSAN, ROKETSAN, HAVELSAN ve TUSA\u015e ile ilgili herhangi bir konu bulunmakta m\u0131d\u0131r?<\/p>\n<p>\u2013 Birle\u015fik Arap Emirliklerinden gelen bir heyete ASELSAN, ROKETSAN, HAVELSAN ve TUSA\u015e ile ilgili bir sunum yap\u0131ld\u0131\u011f\u0131 do\u011fru mudur? Bu vahim iddia do\u011fru ise bu bahsi ge\u00e7en sunumu kim ya da kimler yapm\u0131\u015ft\u0131r? Bunun \u00fclke ad\u0131na olu\u015fabilecek vahim sonu\u00e7lar\u0131 d\u00fc\u015f\u00fcn\u00fclm\u00fc\u015f m\u00fcd\u00fcr?<\/p>\n","protected":false},"excerpt":{"rendered":"<p>Cumhurba\u015fkan\u0131 Recep Tayyip Erdo\u011fan ve beraberindeki heyet Katar&#8217;da resmi temaslarda bulundu\u011fu esnada haber sitesi Bloomberg&#8217;e konu\u015fan ve ismini a\u00e7\u0131klamayan bir T\u00fcrk yetkiliye g\u00f6re, Birle\u015fik Arap Emirlikleri h\u00fck\u00fcmet yetkililerinden olu\u015fan bir &hellip; <a href=\"https:\/\/akdenizolaygazetesi.com\/?p=15544\" class=\"more-link\">Devam\u0131n\u0131 Oku&#8230;<\/a><\/p>\n","protected":false},"author":2,"featured_media":15545,"comment_status":"open","ping_status":"open","sticky":false,"template":"","format":"standard","meta":[],"categories":[7,8,3,5,6],"tags":[],"_links":{"self":[{"href":"https:\/\/akdenizolaygazetesi.com\/index.php?rest_route=\/wp\/v2\/posts\/15544"}],"collection":[{"href":"https:\/\/akdenizolaygazetesi.com\/index.php?rest_route=\/wp\/v2\/posts"}],"about":[{"href":"https:\/\/akdenizolaygazetesi.com\/index.php?rest_route=\/wp\/v2\/types\/post"}],"author":[{"embeddable":true,"href":"https:\/\/akdenizolaygazetesi.com\/index.php?rest_route=\/wp\/v2\/users\/2"}],"replies":[{"embeddable":true,"href":"https:\/\/akdenizolaygazetesi.com\/index.php?rest_route=%2Fwp%2Fv2%2Fcomments&post=15544"}],"version-history":[{"count":1,"href":"https:\/\/akdenizolaygazetesi.com\/index.php?rest_route=\/wp\/v2\/posts\/15544\/revisions"}],"predecessor-version":[{"id":15546,"href":"https:\/\/akdenizolaygazetesi.com\/index.php?rest_route=\/wp\/v2\/posts\/15544\/revisions\/15546"}],"wp:featuredmedia":[{"embeddable":true,"href":"https:\/\/akdenizolaygazetesi.com\/index.php?rest_route=\/wp\/v2\/media\/15545"}],"wp:attachment":[{"href":"https:\/\/akdenizolaygazetesi.com\/index.php?rest_route=%2Fwp%2Fv2%2Fmedia&parent=15544"}],"wp:term":[{"taxonomy":"category","embeddable":true,"href":"https:\/\/akdenizolaygazetesi.com\/index.php?rest_route=%2Fwp%2Fv2%2Fcategories&post=15544"},{"taxonomy":"post_tag","embeddable":true,"href":"https:\/\/akdenizolaygazetesi.com\/index.php?rest_route=%2Fwp%2Fv2%2Ftags&post=15544"}],"curies":[{"name":"wp","href":"https:\/\/api.w.org\/{rel}","templated":true}]}}