{"id":15553,"date":"2021-12-08T12:33:01","date_gmt":"2021-12-08T09:33:01","guid":{"rendered":"http:\/\/akdenizolaygazetesi.com\/?p=15553"},"modified":"2021-12-08T12:33:01","modified_gmt":"2021-12-08T09:33:01","slug":"baskan-yilmaz-cevik-ve-sosyal-belediyeciligin-en-guzel-ornegini-sergiliyoruz","status":"publish","type":"post","link":"https:\/\/akdenizolaygazetesi.com\/?p=15553","title":{"rendered":"Ba\u015fkan Y\u0131lmaz; &#8220;\u00c7evik ve Sosyal Belediyecili\u011fin en g\u00fczel \u00f6rne\u011fini sergiliyoruz&#8221;"},"content":{"rendered":"<p>Toroslar Belediye Meclisi, Aral\u0131k Ay\u0131 Meclis Toplant\u0131s\u0131&#8217;n\u0131n 2&#8217;inci birle\u015fimini ger\u00e7ekle\u015ftirdi.<\/p>\n<p>Toroslar Belediye Ba\u015fkan\u0131 Ats\u0131z Af\u015f\u0131n Y\u0131lmaz, 2021 y\u0131l\u0131n\u0131n son meclis toplant\u0131s\u0131nda ula\u015f\u0131mdan, Sosyal ve \u00c7evik Belediyecili\u011fe kadar hayata ge\u00e7irdikleri proje ve \u00e7al\u0131\u015fmalar\u0131n\u0131 anlatt\u0131, yeni y\u0131l i\u00e7in temennilerde bulundu.<\/p>\n<p>Meclis \u00fcyelerine, 2021 y\u0131l\u0131nda ger\u00e7ekle\u015fen \u00e7al\u0131\u015fmalara sa\u011flad\u0131klar\u0131 katk\u0131 ve desteklerinden dolay\u0131 te\u015fekk\u00fcr eden Ba\u015fkan Y\u0131lmaz; &#8220;Proje, \u00e7al\u0131\u015fma ve etkinliklerle dolu ge\u00e7irdi\u011fimiz 2021 y\u0131l\u0131n\u0131n son meclis toplant\u0131s\u0131n\u0131 yapt\u0131k. Toroslar Belediyesi olarak iki y\u0131ld\u0131r ortaya koydu\u011fumuz performanstan memnunuz. G\u00fc\u00e7l\u00fc bir belediyeyiz. Birlik ve beraberli\u011fimiz tam, potansiyelimiz y\u00fcksek. T\u00fcm meclis \u00fcyelerimize ve \u00e7al\u0131\u015fma arkada\u015flar\u0131ma te\u015fekk\u00fcr ederim&#8221; dedi.<\/p>\n<p>Ba\u015fkan Y\u0131lmaz, g\u00fcndem maddelerinin g\u00f6r\u00fc\u015f\u00fclerek karara ba\u011fland\u0131\u011f\u0131 2021 y\u0131l\u0131n\u0131n son meclis toplant\u0131s\u0131n\u0131n ard\u0131ndan dilek ve temenniler b\u00f6l\u00fcm\u00fcnde konu\u015farak, yeni y\u0131l\u0131n t\u00fcm d\u00fcnyaya sa\u011fl\u0131k, mutluluk, huzur ve bar\u0131\u015f getirmesini diledi.<\/p>\n<p>&#8220;Vatanda\u015f\u0131m\u0131z\u0131n Dertlerine Derman Olmaya Devam Edece\u011fiz&#8221;<\/p>\n<p>Ba\u015fkan Y\u0131lmaz, iki y\u0131ld\u0131r devam eden ve t\u00fcm d\u00fcnyay\u0131 etkisi alt\u0131na alan Covid-19 salg\u0131n\u0131 s\u00fcrecinde hayata ge\u00e7irdikleri &#8220;G\u00f6n\u00fcl Ba\u011f\u0131 Projesi&#8221; ile Toroslar&#8217;\u0131n d\u00f6rt bir yan\u0131nda ihtiya\u00e7 sahiplerine ula\u015fman\u0131n ve projeyi ba\u015far\u0131yla s\u00fcrd\u00fcrmenin mutlulu\u011funu ya\u015fad\u0131klar\u0131n\u0131 belirterek; &#8220;\u0130ki y\u0131ld\u0131r devam eden pandemi s\u00fcreci nedeniyle farkl\u0131 bir d\u00f6nemden ge\u00e7iyoruz. Meclis \u00fcyelerimizle ve personelimizle birlikte ortaya koydu\u011fumuz performanstan memnunuz. Toroslar\u0131m\u0131z\u0131n potansiyelini kapasiteye, kapasitesini de performansa \u00e7evirmek hepimizin g\u00f6revi. Hep birlikte g\u00fczel i\u015fler yap\u0131yoruz ve yapmaya da devam edece\u011fiz&#8221; dedi<\/p>\n<p>&#8220;67 Bin Ton Asfalt, 425 Bin Metrekare Kilit Parke \u00c7al\u0131\u015fmas\u0131 Yapt\u0131k&#8221;<\/p>\n<p>Ula\u015f\u0131mdan imara, sa\u011fl\u0131ktan e\u011fitime, spordan k\u00fclt\u00fcrel mirasa kadar \u00e7ok ciddi \u00e7al\u0131\u015fmalar ger\u00e7ekle\u015ftirdiklerini ve T\u00fcrkiye&#8217;de ilkleri de yapt\u0131klar\u0131n\u0131n bilgisini veren Ba\u015fkan Y\u0131lmaz; &#8220;Bu s\u00fcre\u00e7te 67 bin ton asfalt, 425 bin metrekare kilit parke \u00e7al\u0131\u015fmas\u0131 yapt\u0131k. \u0130l\u00e7elerin yan\u0131 s\u0131ra bir\u00e7ok il bu miktarda asfalt yapmad\u0131. Bu konuda gururluyuz ve iddial\u0131y\u0131z. Buradan kamuoyunun huzurunda k\u0131ymetli \u00e7al\u0131\u015fma arkada\u015flar\u0131ma te\u015fekk\u00fcr ediyorum. Ba\u015fkan yard\u0131mc\u0131s\u0131ndan m\u00fcd\u00fcr\u00fcne, \u015fefinden i\u015f\u00e7isine kadar b\u00fcy\u00fck bir \u00e7aba g\u00f6sterdi\u011fimiz ve fedakarca \u00e7al\u0131\u015ft\u0131\u011f\u0131m\u0131z bir d\u00f6nem ya\u015fad\u0131k. Ekibimizde birlik, beraberlik ve aidiyet duygusu var. Sosyal ve \u00c7evik Belediyecilik anlay\u0131\u015f\u0131n\u0131 benimsiyoruz. Sosyal Belediyecili\u011fi bir grup sadece ayni ve nakdi yard\u0131m olarak alg\u0131l\u0131yor. Biz \u00f6yle alg\u0131lam\u0131yoruz. Bir ailenin her t\u00fcrl\u00fc derdi ve ihtiyac\u0131 bizi ilgilendiriyor. Ya\u015fl\u0131lar\u0131m\u0131z\u0131n, engellilerimizin, gen\u00e7lerimizin, \u00e7ocuklar\u0131m\u0131z\u0131n s\u0131k\u0131nt\u0131lar\u0131 bizleri ilgilendiriyor. Biz de buna y\u00f6nelik projeler yap\u0131yoruz. Bir\u00e7ok sosyal faaliyetler ve sportif etkinlikler ger\u00e7ekle\u015ftirdik. Bu konuda T\u00fcrkiye&#8217;de ilk kez yapt\u0131\u011f\u0131m\u0131z \u00e7al\u0131\u015fmalar var. Yapt\u0131\u011f\u0131m\u0131z bu \u00e7al\u0131\u015fmalardan memnunuz ve gururluyuz. Yapacaklar\u0131m\u0131z\u0131n heyecan\u0131n\u0131 ya\u015f\u0131yoruz. Do\u011fru zamanda ve do\u011fru bir \u015fekilde ger\u00e7ekle\u015ftirdi\u011fimiz G\u00f6n\u00fcl Ba\u011f\u0131 Projemiz var. 17 g\u00fcnl\u00fck tam kapanma d\u00f6neminde vatanda\u015flar\u0131m\u0131zdan ne dertleri ve s\u0131k\u0131nt\u0131lar\u0131 varsa bizleri 444 41 33 numaral\u0131 G\u00f6n\u00fcl Ba\u011f\u0131 Hatt\u0131m\u0131zdan aramalar\u0131 istedik. Yanlar\u0131nda olduk. Bu \u00e7al\u0131\u015fmam\u0131zla Toroslar\u0131m\u0131z\u0131n t\u00fcm ihtiya\u00e7lar\u0131n\u0131 bir merkezde toplayarak, G\u00f6n\u00fcl Ba\u011f\u0131 Destek Birimlerimizle \u00e7\u00f6z\u00fcme kavu\u015fturduk. Ve bu \u015fekilde \u00e7al\u0131\u015fmalar\u0131m\u0131za devam ediyoruz&#8221; \u015feklinde konu\u015ftu.<\/p>\n<p>Ba\u015fkan Y\u0131lmaz, 2022 y\u0131l\u0131nda daha da g\u00fczel \u00e7al\u0131\u015fmalara imza atacaklar\u0131n\u0131 kaydederek;  &#8220;2022 y\u0131l\u0131n\u0131n Toroslar\u0131m\u0131za, Mersinimize, \u00fclkemize ve t\u00fcm d\u00fcnyaya sa\u011fl\u0131k, mutluluk, huzur ve bar\u0131\u015f getirmesini diliyorum. \u0130n\u015fallah hep beraber el ele, g\u00f6n\u00fcl g\u00f6n\u00fcle daha da g\u00fczel \u00e7al\u0131\u015fmalara imza ataca\u011f\u0131z&#8221; dedi.<\/p>\n","protected":false},"excerpt":{"rendered":"<p>Toroslar Belediye Meclisi, Aral\u0131k Ay\u0131 Meclis Toplant\u0131s\u0131&#8217;n\u0131n 2&#8217;inci birle\u015fimini ger\u00e7ekle\u015ftirdi. Toroslar Belediye Ba\u015fkan\u0131 Ats\u0131z Af\u015f\u0131n Y\u0131lmaz, 2021 y\u0131l\u0131n\u0131n son meclis toplant\u0131s\u0131nda ula\u015f\u0131mdan, Sosyal ve \u00c7evik Belediyecili\u011fe kadar hayata ge\u00e7irdikleri proje &hellip; <a href=\"https:\/\/akdenizolaygazetesi.com\/?p=15553\" class=\"more-link\">Devam\u0131n\u0131 Oku&#8230;<\/a><\/p>\n","protected":false},"author":2,"featured_media":15554,"comment_status":"open","ping_status":"open","sticky":false,"template":"","format":"standard","meta":[],"categories":[8,2,3],"tags":[],"_links":{"self":[{"href":"https:\/\/akdenizolaygazetesi.com\/index.php?rest_route=\/wp\/v2\/posts\/15553"}],"collection":[{"href":"https:\/\/akdenizolaygazetesi.com\/index.php?rest_route=\/wp\/v2\/posts"}],"about":[{"href":"https:\/\/akdenizolaygazetesi.com\/index.php?rest_route=\/wp\/v2\/types\/post"}],"author":[{"embeddable":true,"href":"https:\/\/akdenizolaygazetesi.com\/index.php?rest_route=\/wp\/v2\/users\/2"}],"replies":[{"embeddable":true,"href":"https:\/\/akdenizolaygazetesi.com\/index.php?rest_route=%2Fwp%2Fv2%2Fcomments&post=15553"}],"version-history":[{"count":1,"href":"https:\/\/akdenizolaygazetesi.com\/index.php?rest_route=\/wp\/v2\/posts\/15553\/revisions"}],"predecessor-version":[{"id":15555,"href":"https:\/\/akdenizolaygazetesi.com\/index.php?rest_route=\/wp\/v2\/posts\/15553\/revisions\/15555"}],"wp:featuredmedia":[{"embeddable":true,"href":"https:\/\/akdenizolaygazetesi.com\/index.php?rest_route=\/wp\/v2\/media\/15554"}],"wp:attachment":[{"href":"https:\/\/akdenizolaygazetesi.com\/index.php?rest_route=%2Fwp%2Fv2%2Fmedia&parent=15553"}],"wp:term":[{"taxonomy":"category","embeddable":true,"href":"https:\/\/akdenizolaygazetesi.com\/index.php?rest_route=%2Fwp%2Fv2%2Fcategories&post=15553"},{"taxonomy":"post_tag","embeddable":true,"href":"https:\/\/akdenizolaygazetesi.com\/index.php?rest_route=%2Fwp%2Fv2%2Ftags&post=15553"}],"curies":[{"name":"wp","href":"https:\/\/api.w.org\/{rel}","templated":true}]}}