{"id":1556,"date":"2020-11-04T18:22:06","date_gmt":"2020-11-04T15:22:06","guid":{"rendered":"http:\/\/mersinekonomipolitikagazetesi.com\/?p=1556"},"modified":"2020-11-04T18:22:06","modified_gmt":"2020-11-04T15:22:06","slug":"nusret-mayin-gemisinde-canakkale-zaferi-kutlandi","status":"publish","type":"post","link":"https:\/\/akdenizolaygazetesi.com\/?p=1556","title":{"rendered":"Nusret May\u0131n Gemisi\u2019nde \u00c7anakkale Zaferi kutland\u0131"},"content":{"rendered":"<p>Mersin&#8217;in Tarsus il\u00e7esinde, 18 Mart \u00c7anakkale Zaferi ve \u015eehitler G\u00fcn\u00fc, \u00c7anakkale Zaferi K\u00fclt\u00fcr Park\u0131&#8217;ndaki Nusret May\u0131n Gemisi&#8217;nde kutland\u0131.<\/p>\n<p><span style=\"font-size:16px;\"><span style=\"font-family: sans-serif; line-height: 20px; text-align: justify; background-color: rgb(242, 244, 245);\">Adana-Mersin Karayolu kenar\u0131nda bulunan Nusret May\u0131n Gemisi&#8217;nin bulundu\u011fu \u00c7anakkale Zaferi K\u00fclt\u00fcr Park\u0131&#8217;nda d\u00fczenlenen t\u00f6rende Atat\u00fcrk An\u0131t\u0131&#8217;na \u00e7elenk sunuldu, sayg\u0131 duru\u015funda bulunuldu, askerlerin yapt\u0131\u011f\u0131 at\u0131\u015f\u0131n ard\u0131ndan, \u0130stiklal Mar\u015f\u0131 okundu.\u00a0<\/span><br style=\"box-sizing: border-box; font-family: sans-serif; font-size: 14px; line-height: 20px; text-align: justify; background-color: rgb(242, 244, 245);\" \/><br \/>\n<span style=\"font-family: sans-serif; line-height: 20px; text-align: justify; background-color: rgb(242, 244, 245);\">Bak\u0131m Aste\u011fmen Serdar G\u00fcven yapt\u0131\u011f\u0131 konu\u015fmada, \u00c7anakkale Sava\u015f\u0131\u2019n\u0131n \u00f6nemini anlatt\u0131. G\u00fcven, \u00c7anakkale Deniz Zaferi&#8217;nin bir d\u00f6n\u00fcm noktas\u0131 oldu\u011funu belirterek, bu zaferin tarihin ak\u0131\u015f\u0131n\u0131 de\u011fi\u015ftirdi\u011fini, ba\u011f\u0131ms\u0131zl\u0131\u011f\u0131 u\u011fruna can\u0131n\u0131 vermekten \u00e7ekinmeyen T\u00fcrk milletinin kahramanl\u0131k destan\u0131n\u0131 yans\u0131tt\u0131\u011f\u0131n\u0131 ifade etti. Konu\u015fman\u0131n ard\u0131ndan \u00d6m\u00fcr Kurtar adl\u0131 \u00f6\u011frenci \u2018\u00c7anakkale \u015eehitlerine\u2019 adl\u0131 \u015fiir okudu. Daha sonra Tarsus Vaizi \u0130brahim Aky\u00fcz\u2019\u00fcn yapt\u0131\u011f\u0131 dua ile t\u00f6rene kat\u0131lan &#8216;amin&#8217; dedi.\u00a0<\/span><br style=\"box-sizing: border-box; font-family: sans-serif; font-size: 14px; line-height: 20px; text-align: justify; background-color: rgb(242, 244, 245);\" \/><br \/>\n<span style=\"font-family: sans-serif; line-height: 20px; text-align: justify; background-color: rgb(242, 244, 245);\">Nusret May\u0131n Gemisi\u2019nin gezilmesiyle buradaki program sona erdi. Daha sonra protokol \u00fcyeleri, \u015fehitli\u011fe ge\u00e7ti.\u00a0<\/span><\/span><\/p>\n","protected":false},"excerpt":{"rendered":"<p>Mersin&#8217;in Tarsus il\u00e7esinde, 18 Mart \u00c7anakkale Zaferi ve \u015eehitler G\u00fcn\u00fc, \u00c7anakkale Zaferi K\u00fclt\u00fcr Park\u0131&#8217;ndaki Nusret May\u0131n Gemisi&#8217;nde kutland\u0131. Adana-Mersin Karayolu kenar\u0131nda bulunan Nusret May\u0131n Gemisi&#8217;nin bulundu\u011fu \u00c7anakkale Zaferi K\u00fclt\u00fcr Park\u0131&#8217;nda &hellip; <a href=\"https:\/\/akdenizolaygazetesi.com\/?p=1556\" class=\"more-link\">Devam\u0131n\u0131 Oku&#8230;<\/a><\/p>\n","protected":false},"author":1,"featured_media":0,"comment_status":"open","ping_status":"open","sticky":false,"template":"","format":"standard","meta":[],"categories":[],"tags":[],"_links":{"self":[{"href":"https:\/\/akdenizolaygazetesi.com\/index.php?rest_route=\/wp\/v2\/posts\/1556"}],"collection":[{"href":"https:\/\/akdenizolaygazetesi.com\/index.php?rest_route=\/wp\/v2\/posts"}],"about":[{"href":"https:\/\/akdenizolaygazetesi.com\/index.php?rest_route=\/wp\/v2\/types\/post"}],"author":[{"embeddable":true,"href":"https:\/\/akdenizolaygazetesi.com\/index.php?rest_route=\/wp\/v2\/users\/1"}],"replies":[{"embeddable":true,"href":"https:\/\/akdenizolaygazetesi.com\/index.php?rest_route=%2Fwp%2Fv2%2Fcomments&post=1556"}],"version-history":[{"count":0,"href":"https:\/\/akdenizolaygazetesi.com\/index.php?rest_route=\/wp\/v2\/posts\/1556\/revisions"}],"wp:attachment":[{"href":"https:\/\/akdenizolaygazetesi.com\/index.php?rest_route=%2Fwp%2Fv2%2Fmedia&parent=1556"}],"wp:term":[{"taxonomy":"category","embeddable":true,"href":"https:\/\/akdenizolaygazetesi.com\/index.php?rest_route=%2Fwp%2Fv2%2Fcategories&post=1556"},{"taxonomy":"post_tag","embeddable":true,"href":"https:\/\/akdenizolaygazetesi.com\/index.php?rest_route=%2Fwp%2Fv2%2Ftags&post=1556"}],"curies":[{"name":"wp","href":"https:\/\/api.w.org\/{rel}","templated":true}]}}