{"id":1558,"date":"2020-11-04T18:22:06","date_gmt":"2020-11-04T15:22:06","guid":{"rendered":"http:\/\/mersinekonomipolitikagazetesi.com\/?p=1558"},"modified":"2020-11-04T18:22:06","modified_gmt":"2020-11-04T15:22:06","slug":"ataturkun-mersine-gelisinin-95-yil-donumu-coskuyla-kutlandi","status":"publish","type":"post","link":"https:\/\/akdenizolaygazetesi.com\/?p=1558","title":{"rendered":"Atat\u00fcrk&#8217;\u00fcn Mersin&#8217;e geli\u015finin 95. y\u0131l d\u00f6n\u00fcm\u00fc co\u015fkuyla kutland\u0131"},"content":{"rendered":"<p>Mustafa Kemal Atat\u00fcrk\u2019\u00fcn Mersin\u2019e geli\u015finin 95. y\u0131l d\u00f6n\u00fcm\u00fc, co\u015fkuyla kutland\u0131. Mersin Valisi Ali \u0130hsan Su, tren gar\u0131nda Atat\u00fcrk\u2019\u00fcn Mersin\u2019e geli\u015fini temsilen gazileri ta\u015f\u0131yan treni kar\u015f\u0131layarak, T\u00fcrk bayra\u011f\u0131n\u0131 \u00f6perek teslim ald\u0131.<\/p>\n<p><span style=\"font-size:16px;\"><span style=\"font-family: sans-serif; line-height: 20px; text-align: justify; background-color: rgb(242, 244, 245);\">17 Mart 1923&#8217;te Atat\u00fcrk&#8217;\u00fcn Mersin&#8217;e geli\u015finin y\u0131l d\u00f6n\u00fcm\u00fc dolay\u0131s\u0131yla d\u00fczenlenen ilk t\u00f6ren tren gar\u0131nda ger\u00e7ekle\u015ftirildi. Mersin Valisi Ali \u0130hsan Su, tren gar\u0131nda Atat\u00fcrk&#8217;\u00fcn Mersin&#8217;e geli\u015fini temsilen gazileri ta\u015f\u0131yan treni kar\u015f\u0131lad\u0131 ve T\u00fcrk bayra\u011f\u0131n\u0131 teslim ald\u0131.\u00a0<\/span><br style=\"box-sizing: border-box; font-family: sans-serif; font-size: 14px; line-height: 20px; text-align: justify; background-color: rgb(242, 244, 245);\" \/><br \/>\n<span style=\"font-family: sans-serif; line-height: 20px; text-align: justify; background-color: rgb(242, 244, 245);\">Buradaki t\u00f6rene Vali Su&#8217;nun yan\u0131 s\u0131ra Akdeniz B\u00f6lge ve Garnizon Komutan\u0131 Tu\u011famiral \u00d6nder G\u00fcrb\u00fcz, B\u00fcy\u00fck\u015fehir Belediyesi Ba\u015fkan Vekili Kerim Tufan, Mersin Cumhuriyet Ba\u015fsavc\u0131s\u0131 Mustafa Ercan, Kuzey K\u0131br\u0131s T\u00fcrk Cumhuriyeti Mersin Konsolosu Ay\u015fe Volkan \u0130nan\u0131ro\u011flu, \u0130l Emniyet M\u00fcd\u00fcr\u00fc Mehmet \u015eahne, \u0130l Jandarma Komutan\u0131 K\u0131demli Albay Yusuf Ziyaeddin Cavlak, Mersin milletvekilleri, kaymakamlar, protokol \u00fcyeleri, gaziler ve \u00f6\u011frenciler kat\u0131ld\u0131.\u00a0<\/span><br style=\"box-sizing: border-box; font-family: sans-serif; font-size: 14px; line-height: 20px; text-align: justify; background-color: rgb(242, 244, 245);\" \/><br \/>\n<span style=\"font-family: sans-serif; line-height: 20px; text-align: justify; background-color: rgb(242, 244, 245);\">T\u00f6rende, Atat\u00fcrk&#8217;\u00fc Mersin&#8217;e getiren temsili treni kar\u015f\u0131layan Vali Su, trenden inen T\u00fcrkiye Muharip Gaziler Derne\u011fi Mersin \u015eube Ba\u015fkan\u0131 Kemal C\u0131nd\u0131z&#8217;\u0131n \u00f6perek uzatt\u0131\u011f\u0131 T\u00fcrk bayra\u011f\u0131n\u0131 \u00f6perek teslim ald\u0131. B\u00fcy\u00fck\u015fehir Belediyesi Halk Oyunlar\u0131 Ekibinin sundu\u011fu g\u00f6sterinin ard\u0131ndan kat\u0131l\u0131mc\u0131lar, Mersin B\u00fcy\u00fck\u015fehir Belediyesi Bandosu e\u015fli\u011finde \u0130n\u00f6n\u00fc Bulvar\u0131&#8217;n\u0131 takiben Cumhuriyet Meydan\u0131na y\u00fcr\u00fcd\u00fc.\u00a0<\/span><br style=\"box-sizing: border-box; font-family: sans-serif; font-size: 14px; line-height: 20px; text-align: justify; background-color: rgb(242, 244, 245);\" \/><br \/>\n<span style=\"font-family: sans-serif; line-height: 20px; text-align: justify; background-color: rgb(242, 244, 245);\">Cumhuriyet Meydan\u0131ndaki t\u00f6rende Valisi Ali \u0130hsan Su, Akdeniz B\u00f6lge ve Garnizon Komutan\u0131 Tu\u011famiral \u00d6nder G\u00fcrb\u00fcz ve B\u00fcy\u00fck\u015fehir Belediyesi Ba\u015fkan Vekili Kerim Tufan, Atat\u00fcrk An\u0131t\u0131na \u00e7elenk sundular.\u00a0<\/span><br style=\"box-sizing: border-box; font-family: sans-serif; font-size: 14px; line-height: 20px; text-align: justify; background-color: rgb(242, 244, 245);\" \/><br \/>\n<span style=\"font-family: sans-serif; line-height: 20px; text-align: justify; background-color: rgb(242, 244, 245);\">\u201cMersinliler yere g\u00f6\u011fe s\u0131\u011fm\u0131yordu\u201d\u00a0<\/span><br style=\"box-sizing: border-box; font-family: sans-serif; font-size: 14px; line-height: 20px; text-align: justify; background-color: rgb(242, 244, 245);\" \/><br \/>\n<span style=\"font-family: sans-serif; line-height: 20px; text-align: justify; background-color: rgb(242, 244, 245);\">\u00d6\u011frencilerin \u015fiirler okudu\u011fu t\u00f6rende konu\u015fan Ba\u015fkan Vekili Kerim Tufan, Atat\u00fcrk\u2019\u00fcn 5 Kas\u0131m 1918 y\u0131l\u0131nda Mersin\u2019e gelerek milli m\u00fccadelenin ilk i\u015faretini buradan verdi\u011fini belirterek, &#8220;Bug\u00fcn burada T\u00fcrkiye\u2019nin tek yerel \u2018Atat\u00fcrk Bayram\u0131n\u0131\u2019 kutluyoruz. Milli m\u00fccadele sonras\u0131ndaki Mersin\u2019e ilk ziyaret \u0130zmir \u0130ktisat Kongresi\u2019nden hemen sonra 17 Mart 1923\u2019te ger\u00e7ekle\u015fmi\u015ftir. Atam\u0131z\u0131n bu ziyaret g\u00fcn\u00fc, kendisini \u00e7ok seven Mersinliler\u00a0<\/span><br style=\"box-sizing: border-box; font-family: sans-serif; font-size: 14px; line-height: 20px; text-align: justify; background-color: rgb(242, 244, 245);\" \/><br \/>\n<span style=\"font-family: sans-serif; line-height: 20px; text-align: justify; background-color: rgb(242, 244, 245);\">taraf\u0131ndan her y\u0131l &#8216;Atat\u00fcrk Bayram\u0131&#8217; olarak kutlanmaya ba\u015flanm\u0131\u015ft\u0131r. Atat\u00fcrk o g\u00fcn mare\u015fal \u00fcniformal\u0131yd\u0131. B\u00fcy\u00fck co\u015fku i\u00e7erisinde trenden indi. Mersinliler yere g\u00f6\u011fe s\u0131\u011fm\u0131yordu. H\u00fck\u00fcmet kona\u011f\u0131n\u0131, belediyeyi ve M\u00fcdafa-i Hukuk Cemiyetini ziyaret etti\u201d dedi.\u00a0<\/span><br style=\"box-sizing: border-box; font-family: sans-serif; font-size: 14px; line-height: 20px; text-align: justify; background-color: rgb(242, 244, 245);\" \/><br \/>\n<span style=\"font-family: sans-serif; line-height: 20px; text-align: justify; background-color: rgb(242, 244, 245);\">Atat\u00fcrk\u2019\u00fcn Mersin\u2019e 10 kez geldi\u011fini ve her geli\u015finde \u00f6nemli tespitlerde bulundu\u011funu kaydeden Tufan, \u201cAtat\u00fcrk \u015fehrimize, b\u00f6lgemize her geli\u015finde arkas\u0131nda veciz s\u00f6zler ve nasihatler b\u0131rakarak gitmi\u015ftir. \u2018Mersinliler Mersin\u2019e sahip \u00e7\u0131k\u0131n\u0131z\u2019 derken, bunu sadece g\u00fcvenlik anlam\u0131nda sahip \u00e7\u0131kma olarak s\u00f6ylememi\u015f, ekonomik, sosyal ve k\u00fclt\u00fcrel olarak da sahip \u00e7\u0131kmay\u0131 emretmi\u015ftir. Bir ba\u015fka seferinde \u2018Arkada\u015flar d\u00f6n\u00fcp Toros da\u011flar\u0131na bak\u0131n\u0131z. Orada bir tek Y\u00f6r\u00fck \u00e7ad\u0131r\u0131 g\u00f6r\u00fcrseniz ve o \u00e7ad\u0131rda bir duman t\u00fct\u00fcyorsa bu d\u00fcnyada hi\u00e7 bir g\u00fc\u00e7 bizi yenemez\u2019 derken, y\u00fcce T\u00fcrk milletine ve Mersinlilere ne kadar g\u00fcvendi\u011fini g\u00f6stermi\u015ftir\u201d ifadelerini kulland\u0131.\u00a0<\/span><br style=\"box-sizing: border-box; font-family: sans-serif; font-size: 14px; line-height: 20px; text-align: justify; background-color: rgb(242, 244, 245);\" \/><br \/>\n<span style=\"font-family: sans-serif; line-height: 20px; text-align: justify; background-color: rgb(242, 244, 245);\">T\u00fcrk milletine ve Mersinlilere yapt\u0131klar\u0131ndan dolay\u0131 Atat\u00fcrk\u2019e te\u015fekk\u00fcrlerini sunan Tufan, \u201cHatay sorununu \u00e7\u00f6zmek, Fransa\u2019ya g\u00f6zda\u011f\u0131 vermek ve sa\u011fl\u0131k durumu hakk\u0131ndaki haberleri \u00e7\u00fcr\u00fctmek amac\u0131yla 20 May\u0131s 1938 tarihinde son kez Mersin\u2019i ziyaret etmi\u015f ve yabanc\u0131 bas\u0131ndaki hastal\u0131k haberleri kesilmi\u015ftir. Bu vesileyle \u00e7e\u015fitli tarihlerde ilimizi 10 kez \u015fereflendiren Gazi Mustafa Kemal Atat\u00fcrk\u2019\u00fcn aziz hat\u0131ras\u0131 \u00f6n\u00fcnde sayg\u0131yla e\u011filiyorum. Milletimize ve Mersin\u2019imize yapt\u0131klar\u0131 i\u00e7in kendisine binlerce kez te\u015fekk\u00fcr ediyorum. Cenab\u0131 Mevla\u2019m, Atat\u00fcrk gibi liderlerden milletimizi mahrum b\u0131rakmas\u0131n. Aziz milletimizi, vatan\u0131 ve devletiyle birlikte sonsuza kadar var etsin\u201d \u015feklinde konu\u015ftu.\u00a0<\/span><br style=\"box-sizing: border-box; font-family: sans-serif; font-size: 14px; line-height: 20px; text-align: justify; background-color: rgb(242, 244, 245);\" \/><br \/>\n<span style=\"font-family: sans-serif; line-height: 20px; text-align: justify; background-color: rgb(242, 244, 245);\">18 Mart \u00c7anakkale Zaferi\u2019nin 100. y\u0131l d\u00f6n\u00fcm\u00fcne ve Mersin\u2019in milli m\u00fccadeledeki yerine de\u011finen Tufan, \u201cYar\u0131n, B\u00fcy\u00fck Atat\u00fcrk\u2019\u00fcn &#8216;Anafartalar Kahraman\u0131&#8217; olarak bayrakla\u015ft\u0131\u011f\u0131 \u00c7anakkale Zaferimizin 103. y\u0131ld\u00f6n\u00fcm\u00fc. D\u00fcnya tarihinin bu en dramatik ancak milletimiz a\u00e7\u0131s\u0131ndan en onur verici zaferinde Mersin olarak merkezden ve 222 de\u011fi\u015fik k\u00f6y\u00fcm\u00fczden tam bin 218 \u015fehit verdik. Neredeyse her kar\u0131\u015f topra\u011f\u0131nda \u00c7anakkale\u2019nin izi ve hat\u0131ras\u0131 bulunan Mersin\u2019imiz ayn\u0131 zamanda \u00c7anakkale\u2019yi ge\u00e7ilmez k\u0131lan Nusrat May\u0131n Gemisine ba\u011fr\u0131n\u0131 a\u00e7m\u0131\u015ft\u0131r\u201d dedi.\u00a0<\/span><br style=\"box-sizing: border-box; font-family: sans-serif; font-size: 14px; line-height: 20px; text-align: justify; background-color: rgb(242, 244, 245);\" \/><br \/>\n<span style=\"font-family: sans-serif; line-height: 20px; text-align: justify; background-color: rgb(242, 244, 245);\">B\u00fcy\u00fck\u015fehir Belediyesi Halk Oyunlar\u0131 Ekibi ve Mersin \u00dcniversitesi Modern Halk Danslar\u0131 Ekibinin g\u00f6sterileriyle devam eden t\u00f6rende, g\u00f6steri sonras\u0131 a\u00e7\u0131lan dev T\u00fcrk bayra\u011f\u0131 vatanda\u015flardan b\u00fcy\u00fck alk\u0131\u015f ald\u0131.\u00a0<\/span><\/span><\/p>\n","protected":false},"excerpt":{"rendered":"<p>Mustafa Kemal Atat\u00fcrk\u2019\u00fcn Mersin\u2019e geli\u015finin 95. y\u0131l d\u00f6n\u00fcm\u00fc, co\u015fkuyla kutland\u0131. Mersin Valisi Ali \u0130hsan Su, tren gar\u0131nda Atat\u00fcrk\u2019\u00fcn Mersin\u2019e geli\u015fini temsilen gazileri ta\u015f\u0131yan treni kar\u015f\u0131layarak, T\u00fcrk bayra\u011f\u0131n\u0131 \u00f6perek teslim ald\u0131. &hellip; <a href=\"https:\/\/akdenizolaygazetesi.com\/?p=1558\" class=\"more-link\">Devam\u0131n\u0131 Oku&#8230;<\/a><\/p>\n","protected":false},"author":1,"featured_media":0,"comment_status":"open","ping_status":"open","sticky":false,"template":"","format":"standard","meta":[],"categories":[],"tags":[],"_links":{"self":[{"href":"https:\/\/akdenizolaygazetesi.com\/index.php?rest_route=\/wp\/v2\/posts\/1558"}],"collection":[{"href":"https:\/\/akdenizolaygazetesi.com\/index.php?rest_route=\/wp\/v2\/posts"}],"about":[{"href":"https:\/\/akdenizolaygazetesi.com\/index.php?rest_route=\/wp\/v2\/types\/post"}],"author":[{"embeddable":true,"href":"https:\/\/akdenizolaygazetesi.com\/index.php?rest_route=\/wp\/v2\/users\/1"}],"replies":[{"embeddable":true,"href":"https:\/\/akdenizolaygazetesi.com\/index.php?rest_route=%2Fwp%2Fv2%2Fcomments&post=1558"}],"version-history":[{"count":0,"href":"https:\/\/akdenizolaygazetesi.com\/index.php?rest_route=\/wp\/v2\/posts\/1558\/revisions"}],"wp:attachment":[{"href":"https:\/\/akdenizolaygazetesi.com\/index.php?rest_route=%2Fwp%2Fv2%2Fmedia&parent=1558"}],"wp:term":[{"taxonomy":"category","embeddable":true,"href":"https:\/\/akdenizolaygazetesi.com\/index.php?rest_route=%2Fwp%2Fv2%2Fcategories&post=1558"},{"taxonomy":"post_tag","embeddable":true,"href":"https:\/\/akdenizolaygazetesi.com\/index.php?rest_route=%2Fwp%2Fv2%2Ftags&post=1558"}],"curies":[{"name":"wp","href":"https:\/\/api.w.org\/{rel}","templated":true}]}}