{"id":1559,"date":"2020-11-04T18:22:06","date_gmt":"2020-11-04T15:22:06","guid":{"rendered":"http:\/\/mersinekonomipolitikagazetesi.com\/?p=1559"},"modified":"2020-11-04T18:22:06","modified_gmt":"2020-11-04T15:22:06","slug":"vali-su-dereceye-giren-ogrencileri-kabul-etti","status":"publish","type":"post","link":"https:\/\/akdenizolaygazetesi.com\/?p=1559","title":{"rendered":"Vali Su, dereceye giren \u00f6\u011frencileri kabul etti"},"content":{"rendered":"<p>Mersin Valisi Ali \u0130hsan Su, \u0130nsan Haklar\u0131 ve E\u015fitlik Kurumu himayesinde, \u0130l Milli E\u011fitim M\u00fcd\u00fcrl\u00fc\u011f\u00fc taraf\u0131ndan \u201818 Mart \u015eehitler G\u00fcn\u00fc\u2019 m\u00fcnasebetiyle d\u00fczenlenen \u2018insan olmak\u2019 konulu resim, \u015fiir ve kompozisyon yar\u0131\u015fmalar\u0131nda dereceye giren \u00f6\u011frencilere \u00f6d\u00fcllerini verdi.<\/p>\n<p><span style=\"font-size:16px;\"><span style=\"font-family: sans-serif; line-height: 20px; text-align: justify; background-color: rgb(242, 244, 245);\">\u0130l Milli E\u011fitim M\u00fcd\u00fcr\u00fc Adem Koca&#8217;n\u0131n da kat\u0131ld\u0131\u011f\u0131 ziyarette \u00f6\u011frencileri tebrik eden Vali Su, gelece\u011fin in\u015fas\u0131nda gen\u00e7lere ve \u00e7ocuklara \u00f6nemli g\u00f6revler d\u00fc\u015ft\u00fc\u011f\u00fcn\u00fc ifade ederek, &#8216;\u015eehitler G\u00fcn\u00fc&#8217; m\u00fcnasebetiyle d\u00fczenlenen yar\u0131\u015fmalarda ba\u015far\u0131 elde eden \u00f6\u011frencilere, bundan sonraki e\u011fitim hayatlar\u0131nda da ba\u015far\u0131lar\u0131n\u0131n devam etmesi temennisinde bulundu.\u00a0<\/span><br style=\"box-sizing: border-box; font-family: sans-serif; font-size: 14px; line-height: 20px; text-align: justify; background-color: rgb(242, 244, 245);\" \/><br \/>\n<span style=\"font-family: sans-serif; line-height: 20px; text-align: justify; background-color: rgb(242, 244, 245);\">\u0130l Milli E\u011fitim M\u00fcd\u00fcr\u00fc Adem Koca ise \u201818 Mart \u015eehitler G\u00fcn\u00fc\u2019 m\u00fcnasebetiyle d\u00fczenlenen etkinlikler hakk\u0131nda bilgi verirken, yar\u0131\u015fmada dereceye giren \u00f6\u011frencilere \u00f6d\u00fclleri verildi.\u00a0<\/span><\/span><\/p>\n","protected":false},"excerpt":{"rendered":"<p>Mersin Valisi Ali \u0130hsan Su, \u0130nsan Haklar\u0131 ve E\u015fitlik Kurumu himayesinde, \u0130l Milli E\u011fitim M\u00fcd\u00fcrl\u00fc\u011f\u00fc taraf\u0131ndan \u201818 Mart \u015eehitler G\u00fcn\u00fc\u2019 m\u00fcnasebetiyle d\u00fczenlenen \u2018insan olmak\u2019 konulu resim, \u015fiir ve kompozisyon yar\u0131\u015fmalar\u0131nda &hellip; <a href=\"https:\/\/akdenizolaygazetesi.com\/?p=1559\" class=\"more-link\">Devam\u0131n\u0131 Oku&#8230;<\/a><\/p>\n","protected":false},"author":1,"featured_media":0,"comment_status":"open","ping_status":"open","sticky":false,"template":"","format":"standard","meta":[],"categories":[],"tags":[],"_links":{"self":[{"href":"https:\/\/akdenizolaygazetesi.com\/index.php?rest_route=\/wp\/v2\/posts\/1559"}],"collection":[{"href":"https:\/\/akdenizolaygazetesi.com\/index.php?rest_route=\/wp\/v2\/posts"}],"about":[{"href":"https:\/\/akdenizolaygazetesi.com\/index.php?rest_route=\/wp\/v2\/types\/post"}],"author":[{"embeddable":true,"href":"https:\/\/akdenizolaygazetesi.com\/index.php?rest_route=\/wp\/v2\/users\/1"}],"replies":[{"embeddable":true,"href":"https:\/\/akdenizolaygazetesi.com\/index.php?rest_route=%2Fwp%2Fv2%2Fcomments&post=1559"}],"version-history":[{"count":0,"href":"https:\/\/akdenizolaygazetesi.com\/index.php?rest_route=\/wp\/v2\/posts\/1559\/revisions"}],"wp:attachment":[{"href":"https:\/\/akdenizolaygazetesi.com\/index.php?rest_route=%2Fwp%2Fv2%2Fmedia&parent=1559"}],"wp:term":[{"taxonomy":"category","embeddable":true,"href":"https:\/\/akdenizolaygazetesi.com\/index.php?rest_route=%2Fwp%2Fv2%2Fcategories&post=1559"},{"taxonomy":"post_tag","embeddable":true,"href":"https:\/\/akdenizolaygazetesi.com\/index.php?rest_route=%2Fwp%2Fv2%2Ftags&post=1559"}],"curies":[{"name":"wp","href":"https:\/\/api.w.org\/{rel}","templated":true}]}}