{"id":1561,"date":"2020-11-04T18:22:06","date_gmt":"2020-11-04T15:22:06","guid":{"rendered":"http:\/\/mersinekonomipolitikagazetesi.com\/?p=1561"},"modified":"2020-11-04T18:22:06","modified_gmt":"2020-11-04T15:22:06","slug":"ust-minikler-turkiye-boks-sampiyonasi-mersinde-basladi","status":"publish","type":"post","link":"https:\/\/akdenizolaygazetesi.com\/?p=1561","title":{"rendered":"\u00dcst Minikler T\u00fcrkiye Boks \u015eampiyonas\u0131 Mersin&#8217;de ba\u015flad\u0131"},"content":{"rendered":"<p>T\u00fcrkiye Boks Federasyonu taraf\u0131ndan organize edilen \u00dcst Minikler T\u00fcrkiye Boks \u015eampiyonas\u0131, Mersin\u2019in ev sahipli\u011finde 47 ilden 527 sporcunun kat\u0131l\u0131m\u0131yla Servet Tazeg\u00fcl Spor Salonunda ba\u015flad\u0131.<\/p>\n<p><span style=\"font-size:16px;\"><span style=\"font-family: sans-serif; line-height: 20px; text-align: justify; background-color: rgb(242, 244, 245);\">A\u00e7\u0131l\u0131\u015fta konu\u015fan Gen\u00e7lik Hizmetleri ve Spor \u0130l M\u00fcd\u00fcr\u00fc \u015eaban G\u00fcne\u015f, sporun uluslararas\u0131 arenada bir g\u00fc\u00e7 oldu\u011funu belirterek, &#8220;Sizlerinde uluslararas\u0131 arenada yumruklar\u0131n\u0131za rabbim g\u00fc\u00e7 kuvvet versin. \u0130n\u015fallah \u015fanl\u0131 bayra\u011f\u0131m\u0131z\u0131 uluslararas\u0131 arenada da dalgaland\u0131r\u0131rs\u0131n\u0131z. Her zaman hedefiniz b\u00fcy\u00fck olsun ve \u015funu hi\u00e7bir zaman unutmay\u0131n. Evinizin bir k\u00f6\u015fesine \u015fanl\u0131 T\u00fcrk bayra\u011f\u0131m\u0131z\u0131 as\u0131n, alt\u0131na da bir not yaz\u0131n. \u0130n\u015fallah seni bir g\u00fcn uluslararas\u0131 arenada dalgaland\u0131raca\u011f\u0131ma s\u00f6z veriyorum ve bu notu her g\u00fcn okuyun. Rabbimin yard\u0131m\u0131yla o ba\u015far\u0131ya ula\u015facaks\u0131n\u0131z. \u015eanl\u0131 bayra\u011f\u0131m\u0131z\u0131 d\u00fcnyan\u0131n her yerinde dalgaland\u0131racaks\u0131n\u0131z. Turnuvan\u0131n elbete ki kazanan\u0131 ve kaybedeni olacak ama \u015funu unutmay\u0131n ki kazanan birlik ve beraberli\u011fimiz olsun diyor, hepinize ba\u015far\u0131lar diliyorum\u201d dedi.\u00a0<\/span><br style=\"box-sizing: border-box; font-family: sans-serif; font-size: 14px; line-height: 20px; text-align: justify; background-color: rgb(242, 244, 245);\" \/><br \/>\n<span style=\"font-family: sans-serif; line-height: 20px; text-align: justify; background-color: rgb(242, 244, 245);\">Konu\u015fmalar\u0131n ard\u0131ndan \u015fampiyonunun ilk m\u00fcsabakalar\u0131 yap\u0131ld\u0131. \u015eampiyona 23 Mart&#8217;ta oynanacak final m\u00fcsabakalar\u0131 ile sona erecek.\u00a0<\/span><\/span><\/p>\n","protected":false},"excerpt":{"rendered":"<p>T\u00fcrkiye Boks Federasyonu taraf\u0131ndan organize edilen \u00dcst Minikler T\u00fcrkiye Boks \u015eampiyonas\u0131, Mersin\u2019in ev sahipli\u011finde 47 ilden 527 sporcunun kat\u0131l\u0131m\u0131yla Servet Tazeg\u00fcl Spor Salonunda ba\u015flad\u0131. A\u00e7\u0131l\u0131\u015fta konu\u015fan Gen\u00e7lik Hizmetleri ve Spor &hellip; <a href=\"https:\/\/akdenizolaygazetesi.com\/?p=1561\" class=\"more-link\">Devam\u0131n\u0131 Oku&#8230;<\/a><\/p>\n","protected":false},"author":1,"featured_media":0,"comment_status":"open","ping_status":"open","sticky":false,"template":"","format":"standard","meta":[],"categories":[],"tags":[],"_links":{"self":[{"href":"https:\/\/akdenizolaygazetesi.com\/index.php?rest_route=\/wp\/v2\/posts\/1561"}],"collection":[{"href":"https:\/\/akdenizolaygazetesi.com\/index.php?rest_route=\/wp\/v2\/posts"}],"about":[{"href":"https:\/\/akdenizolaygazetesi.com\/index.php?rest_route=\/wp\/v2\/types\/post"}],"author":[{"embeddable":true,"href":"https:\/\/akdenizolaygazetesi.com\/index.php?rest_route=\/wp\/v2\/users\/1"}],"replies":[{"embeddable":true,"href":"https:\/\/akdenizolaygazetesi.com\/index.php?rest_route=%2Fwp%2Fv2%2Fcomments&post=1561"}],"version-history":[{"count":0,"href":"https:\/\/akdenizolaygazetesi.com\/index.php?rest_route=\/wp\/v2\/posts\/1561\/revisions"}],"wp:attachment":[{"href":"https:\/\/akdenizolaygazetesi.com\/index.php?rest_route=%2Fwp%2Fv2%2Fmedia&parent=1561"}],"wp:term":[{"taxonomy":"category","embeddable":true,"href":"https:\/\/akdenizolaygazetesi.com\/index.php?rest_route=%2Fwp%2Fv2%2Fcategories&post=1561"},{"taxonomy":"post_tag","embeddable":true,"href":"https:\/\/akdenizolaygazetesi.com\/index.php?rest_route=%2Fwp%2Fv2%2Ftags&post=1561"}],"curies":[{"name":"wp","href":"https:\/\/api.w.org\/{rel}","templated":true}]}}