{"id":1562,"date":"2020-11-04T18:22:06","date_gmt":"2020-11-04T15:22:06","guid":{"rendered":"http:\/\/mersinekonomipolitikagazetesi.com\/?p=1562"},"modified":"2020-11-04T18:22:06","modified_gmt":"2020-11-04T15:22:06","slug":"baskan-tuna-mubarek-3-aylar-sevgi-ve-barisi-bize-hatirlatir","status":"publish","type":"post","link":"https:\/\/akdenizolaygazetesi.com\/?p=1562","title":{"rendered":"Ba\u015fkan Tuna: &#8220;M\u00fcbarek 3 aylar, sevgi ve bar\u0131\u015f\u0131 bize hat\u0131rlat\u0131r&#8221;"},"content":{"rendered":"<p>Mersin&#8217;in merkez il\u00e7e Toroslar Belediye Ba\u015fkan\u0131 Hamit Tuna, Ramazan ay\u0131n\u0131n habercisi olan \u00fc\u00e7 aylar\u0131n ba\u015flamas\u0131yla ilgili bir mesaj yay\u0131nlad\u0131.<\/p>\n<p><span style=\"font-size:16px;\"><span style=\"font-family: sans-serif; line-height: 20px; text-align: justify; background-color: rgb(242, 244, 245);\">Recep, \u015eaban ve Ramazan aylar\u0131n\u0131 i\u00e7inde bar\u0131nd\u0131ran bereket ve huzur dolu g\u00fcnlerin ba\u015flang\u0131c\u0131 olan \u00fc\u00e7 aylar\u0131 idrak etmenin mutlulu\u011funu ya\u015fad\u0131klar\u0131n\u0131 belirten Tuna, &#8220;Birbiri ard\u0131na a\u00e7\u0131lan rahmet ve ma\u011ffiret kap\u0131lar\u0131 olan Recep, \u015eaban ve Ramazan ay\u0131n\u0131 i\u00e7inde bar\u0131nd\u0131ran, Regaip Kandiliyle ba\u015flayan, Mira\u00e7 ve Beratla devam eden, bin aydan daha hay\u0131rl\u0131 Kadir Gecesini i\u00e7erisinde bar\u0131nd\u0131ran ve Ramazan Bayram\u0131yla sona eren m\u00fcbarek \u00fc\u00e7 aylar\u0131 idrak etmenin mutlulu\u011fu i\u00e7erisindeyiz.Bu duygu ve d\u00fc\u015f\u00fcncelerle milletimizin ve t\u00fcm \u0130slam aleminin m\u00fcbarek \u00fc\u00e7 aylar\u0131n\u0131 tebrik ederek, bu m\u00fcbarek g\u00fcnlerin birlik ve beraberli\u011fe, bar\u0131\u015f ve huzura vesile olmas\u0131n\u0131 dilerim\u201d dedi.\u00a0<\/span><\/span><\/p>\n","protected":false},"excerpt":{"rendered":"<p>Mersin&#8217;in merkez il\u00e7e Toroslar Belediye Ba\u015fkan\u0131 Hamit Tuna, Ramazan ay\u0131n\u0131n habercisi olan \u00fc\u00e7 aylar\u0131n ba\u015flamas\u0131yla ilgili bir mesaj yay\u0131nlad\u0131. Recep, \u015eaban ve Ramazan aylar\u0131n\u0131 i\u00e7inde bar\u0131nd\u0131ran bereket ve huzur dolu &hellip; <a href=\"https:\/\/akdenizolaygazetesi.com\/?p=1562\" class=\"more-link\">Devam\u0131n\u0131 Oku&#8230;<\/a><\/p>\n","protected":false},"author":1,"featured_media":0,"comment_status":"open","ping_status":"open","sticky":false,"template":"","format":"standard","meta":[],"categories":[],"tags":[],"_links":{"self":[{"href":"https:\/\/akdenizolaygazetesi.com\/index.php?rest_route=\/wp\/v2\/posts\/1562"}],"collection":[{"href":"https:\/\/akdenizolaygazetesi.com\/index.php?rest_route=\/wp\/v2\/posts"}],"about":[{"href":"https:\/\/akdenizolaygazetesi.com\/index.php?rest_route=\/wp\/v2\/types\/post"}],"author":[{"embeddable":true,"href":"https:\/\/akdenizolaygazetesi.com\/index.php?rest_route=\/wp\/v2\/users\/1"}],"replies":[{"embeddable":true,"href":"https:\/\/akdenizolaygazetesi.com\/index.php?rest_route=%2Fwp%2Fv2%2Fcomments&post=1562"}],"version-history":[{"count":0,"href":"https:\/\/akdenizolaygazetesi.com\/index.php?rest_route=\/wp\/v2\/posts\/1562\/revisions"}],"wp:attachment":[{"href":"https:\/\/akdenizolaygazetesi.com\/index.php?rest_route=%2Fwp%2Fv2%2Fmedia&parent=1562"}],"wp:term":[{"taxonomy":"category","embeddable":true,"href":"https:\/\/akdenizolaygazetesi.com\/index.php?rest_route=%2Fwp%2Fv2%2Fcategories&post=1562"},{"taxonomy":"post_tag","embeddable":true,"href":"https:\/\/akdenizolaygazetesi.com\/index.php?rest_route=%2Fwp%2Fv2%2Ftags&post=1562"}],"curies":[{"name":"wp","href":"https:\/\/api.w.org\/{rel}","templated":true}]}}