{"id":1566,"date":"2020-11-04T18:22:08","date_gmt":"2020-11-04T15:22:08","guid":{"rendered":"http:\/\/mersinekonomipolitikagazetesi.com\/?p=1566"},"modified":"2020-11-04T18:22:08","modified_gmt":"2020-11-04T15:22:08","slug":"mona-lisa-mersindeki-konutlarin-duvarini-susluyor","status":"publish","type":"post","link":"https:\/\/akdenizolaygazetesi.com\/?p=1566","title":{"rendered":"&#8216;Mona Lisa&#8217; Mersin&#8217;deki konutlar\u0131n duvar\u0131n\u0131 s\u00fcsl\u00fcyor"},"content":{"rendered":"<p>Mersin&#8217;de, Toroslar Belediyesi taraf\u0131ndan d\u0131\u015f cephesi eskiyen toplu konut binalar\u0131 i\u00e7in ba\u015flat\u0131lan proje kapsam\u0131nda, bu kez de Leonardo Da Vinci\u2019nin \u00fcnl\u00fc eseri \u2018Mona Lisa\u2019 portresi evlerin duvar\u0131n\u0131 s\u00fcsledi.<\/p>\n<p><span style=\"font-size:16px;\"><span style=\"font-family: sans-serif; line-height: 20px; text-align: justify; background-color: rgb(242, 244, 245);\">Toroslar Belediyesi\u2019nin, Akbelen Bulvar\u0131 \u00fczerindeki d\u0131\u015f cephesi eskiyen toplu konut binalar\u0131nda ba\u015flatt\u0131\u011f\u0131 \u2018bulvar, cadde ve sokaklarda cephe d\u00fczenlemesi\u2019 projesi kapsam\u0131nda, bu kez de Leonardo Da Vinci\u2019nin \u00fcnl\u00fc eseri \u2018Mona Lisa\u2019 portresinin reprod\u00fcksiyonu yap\u0131ld\u0131.\u00a0<\/span><br style=\"box-sizing: border-box; font-family: sans-serif; font-size: 14px; line-height: 20px; text-align: justify; background-color: rgb(242, 244, 245);\" \/><br \/>\n<span style=\"font-family: sans-serif; line-height: 20px; text-align: justify; background-color: rgb(242, 244, 245);\">Toroslar Belediye Ba\u015fkan\u0131 Hamit Tuna\u2019n\u0131n hayalini kurdu\u011fu, ressam Nazife Bilgin Hazar\u2019\u0131n elinde hayat bulan proje kapsam\u0131nda yer alan eserler, topulumun b\u00fcy\u00fck kesimi taraf\u0131ndan b\u00fcy\u00fck ilgi g\u00f6r\u00fcyor. Vincent Van Gogh, Osman Hamdi Bey, Pablo Picasso, Ne\u015fet G\u00fcnal ve Salvador Dali gibi d\u00fcnyaca \u00fcnl\u00fc ressamlar\u0131n eserlerinin reprod\u00fcksiyonlar\u0131yla bamba\u015fka bir g\u00f6r\u00fcn\u00fcm kazanan Akbelen Bulvar\u0131\u2019ndaki toplu konut binas\u0131nda yeniden resmedilen \u2018Mona Lisa\u2019 portresi ise \u015fimdiden dikkatleri \u00fczerine \u00e7ekmeyi ba\u015fard\u0131.\u00a0<\/span><br style=\"box-sizing: border-box; font-family: sans-serif; font-size: 14px; line-height: 20px; text-align: justify; background-color: rgb(242, 244, 245);\" \/><br \/>\n<span style=\"font-family: sans-serif; line-height: 20px; text-align: justify; background-color: rgb(242, 244, 245);\">\u201cBu projemiz, sanata verdi\u011fimiz \u00f6nemin ve de\u011ferin de bir g\u00f6stergesidir\u201d\u00a0<\/span><br style=\"box-sizing: border-box; font-family: sans-serif; font-size: 14px; line-height: 20px; text-align: justify; background-color: rgb(242, 244, 245);\" \/><br \/>\n<span style=\"font-family: sans-serif; line-height: 20px; text-align: justify; background-color: rgb(242, 244, 245);\">Toroslar Belediye Ba\u015fkan\u0131 Hamit Tuna, 2014-2019 hizmet d\u00f6nemi projeleri kapsam\u0131nda hayata ge\u00e7irdikleri projenin, kentin tan\u0131t\u0131m\u0131na da \u00f6nemli katk\u0131 sa\u011flad\u0131\u011f\u0131n\u0131 s\u00f6yledi. Tuna, \u201cKentimizin ve \u00fclkemizin yan\u0131 s\u0131ra d\u00fcnyada da dikkat \u00e7eken bu proje ile k\u00f6t\u00fc bir g\u00f6r\u00fcnt\u00fc i\u00e7erisinde olan Akbelen Bulvar\u0131 \u00fczerindeki toplu konut binalar\u0131m\u0131z art\u0131k daha s\u0131cak ve ho\u015f bir g\u00f6r\u00fcn\u00fcme kavu\u015ftu. Belediye personeli arkada\u015flar\u0131m\u0131z\u0131n ve projemizin ressam\u0131 Nazife Bilgin Hazar\u2019\u0131n himayelerinde \u00e7ok g\u00fczel eserler ortaya \u00e7\u0131k\u0131yor. Toroslar\u0131m\u0131z\u0131n ve kentimizin tan\u0131t\u0131m\u0131na da katk\u0131 sunan bu projeye sunduklar\u0131 emeklerinden dolay\u0131 te\u015fekk\u00fcr ediyorum. Projemiz sayesinde, d\u00fcnyaca \u00fcnl\u00fc ressamlar\u0131n eserlerinin \u00f6rnekleriyle renkli bir g\u00f6r\u00fcn\u00fcme kavu\u015fan binalar\u0131m\u0131z\u0131n yan\u0131 s\u0131ra bulvardan ge\u00e7en vatanda\u015flar\u0131m\u0131z burada farkl\u0131 bir manzaraya da tan\u0131k oluyorlar. Ve hatta b\u00f6lgede oturan vatanda\u015flar\u0131m\u0131z\u0131n toplu ta\u015f\u0131ma ara\u00e7lar\u0131ndan inerken \u2018Osman Hamdi Bey\u2019de, \u2018Frida\u2019da\u2019 inebilir miyim dediklerini de duymaktay\u0131z. \u00c7ocuklar\u0131m\u0131z ve gen\u00e7lerimiz, televizyon ve kitaplarda g\u00f6rd\u00fckleri eserlerin \u015fimdi duvarlara yans\u0131mas\u0131n\u0131n \u00e7ok g\u00fczel oldu\u011funu ifade ediyorlar ve binalar\u0131n \u00f6n\u00fcnde hat\u0131ra foto\u011fraf\u0131 da \u00e7ektiriyorlar. Bu da bizi olduk\u00e7a mutlu ve memnun ediyor. Bu projemizin ayn\u0131 zamanda, sanata ve kent esteti\u011fine verdi\u011fimiz \u00f6nemin de en g\u00fczel g\u00f6stergesi oldu\u011funu d\u00fc\u015f\u00fcn\u00fcyoruz\u201d dedi.\u00a0<\/span><\/span><\/p>\n","protected":false},"excerpt":{"rendered":"<p>Mersin&#8217;de, Toroslar Belediyesi taraf\u0131ndan d\u0131\u015f cephesi eskiyen toplu konut binalar\u0131 i\u00e7in ba\u015flat\u0131lan proje kapsam\u0131nda, bu kez de Leonardo Da Vinci\u2019nin \u00fcnl\u00fc eseri \u2018Mona Lisa\u2019 portresi evlerin duvar\u0131n\u0131 s\u00fcsledi. Toroslar Belediyesi\u2019nin, &hellip; <a href=\"https:\/\/akdenizolaygazetesi.com\/?p=1566\" class=\"more-link\">Devam\u0131n\u0131 Oku&#8230;<\/a><\/p>\n","protected":false},"author":1,"featured_media":0,"comment_status":"open","ping_status":"open","sticky":false,"template":"","format":"standard","meta":[],"categories":[],"tags":[],"_links":{"self":[{"href":"https:\/\/akdenizolaygazetesi.com\/index.php?rest_route=\/wp\/v2\/posts\/1566"}],"collection":[{"href":"https:\/\/akdenizolaygazetesi.com\/index.php?rest_route=\/wp\/v2\/posts"}],"about":[{"href":"https:\/\/akdenizolaygazetesi.com\/index.php?rest_route=\/wp\/v2\/types\/post"}],"author":[{"embeddable":true,"href":"https:\/\/akdenizolaygazetesi.com\/index.php?rest_route=\/wp\/v2\/users\/1"}],"replies":[{"embeddable":true,"href":"https:\/\/akdenizolaygazetesi.com\/index.php?rest_route=%2Fwp%2Fv2%2Fcomments&post=1566"}],"version-history":[{"count":0,"href":"https:\/\/akdenizolaygazetesi.com\/index.php?rest_route=\/wp\/v2\/posts\/1566\/revisions"}],"wp:attachment":[{"href":"https:\/\/akdenizolaygazetesi.com\/index.php?rest_route=%2Fwp%2Fv2%2Fmedia&parent=1566"}],"wp:term":[{"taxonomy":"category","embeddable":true,"href":"https:\/\/akdenizolaygazetesi.com\/index.php?rest_route=%2Fwp%2Fv2%2Fcategories&post=1566"},{"taxonomy":"post_tag","embeddable":true,"href":"https:\/\/akdenizolaygazetesi.com\/index.php?rest_route=%2Fwp%2Fv2%2Ftags&post=1566"}],"curies":[{"name":"wp","href":"https:\/\/api.w.org\/{rel}","templated":true}]}}