{"id":1568,"date":"2020-11-04T18:22:08","date_gmt":"2020-11-04T15:22:08","guid":{"rendered":"http:\/\/mersinekonomipolitikagazetesi.com\/?p=1568"},"modified":"2020-11-04T18:22:08","modified_gmt":"2020-11-04T15:22:08","slug":"serdar-erkan-hep-beraber-bu-ipi-gogusleyecegiz","status":"publish","type":"post","link":"https:\/\/akdenizolaygazetesi.com\/?p=1568","title":{"rendered":"SERDAR ERKAN: \u201cHEP BERABER BU \u0130P\u0130 G\u00d6\u011e\u00dcSLEYECE\u011e\u0130Z\u201d"},"content":{"rendered":"<p>CHP Mersin B\u00fcy\u00fck\u015fehir Belediye Ba\u015fkan Aday Aday\u0131 Serdar Erkan, kendisine destek veren arkada\u015flar\u0131yla birlikte se\u00e7im b\u00fcrosunun a\u00e7\u0131l\u0131\u015f\u0131n\u0131 \u00c7anakkale Zaferi i\u00e7in d\u00fczenledi\u011fi sergi muhte\u015fem bir sergi ile a\u00e7t\u0131. A\u00e7\u0131l\u0131\u015f konu\u015fmas\u0131nda hep beraber bu iktidar\u0131 yeneceklerini ve \u00fclkeyi karanl\u0131ktan kurtaracaklar\u0131n\u0131 s\u00f6yledi.<\/p>\n<div style=\"color: rgb(34, 34, 34); font-family: arial, sans-serif; font-size: 12.8px; line-height: normal;\">\u00a0CHP Mersin B\u00fcy\u00fck\u015fehir Belediye Ba\u015fkan Aday Aday\u0131 Serdar Erkan se\u00e7im b\u00fcrosunun a\u00e7\u0131l\u0131\u015f\u0131nda Ortado\u011fu Teknik \u00dcniversitesi (ODT\u00dc) \u00f6\u011fretim g\u00f6revlisi B\u00fclent Y\u0131lmazer katk\u0131s\u0131 ile \u00c7anakkale Zaferi ad\u0131na sergi d\u00fczenledi, b\u00fcy\u00fck ilgi g\u00f6ren sergi bir \u00e7ok ki\u015fi taraf\u0131ndan takdir ile kar\u015f\u0131land\u0131.<\/div>\n<div style=\"color: rgb(34, 34, 34); font-family: arial, sans-serif; font-size: 12.8px; line-height: normal;\">\u00a0<\/div>\n<div style=\"color: rgb(34, 34, 34); font-family: arial, sans-serif; font-size: 12.8px; line-height: normal;\">Serdar Erkan\u2019\u0131n se\u00e7im b\u00fcrosu ve sergi a\u00e7\u0131l\u0131\u015f\u0131na CHP Mersin Milletveki Dr. H\u00fcseyin \u00c7amak, CHP eski \u0130l Ba\u015fkanlar\u0131 Sabahattin Ar\u0131kan, \u00d6zcan Y\u0131lmaz, Mustafa Uzun, Faruk Akar, Y\u0131lmaz \u015eanl\u0131, CHP \u0130l y\u00f6netimi ad\u0131na Necla Bugay ve il y\u00f6neticileri, Toroslar \u0130l\u00e7e Ba\u015fkan\u0131 Burhanettin Erdo\u011fan, CHP Akdeniz \u0130l\u00e7e Ba\u015fkan\u0131 Mustafa Sekendur ve il\u00e7e Y\u00f6netim Kurulu \u00fcyeleri, CHP Mezitli Belediye Meclis \u00fcyesi M\u00fcsl\u00fcm Duru, \u00f6nceki d\u00f6nem CHP \u0130l ve il\u00e7e y\u00f6neticileri, TMMOB Mersin \u015eubesi Oda temsilcileri ve \u00fcyeleri, Makina M\u00fchendisleri Odas\u0131 \u00f6nceki y\u00f6netim kurulu ve meslekta\u015flar\u0131 , Atat\u00fcrk\u00e7\u00fc D\u00fc\u015f\u00fcnce Derne\u011fi y\u00f6netici ve \u00fcyeleri, Sosyal Demokrasi Derne\u011fi y\u00f6netici ve \u00fcyeleri, Yeni Ku\u015fak K\u00f6y Enstit\u00fcl\u00fcler Derne\u011fi y\u00f6netici ve \u00fcyeleri, Arslank\u00f6y Dayan\u0131\u015fma Derne\u011fi y\u00f6netici ve \u00fcyeleri \u00a0olmak \u00fczere \u00a0 \u00e7e\u015fitli sendika ba\u015fkanlar\u0131 ve \u00fcyeleri olmak \u00fczere bir \u00e7ok sivil toplum \u00a0\u00f6rg\u00fctleri y\u00f6netici ve \u00fcyeleri ile K\u00f6y Enstit\u00fcl\u00fc \u00f6\u011fretmenler ve Arslank\u00f6y\u2019l\u00fc vatanda\u015flar da kat\u0131larak destek verdi.<\/div>\n<div style=\"color: rgb(34, 34, 34); font-family: arial, sans-serif; font-size: 12.8px; line-height: normal;\">A\u00e7\u0131l\u0131\u015fa Mezitli Belediye Ba\u015fkan\u0131 ile bir \u00e7ok ki\u015fi ve kurumdan \u00e7elenkler geldi.<\/div>\n<div style=\"color: rgb(34, 34, 34); font-family: arial, sans-serif; font-size: 12.8px; line-height: normal;\">\u00a0<\/div>\n<div style=\"color: rgb(34, 34, 34); font-family: arial, sans-serif; font-size: 12.8px; line-height: normal;\">Sergi a\u00e7\u0131klamas\u0131 yap\u0131lmadan \u00f6nce \u00c7anakkale Zaferi i\u00e7in 1 dakikal\u0131k sayg\u0131 duru\u015fu yap\u0131ld\u0131 ve ard\u0131ndan \u0130stiklal mar\u015f\u0131 okundu.<\/div>\n<div style=\"color: rgb(34, 34, 34); font-family: arial, sans-serif; font-size: 12.8px; line-height: normal;\">\u00a0<\/div>\n<div style=\"color: rgb(34, 34, 34); font-family: arial, sans-serif; font-size: 12.8px; line-height: normal;\">Serdar Erkan\u2019a desteklerini verdiklerini \u00a0belirtmek amac\u0131yla yol arkada\u015flar\u0131, bu se\u00e7imde yan\u0131nda olduklar\u0131n\u0131 hissettirmek i\u00e7in \u00f6zel piyanist getirtilip sergiye \u015fenlik katt\u0131.\u00a0<\/div>\n<div style=\"color: rgb(34, 34, 34); font-family: arial, sans-serif; font-size: 12.8px; line-height: normal;\">\u00a0<\/div>\n<div style=\"color: rgb(34, 34, 34); font-family: arial, sans-serif; font-size: 12.8px; line-height: normal;\">Sergide konu\u015fmas\u0131n\u0131 ger\u00e7ekle\u015ftiren Erkan, ilk olarak se\u00e7imlere de\u011findi. Sergide yaln\u0131z b\u0131rak\u0131lmad\u0131\u011f\u0131 i\u00e7in \u00e7ok mutlu oldu\u011funu kaydetti. Se\u00e7imlerde ilk Mersin\u2019de se\u00e7ileceklerini daha da sonra da T\u00fcrkiye iktidar\u0131na gelip \u00fclkeyi bu karanl\u0131ktan kurtaracaklar\u0131n\u0131 belirtti.<\/div>\n<div style=\"color: rgb(34, 34, 34); font-family: arial, sans-serif; font-size: 12.8px; line-height: normal;\">\u00a0<\/div>\n<div style=\"color: rgb(34, 34, 34); font-family: arial, sans-serif; font-size: 12.8px; line-height: normal;\">\u00a0<\/div>\n<div style=\"color: rgb(34, 34, 34); font-family: arial, sans-serif; font-size: 12.8px; line-height: normal;\">\u00a0<\/div>\n<div style=\"color: rgb(34, 34, 34); font-family: arial, sans-serif; font-size: 12.8px; line-height: normal;\">\u201cBERABER HEDEFE ULA\u015eACA\u011eIMIZ KONUSUNDA H\u0130\u00c7 KU\u015eKUM YOK\u201d<\/div>\n<div style=\"color: rgb(34, 34, 34); font-family: arial, sans-serif; font-size: 12.8px; line-height: normal;\">\u00a0<\/div>\n<div style=\"color: rgb(34, 34, 34); font-family: arial, sans-serif; font-size: 12.8px; line-height: normal;\">\u00a0<\/div>\n<div style=\"color: rgb(34, 34, 34); font-family: arial, sans-serif; font-size: 12.8px; line-height: normal;\">\u00a0<\/div>\n<div style=\"color: rgb(34, 34, 34); font-family: arial, sans-serif; font-size: 12.8px; line-height: normal;\">Konu\u015fmas\u0131na devam eden Mersin B\u00fcy\u00fck\u015fehir Belediye Ba\u015fkan Aday Aday\u0131 Serdar Erkan: \u201cBuras\u0131 benim annemin oturdu\u011fu mahalledir. E\u015fimin arkada\u015flar\u0131 ve partili yolda\u015flar\u0131m, akrabalar\u0131m ve di\u011fer dostlar\u0131m hepsi buradalar b\u00f6ylelikle beni onurland\u0131rd\u0131n\u0131z.\u00a0 Hepimiz buraday\u0131z ve bundan sonra hepimiz kar topu gibi b\u00fcy\u00fcce\u011fiz ve \u00e7o\u011falaca\u011f\u0131z buna inan\u0131yorum. \u00dclkemizin esenli\u011fi i\u00e7in \u00e7ocuklar\u0131m\u0131z\u0131n gelece\u011fi i\u00e7in, Mersin\u2019deki ortak gelece\u011fimiz i\u00e7in hepimizin bu y\u00fcr\u00fcy\u00fc\u015fte yan yana, omuz omuza beraber hedefe ula\u015faca\u011f\u0131m\u0131z konusunda hi\u00e7 ku\u015fkum yok. Bug\u00fcn bana bu co\u015fkuyu verdiniz. Hepimiz hep birlikte omuz omuza verirsek bu i\u015fi yapar\u0131z. Biraz evvel partimizin dan\u0131\u015fma kurulundan geldim orada da bu heyecan\u0131 g\u00f6rd\u00fcm. Hep beraber bu ipi g\u00f6\u011f\u00fcsleyece\u011fiz.\u201d ifadelerini kulland\u0131.<\/div>\n<div style=\"color: rgb(34, 34, 34); font-family: arial, sans-serif; font-size: 12.8px; line-height: normal;\">\u00a0<\/div>\n<div style=\"color: rgb(34, 34, 34); font-family: arial, sans-serif; font-size: 12.8px; line-height: normal;\">\u00a0<\/div>\n<div style=\"color: rgb(34, 34, 34); font-family: arial, sans-serif; font-size: 12.8px; line-height: normal;\">\u00a0<\/div>\n<div style=\"color: rgb(34, 34, 34); font-family: arial, sans-serif; font-size: 12.8px; line-height: normal;\">\u201c\u0130KT\u0130DARI DE\u011e\u0130\u015eT\u0130REREK HEP BERABER HALKIN \u0130KT\u0130DARINI KURACA\u011eIZ\u201d<\/div>\n<div style=\"color: rgb(34, 34, 34); font-family: arial, sans-serif; font-size: 12.8px; line-height: normal;\">\u00a0<\/div>\n<div style=\"color: rgb(34, 34, 34); font-family: arial, sans-serif; font-size: 12.8px; line-height: normal;\">\u00a0<\/div>\n<div style=\"color: rgb(34, 34, 34); font-family: arial, sans-serif; font-size: 12.8px; line-height: normal;\">\u00a0<\/div>\n<div style=\"color: rgb(34, 34, 34); font-family: arial, sans-serif; font-size: 12.8px; line-height: normal;\">\u0130lk \u00f6nce Mersin\u2019de yerelde iktidar olaca\u011f\u0131n\u0131 sonra da T\u00fcrkiye\u2019de iktidar olacaklar\u0131n\u0131 kaydeden Erkan: \u201cBu k\u00f6t\u00fc gidi\u015fata bu s\u00f6m\u00fcr\u00fc d\u00fczenine hepimiz el birli\u011fiyle bu yurtta\u015f olarak hepimizin g\u00f6revidir. Bu g\u00f6revde sizleri temsilen sizlere g\u00fcvenerek sizlerden biri olarak \u00f6ne \u00e7\u0131kt\u0131m. Ama arkamda sizlerde vars\u0131n\u0131z bunu biliyorum. Bir sorumluluk \u00f6nemli bir y\u00fck\u00fcml\u00fcl\u00fck alt\u0131na girdik. Ve bunu mutlaka ve mutlaka ba\u015far\u0131ya ula\u015ft\u0131raca\u011f\u0131z. Benim bu konu da g\u00f6rev almam i\u00e7in bana rehber olan Atat\u00fcrk\u2019\u00fcn notudur. \u2018Bir g\u00fcn ba\u011f\u0131ms\u0131zl\u0131k ve cumhuriyetini korumak ve m\u00fcdafaa etmek zorunda kal\u0131rsan i\u00e7inde bulundu\u011fun \u015fartlar\u0131n mevcudiyet ko\u015fullar\u0131n\u0131 zorlulu\u011funu ve \u015fartlar\u0131n olumsuzlu\u011funu d\u00fc\u015f\u00fcnmeyeceksin. O nedenle bende Atat\u00fcrk\u2019\u00fcn verdi\u011fi bu emirle yola \u00e7\u0131kt\u0131m. Bu konuda sizlerin de yan\u0131mda oldu\u011funu her zaman hissediyordum, biliyordum. Ama bug\u00fcn bu konuda biraz daha g\u00fcvencim peki\u015fti. Bu \u00e7ocuklar\u0131m\u0131z\u0131n gelece\u011fini karartan bu y\u00f6netimi bu iktidar\u0131 de\u011fi\u015ftirerek hep beraber halk\u0131n iktidar\u0131n\u0131 kuraca\u011f\u0131z. Beni onurland\u0131rd\u0131\u011f\u0131n\u0131z i\u00e7in bizleri onurland\u0131rd\u0131\u011f\u0131n\u0131z i\u00e7in benim yan\u0131mda oldu\u011funuz i\u00e7in \u00e7ok mutluyum.\u201d \u015feklinde konu\u015ftu.<\/div>\n<div style=\"color: rgb(34, 34, 34); font-family: arial, sans-serif; font-size: 12.8px; line-height: normal;\">\u00a0<\/div>\n<div style=\"color: rgb(34, 34, 34); font-family: arial, sans-serif; font-size: 12.8px; line-height: normal;\">\u00a0<\/div>\n<div style=\"color: rgb(34, 34, 34); font-family: arial, sans-serif; font-size: 12.8px; line-height: normal;\">\u00a0<\/div>\n<div style=\"color: rgb(34, 34, 34); font-family: arial, sans-serif; font-size: 12.8px; line-height: normal;\">\u201c\u00c7ANAKKALE SAVA\u015eI ADINA SERG\u0130M\u0130Z\u0130 YAPMI\u015e BULUNMAKTAYIZ\u201d<\/div>\n<div style=\"color: rgb(34, 34, 34); font-family: arial, sans-serif; font-size: 12.8px; line-height: normal;\">\u00a0<\/div>\n<div style=\"color: rgb(34, 34, 34); font-family: arial, sans-serif; font-size: 12.8px; line-height: normal;\">\u00a0<\/div>\n<div style=\"color: rgb(34, 34, 34); font-family: arial, sans-serif; font-size: 12.8px; line-height: normal;\">\u00a0<\/div>\n<div style=\"color: rgb(34, 34, 34); font-family: arial, sans-serif; font-size: 12.8px; line-height: normal;\">Daha sonra s\u00f6z alan B\u00fclent Y\u0131lmazer: \u201cSerdar Erkan 1978- 1983 y\u0131llar\u0131 aras\u0131nda Orta Do\u011fu Teknik \u00dcniversitesi\u2019nde s\u0131n\u0131f arkada\u015f\u0131md\u0131, kader birli\u011fimiz burada ba\u015flad\u0131. Bug\u00fcn burada Mersin B\u00fcy\u00fck\u015fehir\u2019e adayl\u0131\u011f\u0131 koydu\u011fundan desteklerimi sunuyorum ve gurur duyuyorum. Bug\u00fcn burada a\u00e7aca\u011f\u0131m\u0131z sergi \u00c7anakkale sava\u015f\u0131 ad\u0131na sergimizi yapm\u0131\u015f bulunmaktay\u0131z. Bildi\u011finiz gibi T\u00fcrkiye\u2019nin her yerinde \u00c7anakkale zaferi i\u00e7in kutlama yap\u0131lmaktad\u0131r. \u00c7anakkale\u2019de denizden, karadan ve havadan da yap\u0131lan b\u00fcy\u00fck bir m\u00fccadeleydi.\u201d diye konu\u015ftu.<\/div>\n<div style=\"color: rgb(34, 34, 34); font-family: arial, sans-serif; font-size: 12.8px; line-height: normal;\">\u00a0<\/div>\n<div style=\"color: rgb(34, 34, 34); font-family: arial, sans-serif; font-size: 12.8px; line-height: normal;\">\u00a0<\/div>\n<div style=\"color: rgb(34, 34, 34); font-family: arial, sans-serif; font-size: 12.8px; line-height: normal;\">\u00a0<\/div>\n<div style=\"color: rgb(34, 34, 34); font-family: arial, sans-serif; font-size: 12.8px; line-height: normal;\">Konu\u015fmalar sonras\u0131nda eski CHP Mersin il ba\u015fkanlar\u0131, STK \u00fcyeleri ve sergiye kat\u0131lanlar sergiyi dola\u015f\u0131p tarihi foto\u011fraflar\u0131 hayranl\u0131kla inceledi. \u00c7anakkale Zaferi foto\u011fraf sergisinin bir hafta a\u00e7\u0131k kalaca\u011f\u0131 belirtildi.<\/div>\n","protected":false},"excerpt":{"rendered":"<p>CHP Mersin B\u00fcy\u00fck\u015fehir Belediye Ba\u015fkan Aday Aday\u0131 Serdar Erkan, kendisine destek veren arkada\u015flar\u0131yla birlikte se\u00e7im b\u00fcrosunun a\u00e7\u0131l\u0131\u015f\u0131n\u0131 \u00c7anakkale Zaferi i\u00e7in d\u00fczenledi\u011fi sergi muhte\u015fem bir sergi ile a\u00e7t\u0131. A\u00e7\u0131l\u0131\u015f konu\u015fmas\u0131nda hep &hellip; <a href=\"https:\/\/akdenizolaygazetesi.com\/?p=1568\" class=\"more-link\">Devam\u0131n\u0131 Oku&#8230;<\/a><\/p>\n","protected":false},"author":1,"featured_media":0,"comment_status":"open","ping_status":"open","sticky":false,"template":"","format":"standard","meta":[],"categories":[],"tags":[],"_links":{"self":[{"href":"https:\/\/akdenizolaygazetesi.com\/index.php?rest_route=\/wp\/v2\/posts\/1568"}],"collection":[{"href":"https:\/\/akdenizolaygazetesi.com\/index.php?rest_route=\/wp\/v2\/posts"}],"about":[{"href":"https:\/\/akdenizolaygazetesi.com\/index.php?rest_route=\/wp\/v2\/types\/post"}],"author":[{"embeddable":true,"href":"https:\/\/akdenizolaygazetesi.com\/index.php?rest_route=\/wp\/v2\/users\/1"}],"replies":[{"embeddable":true,"href":"https:\/\/akdenizolaygazetesi.com\/index.php?rest_route=%2Fwp%2Fv2%2Fcomments&post=1568"}],"version-history":[{"count":0,"href":"https:\/\/akdenizolaygazetesi.com\/index.php?rest_route=\/wp\/v2\/posts\/1568\/revisions"}],"wp:attachment":[{"href":"https:\/\/akdenizolaygazetesi.com\/index.php?rest_route=%2Fwp%2Fv2%2Fmedia&parent=1568"}],"wp:term":[{"taxonomy":"category","embeddable":true,"href":"https:\/\/akdenizolaygazetesi.com\/index.php?rest_route=%2Fwp%2Fv2%2Fcategories&post=1568"},{"taxonomy":"post_tag","embeddable":true,"href":"https:\/\/akdenizolaygazetesi.com\/index.php?rest_route=%2Fwp%2Fv2%2Ftags&post=1568"}],"curies":[{"name":"wp","href":"https:\/\/api.w.org\/{rel}","templated":true}]}}