{"id":1569,"date":"2020-11-04T18:22:08","date_gmt":"2020-11-04T15:22:08","guid":{"rendered":"http:\/\/mersinekonomipolitikagazetesi.com\/?p=1569"},"modified":"2020-11-04T18:22:08","modified_gmt":"2020-11-04T15:22:08","slug":"kaldirimi-isgal-etme-haklari-mi-var","status":"publish","type":"post","link":"https:\/\/akdenizolaygazetesi.com\/?p=1569","title":{"rendered":"KALDIRIMI \u0130\u015eGAL ETME HAKLARI MI VAR?"},"content":{"rendered":"<p>Yayalara ait olan kald\u0131r\u0131mlara e\u015fya koyman\u0131n yasak oldu\u011fu ve ceza kesildi\u011fi Mersin\u2019de k\u00fc\u00e7\u00fck esnaflar e\u015fya koyarak kullanamazken, b\u00fcy\u00fck al\u0131\u015fveri\u015f merkezlerine bu konuda ayr\u0131cal\u0131k tan\u0131nmas\u0131 tepkilere neden oluyor.<\/p>\n<blockquote type=\"cite\">\n<div dir=\"ltr\">\n<p><span style=\"font-size:16px;\">K\u00fc\u00e7\u00fck bir esnaf\u0131n kald\u0131r\u0131ma bir kasa portakal koymas\u0131 zab\u0131talar taraf\u0131ndan ceza yazma nedeni iken,\u00a0baz\u0131 al\u0131\u015fveri\u015f merkezleri \u00a0kald\u0131r\u0131m\u0131n yar\u0131s\u0131 i\u015fgal edebiliyor. Bu durum kald\u0131r\u0131mdan y\u00fcr\u00fcyen vatanda\u015f\u0131 yola inme durumunda b\u0131rak\u0131rken, kald\u0131r\u0131m\u0131 kullanman\u0131n yasak oldu\u011funun bilinmesine ra\u011fmen bu uygulaman\u0131n g\u00f6rmezden gelinmesi acaba sorular\u0131n\u0131 da g\u00fcndeme getiriyor.<\/span><\/p>\n<p>\u00a0<\/p>\n<p><span style=\"font-size:16px;\">Bu al\u0131\u015fveri\u015f merkezlerinin kald\u0131r\u0131mlar\u0131 ihlal etmesine yetkililer taraf\u0131ndan izin verildi\u011fi \u015feklinde yorumlar ak\u0131lda \u015f\u00fcpheler uyand\u0131r\u0131rken, vatanda\u015fta b\u00fcy\u00fck i\u015fletmeler i\u00e7in daha yumu\u015fak davran\u0131ld\u0131\u011f\u0131, k\u00fc\u00e7\u00fck esnaflara ise tepki verilerek ayr\u0131m yap\u0131ld\u0131\u011f\u0131 d\u00fc\u015f\u00fcncesi olu\u015fuyor.<\/span><\/p>\n<\/div>\n<\/blockquote>\n","protected":false},"excerpt":{"rendered":"<p>Yayalara ait olan kald\u0131r\u0131mlara e\u015fya koyman\u0131n yasak oldu\u011fu ve ceza kesildi\u011fi Mersin\u2019de k\u00fc\u00e7\u00fck esnaflar e\u015fya koyarak kullanamazken, b\u00fcy\u00fck al\u0131\u015fveri\u015f merkezlerine bu konuda ayr\u0131cal\u0131k tan\u0131nmas\u0131 tepkilere neden oluyor. K\u00fc\u00e7\u00fck bir esnaf\u0131n &hellip; <a href=\"https:\/\/akdenizolaygazetesi.com\/?p=1569\" class=\"more-link\">Devam\u0131n\u0131 Oku&#8230;<\/a><\/p>\n","protected":false},"author":1,"featured_media":0,"comment_status":"open","ping_status":"open","sticky":false,"template":"","format":"standard","meta":[],"categories":[],"tags":[],"_links":{"self":[{"href":"https:\/\/akdenizolaygazetesi.com\/index.php?rest_route=\/wp\/v2\/posts\/1569"}],"collection":[{"href":"https:\/\/akdenizolaygazetesi.com\/index.php?rest_route=\/wp\/v2\/posts"}],"about":[{"href":"https:\/\/akdenizolaygazetesi.com\/index.php?rest_route=\/wp\/v2\/types\/post"}],"author":[{"embeddable":true,"href":"https:\/\/akdenizolaygazetesi.com\/index.php?rest_route=\/wp\/v2\/users\/1"}],"replies":[{"embeddable":true,"href":"https:\/\/akdenizolaygazetesi.com\/index.php?rest_route=%2Fwp%2Fv2%2Fcomments&post=1569"}],"version-history":[{"count":0,"href":"https:\/\/akdenizolaygazetesi.com\/index.php?rest_route=\/wp\/v2\/posts\/1569\/revisions"}],"wp:attachment":[{"href":"https:\/\/akdenizolaygazetesi.com\/index.php?rest_route=%2Fwp%2Fv2%2Fmedia&parent=1569"}],"wp:term":[{"taxonomy":"category","embeddable":true,"href":"https:\/\/akdenizolaygazetesi.com\/index.php?rest_route=%2Fwp%2Fv2%2Fcategories&post=1569"},{"taxonomy":"post_tag","embeddable":true,"href":"https:\/\/akdenizolaygazetesi.com\/index.php?rest_route=%2Fwp%2Fv2%2Ftags&post=1569"}],"curies":[{"name":"wp","href":"https:\/\/api.w.org\/{rel}","templated":true}]}}