{"id":15700,"date":"2021-12-18T17:54:23","date_gmt":"2021-12-18T14:54:23","guid":{"rendered":"http:\/\/akdenizolaygazetesi.com\/?p=15700"},"modified":"2021-12-18T17:54:23","modified_gmt":"2021-12-18T14:54:23","slug":"baskan-secer-belediye-baskanlari-calistayi-icin-kayseride","status":"publish","type":"post","link":"https:\/\/akdenizolaygazetesi.com\/?p=15700","title":{"rendered":"BA\u015eKAN SE\u00c7ER, BELED\u0130YE BA\u015eKANLARI \u00c7ALI\u015eTAYI \u0130\u00c7\u0130N KAYSER\u0130&#8217;DE"},"content":{"rendered":"<p>Mersin B\u00fcy\u00fck\u015fehir Belediye Ba\u015fkan\u0131 Vahap Se\u00e7er, 17-19 Aral\u0131k tarihlerinde ger\u00e7ekle\u015ftirilen Belediye Ba\u015fkanlar\u0131 \u00c7al\u0131\u015ftay\u0131 i\u00e7in Kayseri&#8217;ye gitti. Ba\u015fkan Se\u00e7er, Kayseri&#8217;deki ilk program\u0131nda Talas il\u00e7esi esnaf\u0131n\u0131 gezerek, sohbet etti. <\/p>\n<p>Ba\u015fkan Se\u00e7er&#8217;e s\u0131cak kar\u015f\u0131lama <\/p>\n<p>Ba\u015fkan Se\u00e7er, Kayseri program\u0131n\u0131n ilk g\u00fcn\u00fcnde \u00e7al\u0131\u015ftaya kat\u0131lan Belediye Ba\u015fkanlar\u0131 ile birlikte esnaf\u0131 gezdi. Talas il\u00e7esi esnaf\u0131n\u0131 ziyaret eden Ba\u015fkan Se\u00e7er, il\u00e7e esnaf\u0131 taraf\u0131ndan s\u0131cak kar\u015f\u0131land\u0131. Esnaf gezisinin ard\u0131ndan Ba\u015fkan Se\u00e7er, CHP Talas \u0130l\u00e7e Ba\u015fkanl\u0131\u011f\u0131&#8217;n\u0131 ziyaret etti.<\/p>\n","protected":false},"excerpt":{"rendered":"<p>Mersin B\u00fcy\u00fck\u015fehir Belediye Ba\u015fkan\u0131 Vahap Se\u00e7er, 17-19 Aral\u0131k tarihlerinde ger\u00e7ekle\u015ftirilen Belediye Ba\u015fkanlar\u0131 \u00c7al\u0131\u015ftay\u0131 i\u00e7in Kayseri&#8217;ye gitti. Ba\u015fkan Se\u00e7er, Kayseri&#8217;deki ilk program\u0131nda Talas il\u00e7esi esnaf\u0131n\u0131 gezerek, sohbet etti. Ba\u015fkan Se\u00e7er&#8217;e s\u0131cak &hellip; <a href=\"https:\/\/akdenizolaygazetesi.com\/?p=15700\" class=\"more-link\">Devam\u0131n\u0131 Oku&#8230;<\/a><\/p>\n","protected":false},"author":2,"featured_media":15701,"comment_status":"open","ping_status":"open","sticky":false,"template":"","format":"standard","meta":[],"categories":[3,5],"tags":[],"_links":{"self":[{"href":"https:\/\/akdenizolaygazetesi.com\/index.php?rest_route=\/wp\/v2\/posts\/15700"}],"collection":[{"href":"https:\/\/akdenizolaygazetesi.com\/index.php?rest_route=\/wp\/v2\/posts"}],"about":[{"href":"https:\/\/akdenizolaygazetesi.com\/index.php?rest_route=\/wp\/v2\/types\/post"}],"author":[{"embeddable":true,"href":"https:\/\/akdenizolaygazetesi.com\/index.php?rest_route=\/wp\/v2\/users\/2"}],"replies":[{"embeddable":true,"href":"https:\/\/akdenizolaygazetesi.com\/index.php?rest_route=%2Fwp%2Fv2%2Fcomments&post=15700"}],"version-history":[{"count":1,"href":"https:\/\/akdenizolaygazetesi.com\/index.php?rest_route=\/wp\/v2\/posts\/15700\/revisions"}],"predecessor-version":[{"id":15702,"href":"https:\/\/akdenizolaygazetesi.com\/index.php?rest_route=\/wp\/v2\/posts\/15700\/revisions\/15702"}],"wp:featuredmedia":[{"embeddable":true,"href":"https:\/\/akdenizolaygazetesi.com\/index.php?rest_route=\/wp\/v2\/media\/15701"}],"wp:attachment":[{"href":"https:\/\/akdenizolaygazetesi.com\/index.php?rest_route=%2Fwp%2Fv2%2Fmedia&parent=15700"}],"wp:term":[{"taxonomy":"category","embeddable":true,"href":"https:\/\/akdenizolaygazetesi.com\/index.php?rest_route=%2Fwp%2Fv2%2Fcategories&post=15700"},{"taxonomy":"post_tag","embeddable":true,"href":"https:\/\/akdenizolaygazetesi.com\/index.php?rest_route=%2Fwp%2Fv2%2Ftags&post=15700"}],"curies":[{"name":"wp","href":"https:\/\/api.w.org\/{rel}","templated":true}]}}