{"id":1571,"date":"2020-11-04T18:22:08","date_gmt":"2020-11-04T15:22:08","guid":{"rendered":"http:\/\/mersinekonomipolitikagazetesi.com\/?p=1571"},"modified":"2020-11-04T18:22:08","modified_gmt":"2020-11-04T15:22:08","slug":"suriyeliler-gelmeye-devam-ediyor","status":"publish","type":"post","link":"https:\/\/akdenizolaygazetesi.com\/?p=1571","title":{"rendered":"SUR\u0130YEL\u0130LER GELMEYE DEVAM ED\u0130YOR"},"content":{"rendered":"<p>T.C. Mersin Valili\u011fi \u0130l G\u00f6\u00e7 \u0130daresi M\u00fcd\u00fcrl\u00fc\u011f\u00fc \u00f6n\u00fcne gelen yeni Suriyeli vatanda\u015flar kuyruk olu\u015fturarak T\u00fcrkiye\u2019de ya\u015fad\u0131\u011f\u0131na dair ve hizmetlerden de faydalanmak i\u00e7in kimlik kart\u0131 \u00e7\u0131kart\u0131yor.<\/p>\n<div>\n<div>\n<div>\n<div>\n<div>\n<div>\n<div>\n<div>\n<div>\n<div>\n<div>\n<div id=\":4\">\n<div id=\":2\">\n<div>\n<div role=\"main\">\n<table cellpadding=\"0\" role=\"presentation\" style=\"width:1756px;\">\n<tbody>\n<tr>\n<td>\n<div>\n<div>\n<div>\n<div role=\"list\">\n<div role=\"listitem\" style=\"clear:both;\" tabindex=\"-1\">\n<div>\n<div>\n<div id=\":nw\">\n<div data-legacy-message-id=\"162432a89fa683b6\" data-message-id=\"162432a89fa683b6\">\n<div style=\"margin-left:44px;\">\n<div id=\":29d\">\n<div id=\":29i\">\n<div dir=\"auto\">\n<blockquote type=\"cite\">\n<div dir=\"ltr\">\n<p><span style=\"font-size:16px;\">T\u00fcrkiye\u2019nin kendi \u00fclkesinde bar\u0131nd\u0131rd\u0131\u011f\u0131 Suriyeli vatanda\u015flara ek olarak 5 ay \u00f6nce Suriye\u2019den bir kafile vatanda\u015f\u0131n daha geldi\u011fi \u00f6ne s\u00fcr\u00fcld\u00fc.<\/span><\/p>\n<p><span style=\"font-size:16px;\">T\u00fcrkiye\u2019ye gelen Suriyeli vatanda\u015flar \u00fclkedeki hizmetlerden faydalanmak i\u00e7in kimlik kart\u0131 \u00e7\u0131kart\u0131yor.\u00a0 T\u00fcrkiye\u2019de bulunan Suriyeliler\u2019in kimliklerinin olmamas\u0131 halinde hi\u00e7bir hizmetten yararlan\u0131lam\u0131yor. Kimlik \u00e7\u0131karacaklar\u0131 yere ak\u0131n ak\u0131n gelen Suriyeli vatanda\u015f\u0131n Valilik \u0130l G\u00f6\u00e7 \u0130daresi M\u00fcd\u00fcrl\u00fc\u011f\u00fc \u00f6n\u00fcnde kalabal\u0131k halde durmas\u0131 akan ta\u015f\u0131t trafi\u011fi de engelliyor.<\/span><\/p>\n<p>\u00a0<\/p>\n<p><span style=\"font-size:16px;\">T\u00fcrkiye\u2019de n\u00fcfuzun giderek artmas\u0131, \u00fclkedeki ya\u015fam\u0131n giderek zorla\u015fmas\u0131 \u00fczerine, Suriye\u2019den daha da vatanda\u015f\u0131n T\u00fcrkiye\u2019ye g\u00f6\u00e7 etmesine baz\u0131 vatanda\u015f tepki g\u00f6steriyor.<\/span><\/p>\n<\/p><\/div>\n<\/blockquote>\n<blockquote type=\"cite\">\n<div dir=\"ltr\">\n<p>\u00a0<\/p>\n<p><span style=\"font-size:16px;\">\u201cVATANDA\u015eLARIN T\u00dcRK\u0130YE\u2019DEK\u0130 HAYATI G\u0130DEREK ZORLA\u015eIYOR\u201d<\/span><\/p>\n<p>\u00a0<\/p>\n<p><span style=\"font-size:16px;\">T\u00fcrkiye vatanda\u015f\u0131 olan ki\u015filer ise bu durumdan \u015fikayetlerini \u015f\u00f6yle dile getirdi: \u201cSuriye\u2019den gelen vatanda\u015flar\u0131n T\u00fcrkiye\u2019deki hayat\u0131 giderek zorla\u015ft\u0131r\u0131yor. Daha \u00f6nceden \u00e7ok ki\u015fi geldi ve \u015fimdilerde hala geliyorlar. Art\u0131k \u00fclkenin kendi vatanda\u015flar\u0131n\u0131n ya\u015famlar\u0131n\u0131 da dikkate almas\u0131 gerekir. Durum b\u00f6yle olunca kiralar pahaland\u0131. Her \u015feye zam geldi. T\u00fcrkiye\u2019nin n\u00fcfusu zaten giderek kalabal\u0131kla\u015f\u0131yor. Bu giderek \u00fclkeyi daha zor duruma sokuyor. Hastanelerde s\u0131radan dolay\u0131 saatlerce bekliyoruz. \u015euan i\u00e7in bile yolu i\u015fgal etmekteler trafi\u011fe s\u0131k\u0131nt\u0131 ya\u015fatmaktad\u0131rlar.\u201d<\/span><\/p>\n<p>\u00a0<\/p>\n<\/p><\/div>\n<\/blockquote><\/div>\n<\/p><\/div>\n<\/p><\/div>\n<\/p><\/div>\n<\/p><\/div>\n<\/p><\/div>\n<\/p><\/div>\n<\/p><\/div>\n<\/p><\/div>\n<\/p><\/div>\n<\/p><\/div>\n<\/p><\/div>\n<\/p><\/div>\n<\/td>\n<\/tr>\n<\/tbody>\n<\/table>\n<div style=\"clear:both;\">\u00a0<\/div>\n<\/div>\n<\/div>\n<\/div>\n<\/div>\n<\/div>\n<\/div>\n<\/div>\n<\/div>\n<\/div>\n<\/div>\n<\/div>\n<\/div>\n<\/div>\n<\/div>\n<\/div>\n","protected":false},"excerpt":{"rendered":"<p>T.C. Mersin Valili\u011fi \u0130l G\u00f6\u00e7 \u0130daresi M\u00fcd\u00fcrl\u00fc\u011f\u00fc \u00f6n\u00fcne gelen yeni Suriyeli vatanda\u015flar kuyruk olu\u015fturarak T\u00fcrkiye\u2019de ya\u015fad\u0131\u011f\u0131na dair ve hizmetlerden de faydalanmak i\u00e7in kimlik kart\u0131 \u00e7\u0131kart\u0131yor. T\u00fcrkiye\u2019nin kendi \u00fclkesinde bar\u0131nd\u0131rd\u0131\u011f\u0131 Suriyeli &hellip; <a href=\"https:\/\/akdenizolaygazetesi.com\/?p=1571\" class=\"more-link\">Devam\u0131n\u0131 Oku&#8230;<\/a><\/p>\n","protected":false},"author":1,"featured_media":0,"comment_status":"open","ping_status":"open","sticky":false,"template":"","format":"standard","meta":[],"categories":[],"tags":[],"_links":{"self":[{"href":"https:\/\/akdenizolaygazetesi.com\/index.php?rest_route=\/wp\/v2\/posts\/1571"}],"collection":[{"href":"https:\/\/akdenizolaygazetesi.com\/index.php?rest_route=\/wp\/v2\/posts"}],"about":[{"href":"https:\/\/akdenizolaygazetesi.com\/index.php?rest_route=\/wp\/v2\/types\/post"}],"author":[{"embeddable":true,"href":"https:\/\/akdenizolaygazetesi.com\/index.php?rest_route=\/wp\/v2\/users\/1"}],"replies":[{"embeddable":true,"href":"https:\/\/akdenizolaygazetesi.com\/index.php?rest_route=%2Fwp%2Fv2%2Fcomments&post=1571"}],"version-history":[{"count":0,"href":"https:\/\/akdenizolaygazetesi.com\/index.php?rest_route=\/wp\/v2\/posts\/1571\/revisions"}],"wp:attachment":[{"href":"https:\/\/akdenizolaygazetesi.com\/index.php?rest_route=%2Fwp%2Fv2%2Fmedia&parent=1571"}],"wp:term":[{"taxonomy":"category","embeddable":true,"href":"https:\/\/akdenizolaygazetesi.com\/index.php?rest_route=%2Fwp%2Fv2%2Fcategories&post=1571"},{"taxonomy":"post_tag","embeddable":true,"href":"https:\/\/akdenizolaygazetesi.com\/index.php?rest_route=%2Fwp%2Fv2%2Ftags&post=1571"}],"curies":[{"name":"wp","href":"https:\/\/api.w.org\/{rel}","templated":true}]}}