{"id":15714,"date":"2021-12-20T11:29:39","date_gmt":"2021-12-20T08:29:39","guid":{"rendered":"http:\/\/akdenizolaygazetesi.com\/?p=15714"},"modified":"2021-12-20T11:29:39","modified_gmt":"2021-12-20T08:29:39","slug":"tarsus-doga-parkinda-ilk-kez-lama-dogumu-gerceklesti","status":"publish","type":"post","link":"https:\/\/akdenizolaygazetesi.com\/?p=15714","title":{"rendered":"TARSUS DO\u011eA PARKI&#8217;NDA \u0130LK KEZ LAMA DO\u011eUMU GER\u00c7EKLE\u015eT\u0130"},"content":{"rendered":"<p>Farkl\u0131 t\u00fcrden onlarca hayvan\u0131 bar\u0131nd\u0131ran, kent genelinden ve il d\u0131\u015f\u0131ndan her y\u0131l on binlerce misafiri a\u011f\u0131rlayan Mersin B\u00fcy\u00fck\u015fehir Belediyesi Tarsus Do\u011fa Park\u0131&#8217;nda ilk kez ger\u00e7ekle\u015fen lama do\u011fumu ile b\u00fcy\u00fck sevin\u00e7 ya\u015fan\u0131yor. Tar\u0131msal ve Veteriner Hizmetleri Dairesi b\u00fcnyesinde hizmet veren Tarsus Do\u011fa Park\u0131&#8217;nda ilgi g\u00f6ren t\u00fcrler aras\u0131nda yer alan lamalar\u0131n sevimli bir yavrusu d\u00fcnyaya g\u00f6zlerini a\u00e7t\u0131.<\/p>\n<p>12 ayl\u0131k gebelik s\u00fcrecinin ard\u0131ndan anne lama, sa\u011fl\u0131kl\u0131 bir erkek yavru do\u011furdu. Anne ve babas\u0131n\u0131n yan\u0131nda \u00fcrkek tav\u0131rlar\u0131yla dikkat \u00e7eken siyah-beyaz t\u00fcyl\u00fc yavruyla Do\u011fa Park\u0131 personeli yak\u0131ndan ilgileniyor.<\/p>\n<p>Tarsus Do\u011fa Park\u0131 veteriner teknikerlerinden Y\u0131lmaz \u00d6lmez, ana vatan\u0131 G\u00fcney Amerika olan lamalar\u0131n Do\u011fa Park\u0131&#8217;nda ilk kez do\u011fum yapt\u0131\u011f\u0131n\u0131 belirterek, &#8220;Bir adet erkek yavru d\u00fcnyaya geldi. Yakla\u015f\u0131k olarak bir hafta oldu do\u011fal\u0131. Sa\u011fl\u0131k durumu \u00e7ok iyi. Lamam\u0131z\u0131n ad\u0131n\u0131 &#8216;Amoka\u00e7i&#8217; koyduk. \u00dclkemizin iklimine \u00e7ok kolay adapte olan hayvanlar. Biz de gayet iyi \u015fekilde bakmaya devam ediyoruz. \u00d6n\u00fcm\u00fczdeki d\u00f6nemlerde de karde\u015flerinin do\u011fmas\u0131n\u0131 bekliyoruz&#8221; dedi.<\/p>\n","protected":false},"excerpt":{"rendered":"<p>Farkl\u0131 t\u00fcrden onlarca hayvan\u0131 bar\u0131nd\u0131ran, kent genelinden ve il d\u0131\u015f\u0131ndan her y\u0131l on binlerce misafiri a\u011f\u0131rlayan Mersin B\u00fcy\u00fck\u015fehir Belediyesi Tarsus Do\u011fa Park\u0131&#8217;nda ilk kez ger\u00e7ekle\u015fen lama do\u011fumu ile b\u00fcy\u00fck sevin\u00e7 &hellip; <a href=\"https:\/\/akdenizolaygazetesi.com\/?p=15714\" class=\"more-link\">Devam\u0131n\u0131 Oku&#8230;<\/a><\/p>\n","protected":false},"author":2,"featured_media":15715,"comment_status":"open","ping_status":"open","sticky":false,"template":"","format":"standard","meta":[],"categories":[3],"tags":[],"_links":{"self":[{"href":"https:\/\/akdenizolaygazetesi.com\/index.php?rest_route=\/wp\/v2\/posts\/15714"}],"collection":[{"href":"https:\/\/akdenizolaygazetesi.com\/index.php?rest_route=\/wp\/v2\/posts"}],"about":[{"href":"https:\/\/akdenizolaygazetesi.com\/index.php?rest_route=\/wp\/v2\/types\/post"}],"author":[{"embeddable":true,"href":"https:\/\/akdenizolaygazetesi.com\/index.php?rest_route=\/wp\/v2\/users\/2"}],"replies":[{"embeddable":true,"href":"https:\/\/akdenizolaygazetesi.com\/index.php?rest_route=%2Fwp%2Fv2%2Fcomments&post=15714"}],"version-history":[{"count":1,"href":"https:\/\/akdenizolaygazetesi.com\/index.php?rest_route=\/wp\/v2\/posts\/15714\/revisions"}],"predecessor-version":[{"id":15716,"href":"https:\/\/akdenizolaygazetesi.com\/index.php?rest_route=\/wp\/v2\/posts\/15714\/revisions\/15716"}],"wp:featuredmedia":[{"embeddable":true,"href":"https:\/\/akdenizolaygazetesi.com\/index.php?rest_route=\/wp\/v2\/media\/15715"}],"wp:attachment":[{"href":"https:\/\/akdenizolaygazetesi.com\/index.php?rest_route=%2Fwp%2Fv2%2Fmedia&parent=15714"}],"wp:term":[{"taxonomy":"category","embeddable":true,"href":"https:\/\/akdenizolaygazetesi.com\/index.php?rest_route=%2Fwp%2Fv2%2Fcategories&post=15714"},{"taxonomy":"post_tag","embeddable":true,"href":"https:\/\/akdenizolaygazetesi.com\/index.php?rest_route=%2Fwp%2Fv2%2Ftags&post=15714"}],"curies":[{"name":"wp","href":"https:\/\/api.w.org\/{rel}","templated":true}]}}