{"id":15723,"date":"2021-12-21T12:59:28","date_gmt":"2021-12-21T09:59:28","guid":{"rendered":"http:\/\/akdenizolaygazetesi.com\/?p=15723"},"modified":"2021-12-21T12:59:28","modified_gmt":"2021-12-21T09:59:28","slug":"3-ocak-destani-turkiyenin-dort-bir-yanindan-siirlerle-anlatildi","status":"publish","type":"post","link":"https:\/\/akdenizolaygazetesi.com\/?p=15723","title":{"rendered":"3 OCAK DESTANI, T\u00dcRK\u0130YE&#8217;N\u0130N D\u00d6RT B\u0130R YANINDAN \u015e\u0130\u0130RLERLE ANLATILDI"},"content":{"rendered":"<p>D\u00fczenledi\u011fi \u00e7e\u015fitli etkinlikler ve yar\u0131\u015fmalarla edebiyat, sanat ve spor d\u00fcnyas\u0131na yeni yetenekler kazand\u0131ran Toroslar Belediyesi&#8217;nin her y\u0131l geleneksel olarak d\u00fczenledi\u011fi &#8216;3 Ocak Mersin&#8217;in Kurtulu\u015fu&#8217; konulu \u015fiir yar\u0131\u015fmas\u0131n\u0131n ba\u015fvurular\u0131 sona erdi.<\/p>\n<p>Mersin&#8217;in d\u00fc\u015fman i\u015fgalinden kurtulu\u015fu s\u0131ras\u0131nda verilen m\u00fccadelenin anlat\u0131lmas\u0131 ve amat\u00f6r \u015fairlere f\u0131rsat verilmesinin ama\u00e7land\u0131\u011f\u0131 \u015fiir yar\u0131\u015fmas\u0131, T\u00fcrkiye&#8217;nin d\u00f6rt bir yan\u0131ndan yo\u011fun ilgi g\u00f6rd\u00fc.<\/p>\n<p>Mersin Yazarlar Derne\u011fi (MEYAD) ile birlikte organize edilen yar\u0131\u015fmaya; Mersin ve il\u00e7elerinin yan\u0131 s\u0131ra Trabzon, Eski\u015fehir, Van, Bursa, Osmaniye, Konya, Tokat, \u00c7anakkale, Kahramanmara\u015f, Ankara, Karaman, Adana, \u0130stanbul ve Siirt olmak \u00fczere T\u00fcrkiye&#8217;nin 14 ilinden toplam 58 eser kat\u0131ld\u0131.<\/p>\n<p>3 Ocak Mersin&#8217;in D\u00fc\u015fman \u0130\u015fgalinden Kurtulu\u015funun 100&#8217;\u00fcnc\u00fc y\u0131l d\u00f6n\u00fcm\u00fc kutlama etkinlikleri kapsam\u0131nda organize edilen yar\u0131\u015fmada dereceye girenlerin isimleri, j\u00fcri \u00fcyelerinin yapaca\u011f\u0131 de\u011ferlendirme sonucu Toroslar Belediyesi&#8217;nin resmi web sitesi olan www.toroslar-bld.gov.tr adresinden ilan edilecek.<\/p>\n<p>18 ya\u015f\u0131n\u0131 doldurmu\u015f olan herkesin kat\u0131ld\u0131\u011f\u0131 yar\u0131\u015fmada birinciye tam alt\u0131n, ikinciye yar\u0131m alt\u0131n ve \u00fc\u00e7\u00fcnc\u00fcye ise \u00e7eyrek alt\u0131n verilecek.<\/p>\n<p>&#8220;Amac\u0131m\u0131z, Yeni Nesle Tarih \u015euuru A\u015f\u0131lamak&#8221;<\/p>\n<p>Toroslar Belediye Ba\u015fkan\u0131 Ats\u0131z Af\u015f\u0131n Y\u0131lmaz, geleneksel hale gelen \u015fiir yar\u0131\u015fmas\u0131n\u0131n art\u0131k ulusal bir nitelik de kazand\u0131\u011f\u0131n\u0131 belirterek, bu yar\u0131\u015fma ile ama\u00e7lar\u0131n\u0131n yeni nesle tarih \u015fuurunu a\u015f\u0131lamak oldu\u011funu s\u00f6yledi.<\/p>\n<p>Yar\u0131\u015fmaya kat\u0131l\u0131m sa\u011flayan t\u00fcm yar\u0131\u015fmac\u0131lara te\u015fekk\u00fcr eden Ba\u015fkan Y\u0131lmaz, &#8220;Mersinimizin kurtulu\u015f m\u00fccadelesini en g\u00fczel ifadelerle anlatan vatanda\u015flar\u0131m\u0131za minnettar\u0131z. Yar\u0131\u015fmam\u0131z bu y\u0131l da \u00fclkemizin d\u00f6rt bir yan\u0131ndan ilgi g\u00f6rd\u00fc. Bu yar\u0131\u015fmayla amac\u0131m\u0131z,  tarihi ve k\u00fclt\u00fcrel de\u011ferlerimize sahip \u00e7\u0131karak milli birlik ve beraberli\u011fimizi daha da art\u0131rmak&#8221; ifadelerini kulland\u0131.<\/p>\n","protected":false},"excerpt":{"rendered":"<p>D\u00fczenledi\u011fi \u00e7e\u015fitli etkinlikler ve yar\u0131\u015fmalarla edebiyat, sanat ve spor d\u00fcnyas\u0131na yeni yetenekler kazand\u0131ran Toroslar Belediyesi&#8217;nin her y\u0131l geleneksel olarak d\u00fczenledi\u011fi &#8216;3 Ocak Mersin&#8217;in Kurtulu\u015fu&#8217; konulu \u015fiir yar\u0131\u015fmas\u0131n\u0131n ba\u015fvurular\u0131 sona erdi. &hellip; <a href=\"https:\/\/akdenizolaygazetesi.com\/?p=15723\" class=\"more-link\">Devam\u0131n\u0131 Oku&#8230;<\/a><\/p>\n","protected":false},"author":2,"featured_media":15724,"comment_status":"open","ping_status":"open","sticky":false,"template":"","format":"standard","meta":[],"categories":[8,2,3,5],"tags":[],"_links":{"self":[{"href":"https:\/\/akdenizolaygazetesi.com\/index.php?rest_route=\/wp\/v2\/posts\/15723"}],"collection":[{"href":"https:\/\/akdenizolaygazetesi.com\/index.php?rest_route=\/wp\/v2\/posts"}],"about":[{"href":"https:\/\/akdenizolaygazetesi.com\/index.php?rest_route=\/wp\/v2\/types\/post"}],"author":[{"embeddable":true,"href":"https:\/\/akdenizolaygazetesi.com\/index.php?rest_route=\/wp\/v2\/users\/2"}],"replies":[{"embeddable":true,"href":"https:\/\/akdenizolaygazetesi.com\/index.php?rest_route=%2Fwp%2Fv2%2Fcomments&post=15723"}],"version-history":[{"count":1,"href":"https:\/\/akdenizolaygazetesi.com\/index.php?rest_route=\/wp\/v2\/posts\/15723\/revisions"}],"predecessor-version":[{"id":15725,"href":"https:\/\/akdenizolaygazetesi.com\/index.php?rest_route=\/wp\/v2\/posts\/15723\/revisions\/15725"}],"wp:featuredmedia":[{"embeddable":true,"href":"https:\/\/akdenizolaygazetesi.com\/index.php?rest_route=\/wp\/v2\/media\/15724"}],"wp:attachment":[{"href":"https:\/\/akdenizolaygazetesi.com\/index.php?rest_route=%2Fwp%2Fv2%2Fmedia&parent=15723"}],"wp:term":[{"taxonomy":"category","embeddable":true,"href":"https:\/\/akdenizolaygazetesi.com\/index.php?rest_route=%2Fwp%2Fv2%2Fcategories&post=15723"},{"taxonomy":"post_tag","embeddable":true,"href":"https:\/\/akdenizolaygazetesi.com\/index.php?rest_route=%2Fwp%2Fv2%2Ftags&post=15723"}],"curies":[{"name":"wp","href":"https:\/\/api.w.org\/{rel}","templated":true}]}}