{"id":1573,"date":"2020-11-04T18:22:08","date_gmt":"2020-11-04T15:22:08","guid":{"rendered":"http:\/\/mersinekonomipolitikagazetesi.com\/?p=1573"},"modified":"2020-11-04T18:22:08","modified_gmt":"2020-11-04T15:22:08","slug":"mezitlide-koruluk-olusturuldu","status":"publish","type":"post","link":"https:\/\/akdenizolaygazetesi.com\/?p=1573","title":{"rendered":"Mezitli&#8217;de koruluk olu\u015fturuldu"},"content":{"rendered":"<p>Mezitli Belediyesince olu\u015fturulan Nezihe Muhiddin-T\u00fcrk Kad\u0131nlar Birli\u011fi Korulu\u011fu t\u00f6renle a\u00e7\u0131ld\u0131.<\/p>\n<p><span style=\"font-size:16px;\"><span style=\"font-family: sans-serif; line-height: 20px; text-align: justify; background-color: rgb(242, 244, 245);\">Mezitli Belediyesi, T\u00fcrk Kad\u0131nlar Birli\u011fi Mersin \u015eubesi ile birlikte turun\u00e7 ve limon korulu\u011fu olu\u015fturdu. Diktikleri a\u011fa\u00e7lara isimlerini yazan kad\u0131nlar, korulu\u011fu G\u00fclbahar \u00d6zmen Aktif Ya\u015f Alma Evi sakinlerine hediye ettiler. \u015e\u00f6len havas\u0131nda ge\u00e7en a\u011fa\u00e7 dikme t\u00f6renine Mezitli Belediye Ba\u015fkan\u0131 Ne\u015fet Tarhan\u2019\u0131n yan\u0131 s\u0131ra, meclisi \u00fcyeleri, mahalle muhtarlar\u0131, T\u00fcrk Kad\u0131nlar Birli\u011fi Mersin \u015eube Ba\u015fkan\u0131 H\u00fclya Y\u00fccel ve y\u00f6netim kurulu \u00fcyeleri ve \u00e7ok say\u0131da vatanda\u015f kat\u0131ld\u0131.\u00a0<\/span><br style=\"box-sizing: border-box; font-family: sans-serif; font-size: 14px; line-height: 20px; text-align: justify; background-color: rgb(242, 244, 245);\" \/><br \/>\n<span style=\"font-family: sans-serif; line-height: 20px; text-align: justify; background-color: rgb(242, 244, 245);\">T\u00fcrk Kad\u0131nlar Birli\u011fi Mersin \u015eube Ba\u015fkan\u0131 H\u00fclya Y\u00fccel, Atat\u00fcrk\u2019\u00fcn bir a\u011fac\u0131 kesmemek i\u00e7in k\u00f6\u015fk\u00fcn\u00fc ta\u015f\u0131tmas\u0131na vurgu yaparak, &#8220;Kurucu Genel Ba\u015fkan\u0131m\u0131z Nezihe Muhiddin ad\u0131na a\u00e7t\u0131\u011f\u0131m\u0131z korulukta, Atam\u0131z\u0131n i\u015faret etti\u011fi gibi yaz k\u0131\u015f ye\u015fil kalan turun\u00e7 ve limon a\u011fa\u00e7lar\u0131 dikerek G\u00fclbahar \u00d6zmen Aktif Ya\u015f Alma Evi sakinlerine hediye ediyoruz&#8221; dedi.\u00a0<\/span><br style=\"box-sizing: border-box; font-family: sans-serif; font-size: 14px; line-height: 20px; text-align: justify; background-color: rgb(242, 244, 245);\" \/><br \/>\n<span style=\"font-family: sans-serif; line-height: 20px; text-align: justify; background-color: rgb(242, 244, 245);\">Mezitli&#8217;de 40.&#8217;n\u0131 koruluk olu\u015fturuldu\u00a0<\/span><br style=\"box-sizing: border-box; font-family: sans-serif; font-size: 14px; line-height: 20px; text-align: justify; background-color: rgb(242, 244, 245);\" \/><br \/>\n<span style=\"font-family: sans-serif; line-height: 20px; text-align: justify; background-color: rgb(242, 244, 245);\">Mezitli\u2019de beklentilerin di\u011fer b\u00f6lgelere g\u00f6re daha farkl\u0131 oldu\u011funa dikkat \u00e7eken Belediye Ba\u015fkan\u0131 Ne\u015fet Tarhan, \u201cMezitli ayr\u0131cal\u0131\u011f\u0131 olan farkl\u0131 bir yer. Bu kad\u0131nlar\u0131m\u0131z\u0131n hak etti\u011fi \u015fekilde elimizden geleni yapmam\u0131z gerekiyor. T\u00fcrk Kad\u0131nlar Birli\u011fi b\u00f6yle bir talepte bulundu\u011fu zaman bu alan\u0131 \u00f6nerdim. Aktif Ya\u015f Alma Evi sakinlerimize uygun bir faaliyet olaca\u011f\u0131n\u0131 d\u00fc\u015f\u00fcnd\u00fcm. G\u00f6reve geldi\u011fimizden bu yana ba\u015flatt\u0131\u011f\u0131m\u0131z koruluk yapma \u00e7al\u0131\u015fmam\u0131zda 40. korulu\u011fumuzu bug\u00fcn hayata ge\u00e7iriyoruz. 36\u2019s\u0131 jakaranda, 2 zeytinlik ve bir kay\u0131s\u0131 bah\u00e7esinin yan\u0131nda bug\u00fcn de T\u00fcrk Kad\u0131nlar Birli\u011fi taraf\u0131ndan limon ve turun\u00e7 korulu\u011fu olu\u015fturuyoruz. \u0130n\u015fallah bu a\u011fa\u00e7lar b\u00fcy\u00fcd\u00fc\u011f\u00fcnde, alt\u0131nda oturup birlikte etkinlikler yapar\u0131z\u201d diye konu\u015ftu.\u00a0<\/span><br style=\"box-sizing: border-box; font-family: sans-serif; font-size: 14px; line-height: 20px; text-align: justify; background-color: rgb(242, 244, 245);\" \/><br \/>\n<span style=\"font-family: sans-serif; line-height: 20px; text-align: justify; background-color: rgb(242, 244, 245);\">Toplumun geli\u015fmesinde \u00f6rg\u00fctlenmenin \u00f6nemine vurgu yapan Tarhan, \u201cHerkese bir yerden dokunmaya, ortak bir \u00e7al\u0131\u015fma etraf\u0131nda bulu\u015fmaya \u00e7al\u0131\u015f\u0131yoruz. Kimse evinde oturmas\u0131n, bo\u015f durmas\u0131n, bir sosyal faaliyet i\u00e7erisinde bulunsun istiyoruz. Engelli, ya\u015fl\u0131, \u00e7ocuk, kad\u0131n erkek hi\u00e7 fark etmeden herkesin yapabilece\u011fi bir faaliyet var diye d\u00fc\u015f\u00fcn\u00fcyoruz. 40\u2019\u0131n \u00fczerinde kursun yer ald\u0131\u011f\u0131 \u00e7ok say\u0131da tesisimiz var. Onlara kat\u0131ls\u0131nlar istiyoruz. Biraz daha toplumsal projelerde beraber olal\u0131m. Biraz daha T\u00fcrkiye\u2019nin \u00f6zg\u00fcrl\u00fc\u011f\u00fc i\u00e7in kad\u0131nlar\u0131n g\u00fc\u00e7 birli\u011fi i\u00e7erisinde olmas\u0131n\u0131 istiyoruz&#8221; ifadelerini kulland\u0131.\u00a0<\/span><\/span><\/p>\n","protected":false},"excerpt":{"rendered":"<p>Mezitli Belediyesince olu\u015fturulan Nezihe Muhiddin-T\u00fcrk Kad\u0131nlar Birli\u011fi Korulu\u011fu t\u00f6renle a\u00e7\u0131ld\u0131. Mezitli Belediyesi, T\u00fcrk Kad\u0131nlar Birli\u011fi Mersin \u015eubesi ile birlikte turun\u00e7 ve limon korulu\u011fu olu\u015fturdu. Diktikleri a\u011fa\u00e7lara isimlerini yazan kad\u0131nlar, korulu\u011fu &hellip; <a href=\"https:\/\/akdenizolaygazetesi.com\/?p=1573\" class=\"more-link\">Devam\u0131n\u0131 Oku&#8230;<\/a><\/p>\n","protected":false},"author":1,"featured_media":0,"comment_status":"open","ping_status":"open","sticky":false,"template":"","format":"standard","meta":[],"categories":[],"tags":[],"_links":{"self":[{"href":"https:\/\/akdenizolaygazetesi.com\/index.php?rest_route=\/wp\/v2\/posts\/1573"}],"collection":[{"href":"https:\/\/akdenizolaygazetesi.com\/index.php?rest_route=\/wp\/v2\/posts"}],"about":[{"href":"https:\/\/akdenizolaygazetesi.com\/index.php?rest_route=\/wp\/v2\/types\/post"}],"author":[{"embeddable":true,"href":"https:\/\/akdenizolaygazetesi.com\/index.php?rest_route=\/wp\/v2\/users\/1"}],"replies":[{"embeddable":true,"href":"https:\/\/akdenizolaygazetesi.com\/index.php?rest_route=%2Fwp%2Fv2%2Fcomments&post=1573"}],"version-history":[{"count":0,"href":"https:\/\/akdenizolaygazetesi.com\/index.php?rest_route=\/wp\/v2\/posts\/1573\/revisions"}],"wp:attachment":[{"href":"https:\/\/akdenizolaygazetesi.com\/index.php?rest_route=%2Fwp%2Fv2%2Fmedia&parent=1573"}],"wp:term":[{"taxonomy":"category","embeddable":true,"href":"https:\/\/akdenizolaygazetesi.com\/index.php?rest_route=%2Fwp%2Fv2%2Fcategories&post=1573"},{"taxonomy":"post_tag","embeddable":true,"href":"https:\/\/akdenizolaygazetesi.com\/index.php?rest_route=%2Fwp%2Fv2%2Ftags&post=1573"}],"curies":[{"name":"wp","href":"https:\/\/api.w.org\/{rel}","templated":true}]}}