{"id":15732,"date":"2021-12-21T13:06:00","date_gmt":"2021-12-21T10:06:00","guid":{"rendered":"http:\/\/akdenizolaygazetesi.com\/?p=15732"},"modified":"2021-12-21T13:06:00","modified_gmt":"2021-12-21T10:06:00","slug":"kariyer-merkezinden-yetenek-donusum-programi","status":"publish","type":"post","link":"https:\/\/akdenizolaygazetesi.com\/?p=15732","title":{"rendered":"KAR\u0130YER MERKEZ\u0130&#8217;NDEN YETENEK D\u00d6N\u00dc\u015e\u00dcM PROGRAMI"},"content":{"rendered":"<p>Mersin B\u00fcy\u00fck\u015fehir Belediyesi Kariyer Merkezi, kurumlar aras\u0131 i\u015f birli\u011fine dayal\u0131 projelerinden biri olan &#8216;Yetenek D\u00f6n\u00fc\u015f\u00fcm Projesi&#8217;ni 2022&#8217;de hayata ge\u00e7irmeye haz\u0131rlan\u0131yor. Kas\u0131m ay\u0131nda \u0130\u015eKUR ve Mersin \u0130l Milli E\u011fitim M\u00fcd\u00fcrl\u00fc\u011f\u00fc ile imzalanan i\u015f birli\u011fi protokollerini kentin t\u00fcm payda\u015flar\u0131n\u0131 i\u00e7ine alacak \u015fekilde geni\u015fletmeye haz\u0131rlanan Kariyer Merkezi, i\u00e7 ve d\u0131\u015f payda\u015flarla bir araya geldi.<br \/>\nMersin B\u00fcy\u00fck\u015fehir Belediyesi Kariyer Merkezi&#8217;nin moderat\u00f6rl\u00fc\u011f\u00fcnde d\u00fczenlenen programa; Kad\u0131n ve Aile Hizmetleri Dairesi Ba\u015fkan\u0131 \u015eerife Haso\u011flu Dokucu, Sosyal Hizmetler Dairesi Ba\u015fkan\u0131 Serdal G\u00f6kayaz, \u0130\u015eKUR \u015eube M\u00fcd\u00fcr\u00fc Umut Y\u00fccel, Mersin \u0130l Milli E\u011fitim M\u00fcd\u00fcrl\u00fc\u011f\u00fc Mesleki ve Teknik E\u011fitim Kurumlar\u0131 \u015eube M\u00fcd\u00fcr\u00fc Y\u0131lmaz G\u00fcndo\u011fan, \u0130l Milli E\u011fitim M\u00fcd\u00fcrl\u00fc\u011f\u00fc Hayat Boyu \u00d6\u011frenme \u015eube M\u00fcd\u00fcr\u00fc Mikail Eren, merkez il\u00e7elerin Halk E\u011fitim M\u00fcd\u00fcrleri, Milli E\u011fitim Bakanl\u0131\u011f\u0131 Kariyer Geli\u015ftirme Merkezi yetkilileri ve B\u00fcy\u00fck\u015fehir Belediyesi Bilgi \u0130\u015flem Dairesi Ba\u015fkanl\u0131\u011f\u0131 temsilcileri kat\u0131ld\u0131.<br \/>\nMersin B\u00fcy\u00fck\u015fehir Belediyesi Kariyer Merkezi taraf\u0131ndan kurumlar aras\u0131 i\u015f birli\u011fi \u00e7er\u00e7evesinde hayata ge\u00e7irilecek Yetenek D\u00f6n\u00fc\u015f\u00fcm Projesi&#8217;nde &#8220;Kariyer Rehberli\u011fi, Mesleki E\u011fitim, \u0130\u015f Arama Becerileri ve \u0130stihdam \u00c7al\u0131\u015fmalar\u0131&#8221; ba\u015fta olmak \u00fczere kurumlar\u0131n sa\u011flad\u0131\u011f\u0131 bir\u00e7ok hizmetin tek \u00e7at\u0131 alt\u0131nda verilmesi hedefleniyor. Yetenek D\u00f6n\u00fc\u015f\u00fcm Projesi y\u00fcr\u00fct\u00fcm\u00fcnde a\u00e7\u0131lacak programlara g\u00f6re yine ilgili kurum ve kurulu\u015flar\u0131 projeye dahil edilerek projenin kapsam\u0131 geni\u015fletilecek.<br \/>\nMesleki e\u011fitimler i\u015f g\u00fcc\u00fc piyasas\u0131n\u0131n ihtiyac\u0131na g\u00f6re programlanacak<br \/>\nYetenek D\u00f6n\u00fc\u015f\u00fcm Projesi kapsam\u0131nda \u0130l Milli E\u011fitim M\u00fcd\u00fcrl\u00fc\u011f\u00fc koordinesinde halk e\u011fitim merkezleri ve di\u011fer kurumlarla i\u015f birli\u011finde a\u00e7\u0131lacak mesleki e\u011fitim kurslar\u0131, i\u015f g\u00fcc\u00fc piyasas\u0131n\u0131n ihtiya\u00e7lar\u0131na y\u00f6nelik olacak. Mesleki e\u011fitim programlar\u0131na al\u0131nacak kursiyerlerin belirlenmesi noktas\u0131nda komisyonla hareket edilecek. Yap\u0131lacak mesleki e\u011fitim programlar\u0131ndan sonra pandemi ko\u015fullar\u0131na uygun olarak fiziki ya da dijital ortamlarda &#8220;Kariyer G\u00fcnleri, Tecr\u00fcbe Payla\u015f\u0131m\u0131, Profesyonellerle Bulu\u015fma&#8221; gibi etkinliklerle mesle\u011fin i\u015f bulma olanaklar\u0131, \u00e7al\u0131\u015fma ko\u015fullar\u0131 ve i\u015f g\u00fcc\u00fc piyasas\u0131n\u0131n bekledi\u011fi nitelikler konusunda destekler sunulacak.<br \/>\n\u00d6zel sekt\u00f6rde istihdam edilme s\u00fcrecine de destek verilecek<br \/>\n\u00d6zellikle kursiyerlerin \u00f6zel sekt\u00f6re yapaca\u011f\u0131 i\u015f ba\u015fvurular\u0131na katk\u0131 sunulmas\u0131 amac\u0131yla &#8220;\u00d6zge\u00e7mi\u015f Olu\u015fturma, M\u00fclakat Teknikleri, Networking Bulu\u015fmalar\u0131, Sekt\u00f6rel Aday ve Firma Bulu\u015fmalar\u0131, \u0130\u015eKUR \u0130\u015f Arama Dan\u0131\u015fmanl\u0131\u011f\u0131&#8221; hizmetlerine a\u011f\u0131rl\u0131k verilerek adaylar\u0131n \u00f6zel sekt\u00f6rde istihdam edilme s\u00fcreci desteklenecek.<br \/>\nKariyer Merkezi, Ki\u015filik Envanteri hizmeti verecek<br \/>\nB\u00fcy\u00fck\u015fehir Kariyer Merkezi&#8217;nin 2022 d\u00f6neminde i\u015f arayan, \u00f6\u011frenci, kursiyer ve i\u015fverenlere y\u00f6nelik sunaca\u011f\u0131 \u00fccretsiz hizmetlerden biri de Ki\u015filik Envanteri olacak. Program kapsam\u0131nda uygulanacak ki\u015filik envanterleri ile adaylar\u0131n ki\u015filik \u00f6zelliklerine uygun meslekler ve yetkinlikleri alan\u0131nda da \u00e7al\u0131\u015fma yap\u0131lacak. Bu \u00e7al\u0131\u015fma psikologlar taraf\u0131ndan da desteklenecek.<br \/>\nKariyer Sitesi olu\u015fturulacak<br \/>\n2022 d\u00f6neminde &#8220;Yetenek Havuzu, \u00dccretsiz \u00d6zge\u00e7mi\u015f Olu\u015fturma, Kurslara Ba\u015fvuru Mod\u00fcl\u00fc, E\u011fitim Talep Etme&#8221; gibi bir\u00e7ok i\u00e7eri\u011fe sahip bir kariyer sitesi kurulmas\u0131 da projeler aras\u0131nda yer al\u0131yor. B\u00fcy\u00fck\u015fehir Belediyesi Bilgi \u0130\u015flem Dairesi Ba\u015fkanl\u0131\u011f\u0131 Kariyer Sitesi i\u00e7in \u00e7al\u0131\u015fmalar\u0131 somutla\u015ft\u0131rd\u0131ktan sonra payda\u015f kurumlar\u0131n g\u00f6r\u00fc\u015fleri al\u0131nacak.<br \/>\nYetenek D\u00f6n\u00fc\u015f\u00fcm Program\u0131, kurum destekleriyle b\u00fcy\u00fcyecek<br \/>\n\u0130\u015eKUR \u015eube M\u00fcd\u00fcr\u00fc Umut Y\u00fccel, 1 Kas\u0131m 2021 tarihinde B\u00fcy\u00fck\u015fehir Belediyesi ile imzalanan i\u015f birli\u011fi protokol\u00fc ile \u0130\u015eKUR portal\u0131n\u0131 kullanma ve arac\u0131l\u0131k yapma yetkisinin Kariyer Merkezi&#8217;ne verildi\u011fini ifade ederken, Yetenek D\u00f6n\u00fc\u015f\u00fcm Projesi kapsam\u0131nda da i\u015f birli\u011fine haz\u0131r olduklar\u0131n\u0131 belirtti.<br \/>\nMersin \u0130l Milli E\u011fitim M\u00fcd\u00fcrl\u00fc\u011f\u00fc Mesleki ve Teknik E\u011fitim Kurumlar\u0131 \u015eube M\u00fcd\u00fcr\u00fc Y\u0131lmaz G\u00fcndo\u011fan ise projenin ba\u015flang\u0131\u00e7 a\u015famas\u0131ndan itibaren B\u00fcy\u00fck\u015fehir Belediyesi ile i\u015f birli\u011fi i\u00e7erisinde olduklar\u0131n\u0131, \u0130l Milli E\u011fitim b\u00fcnyesinde ilk kez Kariyer Geli\u015ftirme Merkezi&#8217;ni kurarak projenin meslek liseleri k\u0131sm\u0131nda geni\u015flemesi s\u00fcrecini y\u00f6neteceklerini s\u00f6yledi.<br \/>\nMersin \u0130l Milli E\u011fitim M\u00fcd\u00fcrl\u00fc\u011f\u00fc olarak Yetenek D\u00f6n\u00fc\u015f\u00fcm Projesi i\u00e7in b\u00fct\u00fcn Halk E\u011fitim Merkezleri ile i\u015f birli\u011fine haz\u0131r olduklar\u0131n\u0131 s\u00f6yleyen Mersin \u0130l Milli E\u011fitim Hayat Boyu E\u011fitim \u015eube M\u00fcd\u00fcr\u00fc Mikail Eren, projenin mesleki e\u011fitim ve belgelendirme k\u0131s\u0131mlar\u0131 ba\u015fta olmak \u00fczere b\u00fct\u00fcn s\u00fcre\u00e7lerinde yer alacaklar\u0131n\u0131n alt\u0131n\u0131 \u00e7izdi.<\/p>\n","protected":false},"excerpt":{"rendered":"<p>Mersin B\u00fcy\u00fck\u015fehir Belediyesi Kariyer Merkezi, kurumlar aras\u0131 i\u015f birli\u011fine dayal\u0131 projelerinden biri olan &#8216;Yetenek D\u00f6n\u00fc\u015f\u00fcm Projesi&#8217;ni 2022&#8217;de hayata ge\u00e7irmeye haz\u0131rlan\u0131yor. Kas\u0131m ay\u0131nda \u0130\u015eKUR ve Mersin \u0130l Milli E\u011fitim M\u00fcd\u00fcrl\u00fc\u011f\u00fc ile &hellip; <a href=\"https:\/\/akdenizolaygazetesi.com\/?p=15732\" class=\"more-link\">Devam\u0131n\u0131 Oku&#8230;<\/a><\/p>\n","protected":false},"author":2,"featured_media":15733,"comment_status":"open","ping_status":"open","sticky":false,"template":"","format":"standard","meta":[],"categories":[2,3,5],"tags":[],"_links":{"self":[{"href":"https:\/\/akdenizolaygazetesi.com\/index.php?rest_route=\/wp\/v2\/posts\/15732"}],"collection":[{"href":"https:\/\/akdenizolaygazetesi.com\/index.php?rest_route=\/wp\/v2\/posts"}],"about":[{"href":"https:\/\/akdenizolaygazetesi.com\/index.php?rest_route=\/wp\/v2\/types\/post"}],"author":[{"embeddable":true,"href":"https:\/\/akdenizolaygazetesi.com\/index.php?rest_route=\/wp\/v2\/users\/2"}],"replies":[{"embeddable":true,"href":"https:\/\/akdenizolaygazetesi.com\/index.php?rest_route=%2Fwp%2Fv2%2Fcomments&post=15732"}],"version-history":[{"count":1,"href":"https:\/\/akdenizolaygazetesi.com\/index.php?rest_route=\/wp\/v2\/posts\/15732\/revisions"}],"predecessor-version":[{"id":15734,"href":"https:\/\/akdenizolaygazetesi.com\/index.php?rest_route=\/wp\/v2\/posts\/15732\/revisions\/15734"}],"wp:featuredmedia":[{"embeddable":true,"href":"https:\/\/akdenizolaygazetesi.com\/index.php?rest_route=\/wp\/v2\/media\/15733"}],"wp:attachment":[{"href":"https:\/\/akdenizolaygazetesi.com\/index.php?rest_route=%2Fwp%2Fv2%2Fmedia&parent=15732"}],"wp:term":[{"taxonomy":"category","embeddable":true,"href":"https:\/\/akdenizolaygazetesi.com\/index.php?rest_route=%2Fwp%2Fv2%2Fcategories&post=15732"},{"taxonomy":"post_tag","embeddable":true,"href":"https:\/\/akdenizolaygazetesi.com\/index.php?rest_route=%2Fwp%2Fv2%2Ftags&post=15732"}],"curies":[{"name":"wp","href":"https:\/\/api.w.org\/{rel}","templated":true}]}}