{"id":15738,"date":"2021-12-22T11:05:21","date_gmt":"2021-12-22T08:05:21","guid":{"rendered":"http:\/\/akdenizolaygazetesi.com\/?p=15738"},"modified":"2021-12-22T11:05:21","modified_gmt":"2021-12-22T08:05:21","slug":"toroslar-belediyesinden-yalinayak-ve-mustafa-kemal-mahallelerine-kapali-semt-pazari","status":"publish","type":"post","link":"https:\/\/akdenizolaygazetesi.com\/?p=15738","title":{"rendered":"TOROSLAR BELED\u0130YES\u0130&#8217;NDEN, YALINAYAK VE MUSTAFA KEMAL MAHALLELER\u0130&#8217;NE KAPALI SEMT PAZARI"},"content":{"rendered":"<p>Toroslar Belediyesi, vatanda\u015flar\u0131n daha rahat bir ortamda al\u0131\u015fveri\u015flerini yapabilmesi i\u00e7in il\u00e7eye yeni modern kapal\u0131 semt pazarlar\u0131 kazand\u0131r\u0131yor.<\/p>\n<p>Toroslar Belediye Ba\u015fkan\u0131 Ats\u0131z Af\u015f\u0131n Y\u0131lmaz &#8220;Kapal\u0131 semt pazar\u0131m\u0131zda hem\u015fehrilerimiz daha nezih ortamlarda al\u0131\u015fveri\u015flerini yapabilecekler&#8221; dedi<\/p>\n<p>Mustafa Kemal Mahallesi&#8217;nde 3 bin 780 metrekare, Yal\u0131nayak Mahallesi&#8217;nde ise 2 bin 340 metrekare alan \u00fczerine in\u015fa edilen kapal\u0131 semt pazarlar\u0131n\u0131n yap\u0131m \u00e7al\u0131\u015fmalar\u0131 t\u00fcm h\u0131z\u0131yla devam ediyor.<\/p>\n<p>&#8220;Semt Pazarlar\u0131nda T\u00fcm Detaylar D\u00fc\u015f\u00fcn\u00fcld\u00fc&#8221;<\/p>\n<p>\u0130\u00e7erisinde zab\u0131ta noktas\u0131, \u00e7ocuk emzirme odas\u0131 ve lavabolar\u0131n da bulunaca\u011f\u0131 kapal\u0131 semt pazarlar\u0131 yak\u0131n bir zamanda vatanda\u015flar\u0131n hizmetine sunulacak.<\/p>\n<p>Ba\u015fkan Y\u0131lmaz, hayata ge\u00e7irdikleri projelerle Toroslar&#8217;da ya\u015fayan il\u00e7e sakinlerinin ya\u015fam konforlar\u0131na katk\u0131 sunmaya \u00e7al\u0131\u015ft\u0131klar\u0131n\u0131 belirterek, yeni pazar yerlerinin pazarc\u0131 esnaf\u0131na ve vatanda\u015flara hay\u0131rl\u0131 olmas\u0131n\u0131 diledi.<\/p>\n<p>&#8220;\u0130l\u00e7emize yeni projeler kazand\u0131rmaya devam ediyoruz&#8221; diyen Ba\u015fkan Y\u0131lmaz; &#8220;Bu projelerimizden bir tanesi de kapal\u0131 semt pazar\u0131 \u00e7al\u0131\u015fmam\u0131z. Amac\u0131m\u0131z, pazarc\u0131 esnaf\u0131m\u0131za ve hem\u015fehrilerimize hava \u015fartlar\u0131ndan etkilenmeyecekleri ve daha sa\u011fl\u0131kl\u0131 alanlarda al\u0131\u015fveri\u015f yapabilecekleri ortamlar sunmak. Pazar yerlerimizin il\u00e7emize \u015fimdiden hay\u0131rl\u0131 olmas\u0131n\u0131 diliyorum&#8221; \u015feklinde konu\u015ftu.<\/p>\n","protected":false},"excerpt":{"rendered":"<p>Toroslar Belediyesi, vatanda\u015flar\u0131n daha rahat bir ortamda al\u0131\u015fveri\u015flerini yapabilmesi i\u00e7in il\u00e7eye yeni modern kapal\u0131 semt pazarlar\u0131 kazand\u0131r\u0131yor. Toroslar Belediye Ba\u015fkan\u0131 Ats\u0131z Af\u015f\u0131n Y\u0131lmaz &#8220;Kapal\u0131 semt pazar\u0131m\u0131zda hem\u015fehrilerimiz daha nezih ortamlarda &hellip; <a href=\"https:\/\/akdenizolaygazetesi.com\/?p=15738\" class=\"more-link\">Devam\u0131n\u0131 Oku&#8230;<\/a><\/p>\n","protected":false},"author":2,"featured_media":15739,"comment_status":"open","ping_status":"open","sticky":false,"template":"","format":"standard","meta":[],"categories":[3,5],"tags":[],"_links":{"self":[{"href":"https:\/\/akdenizolaygazetesi.com\/index.php?rest_route=\/wp\/v2\/posts\/15738"}],"collection":[{"href":"https:\/\/akdenizolaygazetesi.com\/index.php?rest_route=\/wp\/v2\/posts"}],"about":[{"href":"https:\/\/akdenizolaygazetesi.com\/index.php?rest_route=\/wp\/v2\/types\/post"}],"author":[{"embeddable":true,"href":"https:\/\/akdenizolaygazetesi.com\/index.php?rest_route=\/wp\/v2\/users\/2"}],"replies":[{"embeddable":true,"href":"https:\/\/akdenizolaygazetesi.com\/index.php?rest_route=%2Fwp%2Fv2%2Fcomments&post=15738"}],"version-history":[{"count":1,"href":"https:\/\/akdenizolaygazetesi.com\/index.php?rest_route=\/wp\/v2\/posts\/15738\/revisions"}],"predecessor-version":[{"id":15740,"href":"https:\/\/akdenizolaygazetesi.com\/index.php?rest_route=\/wp\/v2\/posts\/15738\/revisions\/15740"}],"wp:featuredmedia":[{"embeddable":true,"href":"https:\/\/akdenizolaygazetesi.com\/index.php?rest_route=\/wp\/v2\/media\/15739"}],"wp:attachment":[{"href":"https:\/\/akdenizolaygazetesi.com\/index.php?rest_route=%2Fwp%2Fv2%2Fmedia&parent=15738"}],"wp:term":[{"taxonomy":"category","embeddable":true,"href":"https:\/\/akdenizolaygazetesi.com\/index.php?rest_route=%2Fwp%2Fv2%2Fcategories&post=15738"},{"taxonomy":"post_tag","embeddable":true,"href":"https:\/\/akdenizolaygazetesi.com\/index.php?rest_route=%2Fwp%2Fv2%2Ftags&post=15738"}],"curies":[{"name":"wp","href":"https:\/\/api.w.org\/{rel}","templated":true}]}}