{"id":1574,"date":"2020-11-04T18:22:08","date_gmt":"2020-11-04T15:22:08","guid":{"rendered":"http:\/\/mersinekonomipolitikagazetesi.com\/?p=1574"},"modified":"2020-11-04T18:22:08","modified_gmt":"2020-11-04T15:22:08","slug":"turk-gidacilar-iraktan-is-baglantilariyla-dondu","status":"publish","type":"post","link":"https:\/\/akdenizolaygazetesi.com\/?p=1574","title":{"rendered":"T\u00fcrk g\u0131dac\u0131lar Irak&#8217;tan i\u015f ba\u011flant\u0131lar\u0131yla d\u00f6nd\u00fc"},"content":{"rendered":"<p>Akdeniz \u0130hracat\u00e7\u0131 Birlikleri (AK\u0130B) G\u0131da Ticaret Heyeti, Irak&#8217;\u0131n Basra kentine d\u00fczenledi\u011fi geziden i\u015f ba\u011flant\u0131lar\u0131 ile d\u00f6nd\u00fc.<\/p>\n<p><span style=\"font-size:16px;\"><span style=\"font-family: sans-serif; line-height: 20px; text-align: justify; background-color: rgb(242, 244, 245);\">Akdeniz Su \u00dcr\u00fcnleri ve Hayvansal Mamuller \u0130hracat\u00e7\u0131lar\u0131 Birli\u011fi (ASH\u0130B) Ba\u015fkan\u0131 Ali Can Yamany\u0131lmaz ba\u015fkanl\u0131\u011f\u0131nda d\u00fczenlenen geziye, 19 firma temsilcisi kat\u0131ld\u0131. Geziyi de\u011ferlendiren Yamany\u0131lmaz, T\u00fcrkiye&#8217;deki g\u0131da sekt\u00f6r\u00fcn\u00fcn ihracatta en b\u00fcy\u00fck pazar\u0131n\u0131n Irak oldu\u011funu belirterek, Basra&#8217;da yapt\u0131klar\u0131 g\u00f6r\u00fc\u015fmeler sonucu ba\u015far\u0131l\u0131 i\u015f ba\u011flant\u0131lar\u0131 yapt\u0131klar\u0131n\u0131 s\u00f6yledi. Yamany\u0131lmaz, &#8220;Irak g\u0131da sekt\u00f6r\u00fcm\u00fcz\u00fcn en b\u00fcy\u00fck pazar\u0131. 2017 y\u0131l\u0131nda Irak&#8217;a 2.7 milyar dolarl\u0131k g\u0131da ihracat\u0131 yapt\u0131k. \u00dclkemizin toplam g\u0131da ihracat\u0131 11 milyar dolar. Irak y\u00fczde 25 pay ile ilk s\u0131rada yer al\u0131yor. Bu nedenle al\u0131c\u0131larla Basra&#8217;da bulu\u015ftuk&#8221; dedi.\u00a0<\/span><br style=\"box-sizing: border-box; font-family: sans-serif; font-size: 14px; line-height: 20px; text-align: justify; background-color: rgb(242, 244, 245);\" \/><br \/>\n<span style=\"font-family: sans-serif; line-height: 20px; text-align: justify; background-color: rgb(242, 244, 245);\">Basra&#8217;n\u0131n Irak i\u00e7inde ayr\u0131 bir yeri oldu\u011funu belirten Yamany\u0131lmaz, &#8220;Bir ticaret \u015fehri olan Basra, \u00fclkeye gelen \u00fcr\u00fcnlerin Kerbela, Necef gibi \u015fehirlere da\u011f\u0131t\u0131m\u0131n\u0131n yap\u0131ld\u0131\u011f\u0131 \u015fehir. G\u0131da sekt\u00f6r\u00fcm\u00fcz i\u00e7in b\u00fcy\u00fck \u00f6neme sahip Irak&#8217;\u0131n en \u00f6nemli ticari \u015fehirlerinden olan, b\u00fcy\u00fck al\u0131c\u0131lar\u0131n bulundu\u011fu Basra&#8217;ya ihracat\u00e7\u0131lar\u0131m\u0131zla \u00e7\u0131karma yapt\u0131k. Basra&#8217;da yo\u011fun bir ilgiyle kar\u015f\u0131la\u015ft\u0131k. Irak \u0130\u015fadamlar\u0131 Derne\u011fi Basra \u015eubesi Ba\u015fkan\u0131 Sabeeh H. Al-Hashemi ile olduk\u00e7a s\u0131cak bir ortamda g\u00f6r\u00fc\u015fme ger\u00e7ekle\u015ftirdik. Ayr\u0131ca dernek \u00fcyeleri ile ihracat\u00e7\u0131lar\u0131m\u0131z\u0131 burada bir araya getirerek Irak \u0130\u015fadamlar\u0131 Derne\u011fi \u00fcyeleri ile heyetimizdeki i\u015fadamlar\u0131n\u0131n ikili i\u015f g\u00f6r\u00fc\u015fmeleri yapmalar\u0131 sa\u011fland\u0131. Olduk\u00e7a verimli ge\u00e7en g\u00f6r\u00fc\u015fmelerde heyetimiz ba\u015far\u0131l\u0131 i\u015f ba\u011flant\u0131lar\u0131 ger\u00e7ekle\u015ftirdi. Irak taraf\u0131ndan yo\u011fun bir kat\u0131l\u0131m\u0131n ger\u00e7ekle\u015fti\u011fi g\u00f6r\u00fc\u015fmeler \u00e7ok ba\u015far\u0131l\u0131 ge\u00e7ti. S\u0131k\u0131 pazarl\u0131klar\u0131n yap\u0131ld\u0131\u011f\u0131 g\u00f6r\u00fc\u015fmeler sonunda i\u015f anla\u015fmalar\u0131 sa\u011fland\u0131&#8221; diye konu\u015ftu.\u00a0<\/span><br style=\"box-sizing: border-box; font-family: sans-serif; font-size: 14px; line-height: 20px; text-align: justify; background-color: rgb(242, 244, 245);\" \/><br \/>\n<span style=\"font-family: sans-serif; line-height: 20px; text-align: justify; background-color: rgb(242, 244, 245);\">&#8220;\u00c7al\u0131\u015fmaya devam edece\u011fiz&#8221;\u00a0<\/span><br style=\"box-sizing: border-box; font-family: sans-serif; font-size: 14px; line-height: 20px; text-align: justify; background-color: rgb(242, 244, 245);\" \/><br \/>\n<span style=\"font-family: sans-serif; line-height: 20px; text-align: justify; background-color: rgb(242, 244, 245);\">Irak&#8217;a d\u00fczenlenen gezinin i\u015f ba\u011flant\u0131lar\u0131 ile sonu\u00e7lanmas\u0131n\u0131n sevindirici oldu\u011funu kaydeden Yamany\u0131lmaz, &#8220;Birli\u011fimiz organizasyonu ile ger\u00e7ekle\u015fen bu ziyaret, g\u0131da sekt\u00f6r\u00fcm\u00fcz i\u00e7in olduk\u00e7a verimli ge\u00e7ti. En b\u00fcy\u00fck mutlulu\u011fumuz heyetimizin Basra&#8217;dan eli bo\u015f d\u00f6nmemesidir. Her bir kat\u0131l\u0131mc\u0131m\u0131z\u0131n ba\u015far\u0131l\u0131 i\u015f ba\u011flant\u0131lar\u0131 ger\u00e7ekle\u015ftirmeleri bizleri \u00e7ok mutlu etti. \u00dclke ekonomisine katk\u0131 sa\u011flamak, ihracat\u0131m\u0131z\u0131 artt\u0131rmak en b\u00fcy\u00fck temennimiz. Bu ama\u00e7la da var g\u00fcc\u00fcm\u00fczle \u00e7al\u0131\u015fmaya devam edece\u011fiz&#8221; ifadelerini kulland\u0131.\u00a0<\/span><\/span><\/p>\n","protected":false},"excerpt":{"rendered":"<p>Akdeniz \u0130hracat\u00e7\u0131 Birlikleri (AK\u0130B) G\u0131da Ticaret Heyeti, Irak&#8217;\u0131n Basra kentine d\u00fczenledi\u011fi geziden i\u015f ba\u011flant\u0131lar\u0131 ile d\u00f6nd\u00fc. Akdeniz Su \u00dcr\u00fcnleri ve Hayvansal Mamuller \u0130hracat\u00e7\u0131lar\u0131 Birli\u011fi (ASH\u0130B) Ba\u015fkan\u0131 Ali Can Yamany\u0131lmaz ba\u015fkanl\u0131\u011f\u0131nda &hellip; <a href=\"https:\/\/akdenizolaygazetesi.com\/?p=1574\" class=\"more-link\">Devam\u0131n\u0131 Oku&#8230;<\/a><\/p>\n","protected":false},"author":1,"featured_media":0,"comment_status":"open","ping_status":"open","sticky":false,"template":"","format":"standard","meta":[],"categories":[],"tags":[],"_links":{"self":[{"href":"https:\/\/akdenizolaygazetesi.com\/index.php?rest_route=\/wp\/v2\/posts\/1574"}],"collection":[{"href":"https:\/\/akdenizolaygazetesi.com\/index.php?rest_route=\/wp\/v2\/posts"}],"about":[{"href":"https:\/\/akdenizolaygazetesi.com\/index.php?rest_route=\/wp\/v2\/types\/post"}],"author":[{"embeddable":true,"href":"https:\/\/akdenizolaygazetesi.com\/index.php?rest_route=\/wp\/v2\/users\/1"}],"replies":[{"embeddable":true,"href":"https:\/\/akdenizolaygazetesi.com\/index.php?rest_route=%2Fwp%2Fv2%2Fcomments&post=1574"}],"version-history":[{"count":0,"href":"https:\/\/akdenizolaygazetesi.com\/index.php?rest_route=\/wp\/v2\/posts\/1574\/revisions"}],"wp:attachment":[{"href":"https:\/\/akdenizolaygazetesi.com\/index.php?rest_route=%2Fwp%2Fv2%2Fmedia&parent=1574"}],"wp:term":[{"taxonomy":"category","embeddable":true,"href":"https:\/\/akdenizolaygazetesi.com\/index.php?rest_route=%2Fwp%2Fv2%2Fcategories&post=1574"},{"taxonomy":"post_tag","embeddable":true,"href":"https:\/\/akdenizolaygazetesi.com\/index.php?rest_route=%2Fwp%2Fv2%2Ftags&post=1574"}],"curies":[{"name":"wp","href":"https:\/\/api.w.org\/{rel}","templated":true}]}}