{"id":15744,"date":"2021-12-22T11:11:15","date_gmt":"2021-12-22T08:11:15","guid":{"rendered":"http:\/\/akdenizolaygazetesi.com\/?p=15744"},"modified":"2021-12-22T11:11:15","modified_gmt":"2021-12-22T08:11:15","slug":"baskan-secer-ve-tum-bel-sen-mersin-sube-baskani-ozbay-arasinda-sosyal-denge-tazminati-sozlesmesi-imzalandi","status":"publish","type":"post","link":"https:\/\/akdenizolaygazetesi.com\/?p=15744","title":{"rendered":"BA\u015eKAN SE\u00c7ER VE T\u00dcM BEL-SEN MERS\u0130N \u015eUBE BA\u015eKANI \u00d6ZBAY ARASINDA &#8220;SOSYAL DENGE TAZM\u0130NATI S\u00d6ZLE\u015eMES\u0130&#8221; \u0130MZALANDI"},"content":{"rendered":"<p>Mersin B\u00fcy\u00fck\u015fehir Belediye Ba\u015fkan\u0131 Vahap Se\u00e7er ve T\u00fcm Bel-Sen Mersin \u015eube Ba\u015fkan\u0131 Mustafa \u00d6zbay aras\u0131nda, B\u00fcy\u00fck\u015fehir Belediyesi ve MESK\u0130 Genel M\u00fcd\u00fcrl\u00fc\u011f\u00fc&#8217;nde \u00e7al\u0131\u015fan toplam 1517 memur ve s\u00f6zle\u015fmeli personeli ilgilendiren &#8220;Sosyal Denge Tazminat\u0131 S\u00f6zle\u015fmesi&#8221; imzaland\u0131. S\u00f6zle\u015fmenin iki y\u0131ll\u0131k oldu\u011funu ifade eden Ba\u015fkan Se\u00e7er, &#8220;B\u00fct\u00fcn toplum kesimlerini ilgilendiren ekonomik buhran d\u00f6neminde mevcut yasalar\u0131n bize elverdi\u011fi en iyi \u00f6l\u00e7\u00fcde inisiyatifimizi kullanarak katk\u0131 sunmaya \u00e7al\u0131\u015f\u0131yoruz&#8221; diye konu\u015ftu.<br \/>\n2 y\u0131ll\u0131k s\u00f6zle\u015fmeden toplam 1517 personel faydalanacak<br \/>\n01.01.2022-31.12.2023 d\u00f6nemi i\u00e7in 4688 say\u0131l\u0131 Kamu G\u00f6revlileri Sendikalar\u0131 Kanunu&#8217;nun 32&#8217;nci maddesine ve 6. D\u00f6nem Toplu \u0130\u015f S\u00f6zle\u015fmesi&#8217;ne istinaden sosyal denge tazminat\u0131 ayl\u0131k tavan tutar\u0131 olan en y\u00fcksek devlet memuru ayl\u0131\u011f\u0131n\u0131n (ek g\u00f6sterge d\u00e2hil) % 120&#8217;si olmak \u00fczere Sosyal Denge Tazminat\u0131 S\u00f6zle\u015fmesi imzaland\u0131. 2 y\u0131ll\u0131k s\u00f6zle\u015fmeden, Mersin B\u00fcy\u00fck\u015fehir Belediyesi&#8217;nde \u00e7al\u0131\u015fan 1157 memur ve 55 s\u00f6zle\u015fmeli personel ile MESK\u0130 Genel M\u00fcd\u00fcrl\u00fc\u011f\u00fc&#8217;nde \u00e7al\u0131\u015fan 249 memur ile 56 s\u00f6zle\u015fmeli personel olmak \u00fczere toplam 1517 personel faydalanacak. 5. d\u00f6nem Toplu \u0130\u015f S\u00f6zle\u015fmesi&#8217;nde de sosyal denge tazminat\u0131 yine tavan tutar\u0131 \u00fczerinden verilmi\u015f ve tavan % 100 olarak uygulanm\u0131\u015ft\u0131.<br \/>\nSe\u00e7er: &#8220;Asgari \u00fccretlilere ili\u015fkin d\u00fczenlemeler geriden gelen bir noksan\u0131 tamamlam\u0131\u015f de\u011fil&#8221;<br \/>\n\u0130mza t\u00f6reninde; Ba\u015fkan Se\u00e7er ve T\u00fcm Bel-Sen Mersin \u015eube Ba\u015fkan\u0131 Mustafa \u00d6zbay ile Mersin B\u00fcy\u00fck\u015fehir Belediyesi b\u00fcrokratlar\u0131, MESK\u0130 Genel M\u00fcd\u00fcrl\u00fc\u011f\u00fc y\u00f6neticileri ile yetkilileri ve T\u00fcm Bel-Sen Mersin \u015eubesi y\u00f6netim kurulu \u00fcyeleri yer ald\u0131. Ba\u015fkan Se\u00e7er, T\u00fcrkiye&#8217;nin hem ekonomik hem siyasal hem de sosyal a\u00e7\u0131dan \u00e7ok s\u0131k\u0131nt\u0131l\u0131 bir s\u00fcre\u00e7ten ge\u00e7ti\u011fini belirterek,  &#8220;Toplumun her kesimi bu istikrars\u0131z ortamdan etkileniyor ama g\u00f6rece olarak sabit gelirle \u00e7al\u0131\u015fan \u00fccretliler en fazla etkilenen kesimin ba\u015f\u0131nda geliyor. Mersin B\u00fcy\u00fck\u015fehir Belediyesi&#8217;nin ve ba\u011fl\u0131 kurulu\u015flar\u0131n\u0131n b\u00fcnyesinde farkl\u0131 stat\u00fcde 11 binden fazla insan \u00e7al\u0131\u015f\u0131yor. Bunlar da tabi ki zor hayat ko\u015fullar\u0131 i\u00e7erisinde ailelerinin ge\u00e7imini sa\u011flamak i\u00e7in \u00e7ok zorluk \u00e7ekiyorlar. Son yap\u0131lan asgari \u00fccretlilere ili\u015fkin d\u00fczenlemeler elbette ki oran olarak sanki fena g\u00f6r\u00fclmese de asl\u0131nda T\u00fcrkiye ger\u00e7eklerine bakt\u0131\u011f\u0131n\u0131z zaman geriden gelen bir noksan\u0131 tamamlam\u0131\u015f de\u011fil. Belki g\u00fcncel olarak oran tatmin edici gibi g\u00f6r\u00fcnse de genel anlamda bu rakamlar, \u00f6zellikle \u00f6yk\u00fcnd\u00fc\u011f\u00fcm\u00fcz, onlar\u0131n d\u00fczeyine gelmek i\u00e7in \u00e7aba sarf etti\u011fimiz Bat\u0131 Avrupa standartlar\u0131ndaki \u00fclkelerdeki \u00e7al\u0131\u015fma ko\u015fullar\u0131 ile yan yana getirilemez. M\u00fcmk\u00fcn de\u011fil, mukayese dahi edilemez&#8221; dedi.<br \/>\n&#8220;Belediyemiz ve MESK\u0130 b\u00fcnyesinde \u00e7al\u0131\u015fan mesai arkada\u015flar\u0131m\u0131zla ilgili s\u00f6zle\u015fme imzalayaca\u011f\u0131z&#8221;<br \/>\nB\u00fcy\u00fck\u015fehir Belediyesi olarak sosyal belediyecili\u011fe \u00e7ok \u00f6nem verdiklerini kaydeden Ba\u015fkan Se\u00e7er, &#8220;Sosyal politikalar konusunda da Belediyemizin b\u00fct\u00e7esini yaparken hep yakla\u015f\u0131m\u0131m\u0131z pozitif oluyor. En fazla yapabilece\u011fimiz, ay\u0131rabilece\u011fimiz b\u00fct\u00e7eyi ay\u0131rma \u00e7abas\u0131 i\u00e7erisindeyiz. \u00d6zellikle pandemi d\u00f6nemiyle ba\u015flayan ekonomik istikrars\u0131zl\u0131k d\u00f6nemi ile devam eden, yoksulun daha da yoksul oldu\u011fu bu s\u00fcre\u00e7te de vatanda\u015flar\u0131m\u0131za yard\u0131mc\u0131 olmaya, katk\u0131 sunmaya \u00e7al\u0131\u015f\u0131yoruz. Bug\u00fcn burada Belediyemiz b\u00fcnyesinde ve MESK\u0130 b\u00fcnyesinde \u00e7al\u0131\u015fan mesai arkada\u015flar\u0131m\u0131zla ilgili bir s\u00f6zle\u015fme imzalayaca\u011f\u0131z. Bu s\u00f6zle\u015fme, 1 Ocak 2022 ile 31 Aral\u0131k 2023 d\u00f6nemi i\u00e7in ve 4688 say\u0131l\u0131 Kamu G\u00f6revlileri Sendikalar\u0131 Kanunu&#8217;nun 32. Maddesi&#8217;ne ve 6. D\u00f6nem Toplu \u0130\u015f S\u00f6zle\u015fmesi&#8217;ne istinaden yap\u0131lacak olan bir s\u00f6zle\u015fme. Burada sosyal denge tazminat\u0131, ayl\u0131k tavan tutar\u0131 olan en y\u00fcksek devlet memuru ayl\u0131\u011f\u0131n\u0131n; buna ek g\u00f6stergesi de d\u00e2hil; % 120&#8217;si olmak \u00fczere Sosyal Denge Tazminat\u0131 S\u00f6zle\u015fmesini imzalayaca\u011f\u0131z&#8221; diye konu\u015ftu.<br \/>\n&#8220;Toplamda 1517 personelimiz faydalanm\u0131\u015f olacak&#8221;<br \/>\nSosyal Denge Tazminat\u0131 S\u00f6zle\u015fmesi&#8217;nin iki y\u0131ll\u0131k bir d\u00f6nemi kapsad\u0131\u011f\u0131n\u0131 vurgulayan Ba\u015fkan Se\u00e7er, \u015f\u00f6yle devam etti:<br \/>\n&#8220;Mersin B\u00fcy\u00fck\u015fehir Belediyemiz 1157 memur \u00e7al\u0131\u015fan\u0131 ve 55 s\u00f6zle\u015fmeli personeli ile faydalanm\u0131\u015f olacak. Ayr\u0131ca Mersin Su ve Kanalizasyon \u0130daremizde 249 memur, 56 s\u00f6zle\u015fmeli personel olmak \u00fczere toplamda 1517 personelimiz faydalanm\u0131\u015f olacak. Biz 5. D\u00f6nem Toplu \u0130\u015f S\u00f6zle\u015fmesi&#8217;nde de sosyal denge tazminat\u0131n\u0131 yine o d\u00f6nemde tavan tutar\u0131 olan, ki o zaman bu oran % 100 civar\u0131ndayd\u0131, o oran\u0131 da vermi\u015ftik. Her iki tarafa hay\u0131rl\u0131, u\u011furlu olsun. Elbette ki mevcut \u015fartlarda sadece bizim b\u00fcnyemizde \u00e7al\u0131\u015fan mesai arkada\u015flar\u0131m\u0131za de\u011fil, toplumun her kesiminde \u00e7al\u0131\u015fan, \u00f6zellikle dar gelirli, \u00fccretli, \u00e7ift\u00e7isinden memuruna, memurundan esnaf\u0131na, i\u015f\u00e7isine, emeklisine, b\u00fct\u00fcn toplum kesimlerini ilgilendiren bir ekonomik buhran d\u00f6neminde mevcut yasalar\u0131n bize elverdi\u011fi en iyi \u00f6l\u00e7\u00fcde de inisiyatifimizi o y\u00f6nde kullanarak katk\u0131 sunmaya \u00e7al\u0131\u015f\u0131yoruz. \u015eimdiden \u00e7al\u0131\u015fanlar\u0131m\u0131za, mesai arkada\u015flar\u0131m\u0131za hay\u0131rl\u0131, u\u011furlu olsun.&#8221;<br \/>\n\u00d6zbay: &#8220;Mersin B\u00fcy\u00fck\u015fehir Belediyesi ya\u015fayacak ki buradaki emek\u00e7iler de ya\u015fas\u0131n&#8221;<br \/>\nT\u00fcm Bel-Sen Mersin \u015eube Ba\u015fkan\u0131 Mustafa \u00d6zbay, s\u00f6zle\u015fmenin imzalanmas\u0131nda eme\u011fi ge\u00e7enlere te\u015fekk\u00fcr ederek, \u015funlar\u0131 s\u00f6yledi:<br \/>\n&#8220;Siz ekonomik boyutunu s\u00f6ylediniz ama bir de i\u015fin sosyal boyutu var. Mersin ger\u00e7ekten d\u00fcnyada tek \u015fehirlerden bir tanesi. Bar\u0131\u015f\u0131n ve ho\u015fg\u00f6r\u00fcn\u00fcn sembol\u00fc olan. D\u00fcnyada e\u015fi benzeri olmayan, t\u00fcm insanlar\u0131n, \u00f6zellikle mezarl\u0131ktan bahsediyorum, yan yana koyun koyuna yatt\u0131\u011f\u0131 bir yer. Say\u0131n Ba\u015fkan\u0131m, Mersinimizin Belediye Ba\u015fkan\u0131 olarak elbette sizin temponuza yeti\u015fmek bizim i\u00e7in hayli zor. Yani onu itiraf etmeliyim. Yani Allah sa\u011fl\u0131k versin, ger\u00e7ekten Allah korusun \u00e7ok h\u0131zl\u0131 bir tempoda \u00e7al\u0131\u015f\u0131yorsunuz. Ama biz de \u015funu s\u00f6ylemem gerekir, memurlar ad\u0131na, \u00fcyelerimiz ad\u0131na, sizin bu \u00e7al\u0131\u015fmalar\u0131n\u0131za biz de elimizden geldi\u011fi kadar destek verme, birlikte \u00e7al\u0131\u015fma, \u00fcretme, yani Mersinimizin daha ya\u015fanabilir, daha \u00f6zg\u00fcr, daha ye\u015fil bir kent olmas\u0131 i\u00e7in elimizden geleni yapaca\u011f\u0131m\u0131za burada s\u00f6z veriyoruz. Elbette Mersin B\u00fcy\u00fck\u015fehir Belediyesi ya\u015fayacak ki buradaki emek\u00e7iler de ya\u015fas\u0131n. Yani Belediye burada yani Allah g\u00f6stermesin ekonomik olarak bir zaafa d\u00fc\u015ferse, maa\u015flar\u0131m\u0131z\u0131 \u00f6deyemez bir duruma d\u00fc\u015ferse ki bunu daha \u00f6nceleri baz\u0131 belediyeler ya\u015fad\u0131.  Yani i\u015f\u00e7inin, memurun maa\u015flar\u0131n\u0131 veremediler. Elbette biz de bundan etkileniriz. Elbette Belediyemizin hem gelirlerini art\u0131rma hem hizmeti en iyi \u015fekilde vermek i\u00e7in elimizden geleni yapaca\u011f\u0131m\u0131z\u0131n s\u00f6z\u00fcn\u00fc veriyorum. \u015eimdiden t\u00fcm \u00e7al\u0131\u015fanlara hay\u0131rl\u0131, u\u011furlu olsun.&#8221;<\/p>\n","protected":false},"excerpt":{"rendered":"<p>Mersin B\u00fcy\u00fck\u015fehir Belediye Ba\u015fkan\u0131 Vahap Se\u00e7er ve T\u00fcm Bel-Sen Mersin \u015eube Ba\u015fkan\u0131 Mustafa \u00d6zbay aras\u0131nda, B\u00fcy\u00fck\u015fehir Belediyesi ve MESK\u0130 Genel M\u00fcd\u00fcrl\u00fc\u011f\u00fc&#8217;nde \u00e7al\u0131\u015fan toplam 1517 memur ve s\u00f6zle\u015fmeli personeli ilgilendiren &#8220;Sosyal &hellip; <a href=\"https:\/\/akdenizolaygazetesi.com\/?p=15744\" class=\"more-link\">Devam\u0131n\u0131 Oku&#8230;<\/a><\/p>\n","protected":false},"author":2,"featured_media":15745,"comment_status":"open","ping_status":"open","sticky":false,"template":"","format":"standard","meta":[],"categories":[1,2,3],"tags":[],"_links":{"self":[{"href":"https:\/\/akdenizolaygazetesi.com\/index.php?rest_route=\/wp\/v2\/posts\/15744"}],"collection":[{"href":"https:\/\/akdenizolaygazetesi.com\/index.php?rest_route=\/wp\/v2\/posts"}],"about":[{"href":"https:\/\/akdenizolaygazetesi.com\/index.php?rest_route=\/wp\/v2\/types\/post"}],"author":[{"embeddable":true,"href":"https:\/\/akdenizolaygazetesi.com\/index.php?rest_route=\/wp\/v2\/users\/2"}],"replies":[{"embeddable":true,"href":"https:\/\/akdenizolaygazetesi.com\/index.php?rest_route=%2Fwp%2Fv2%2Fcomments&post=15744"}],"version-history":[{"count":1,"href":"https:\/\/akdenizolaygazetesi.com\/index.php?rest_route=\/wp\/v2\/posts\/15744\/revisions"}],"predecessor-version":[{"id":15746,"href":"https:\/\/akdenizolaygazetesi.com\/index.php?rest_route=\/wp\/v2\/posts\/15744\/revisions\/15746"}],"wp:featuredmedia":[{"embeddable":true,"href":"https:\/\/akdenizolaygazetesi.com\/index.php?rest_route=\/wp\/v2\/media\/15745"}],"wp:attachment":[{"href":"https:\/\/akdenizolaygazetesi.com\/index.php?rest_route=%2Fwp%2Fv2%2Fmedia&parent=15744"}],"wp:term":[{"taxonomy":"category","embeddable":true,"href":"https:\/\/akdenizolaygazetesi.com\/index.php?rest_route=%2Fwp%2Fv2%2Fcategories&post=15744"},{"taxonomy":"post_tag","embeddable":true,"href":"https:\/\/akdenizolaygazetesi.com\/index.php?rest_route=%2Fwp%2Fv2%2Ftags&post=15744"}],"curies":[{"name":"wp","href":"https:\/\/api.w.org\/{rel}","templated":true}]}}