{"id":15747,"date":"2021-12-22T11:12:28","date_gmt":"2021-12-22T08:12:28","guid":{"rendered":"http:\/\/akdenizolaygazetesi.com\/?p=15747"},"modified":"2021-12-22T11:12:28","modified_gmt":"2021-12-22T08:12:28","slug":"buyuksehirin-sabah-corbasi-artik-tum-gun-vatandaslara-ulasiyor","status":"publish","type":"post","link":"https:\/\/akdenizolaygazetesi.com\/?p=15747","title":{"rendered":"B\u00dcY\u00dcK\u015eEH\u0130R&#8217;\u0130N SABAH \u00c7ORBASI ARTIK T\u00dcM G\u00dcN VATANDA\u015eLARA ULA\u015eIYOR"},"content":{"rendered":"<p>Mersin B\u00fcy\u00fck\u015fehir Belediye Ba\u015fkan\u0131 Vahap Se\u00e7er&#8217;in sosyal belediyecilik alan\u0131nda hayata ge\u00e7irdi\u011fi hizmetler artarak devam ediyor. Sosyal projelerini vatanda\u015flar\u0131n ihtiyac\u0131na g\u00f6re \u015fekillendiren B\u00fcy\u00fck\u015fehir Belediyesi, &#8220;1 Ekmek 1 \u00c7orba&#8221; hizmetiyle \u00e7orba da\u011f\u0131t\u0131mlar\u0131n\u0131 t\u00fcm g\u00fcne yayd\u0131.<br \/>\nDezavantajl\u0131 mahallelerdeki vatanda\u015flara ula\u015f\u0131yor<br \/>\nB\u00fcy\u00fck\u015fehir Belediyesi, t\u00fcm g\u00fcn s\u00fcrd\u00fcrd\u00fc\u011f\u00fc &#8220;1 Ekmek 1 \u00c7orba&#8221; da\u011f\u0131t\u0131mlar\u0131 ile Mersinlilerin i\u00e7ini \u0131s\u0131tmaya devam ediyor. \u00dccretsiz \u00e7orba ve ekmek hizmeti, 7&#8217;den 70&#8217;e her kesime ve \u00f6zellikle dezavantajl\u0131 mahallelerde ya\u015fayan vatanda\u015flara ula\u015f\u0131yor. Kentin bir\u00e7ok noktas\u0131na mobil &#8220;1 Ekmek 1 \u00c7orba&#8221; arac\u0131 ile giden Sosyal Hizmetler Dairesi ekiplerinin sundu\u011fu hizmetten vatanda\u015flar da memnun.<br \/>\n&#8220;G\u00fcn boyu vatanda\u015flar\u0131m\u0131za hizmet edece\u011fiz&#8221;<br \/>\nSosyal Hizmetler Dairesi Sosyal Yard\u0131mlar \u015eube M\u00fcd\u00fcr\u00fc Engin Y\u0131ld\u0131r\u0131m, kapsam\u0131 geni\u015fletilen &#8216;1 Ekmek 1 \u00c7orba&#8217; hizmeti ile ilgili olarak, &#8220;\u00dclkemizin i\u00e7inde bulundu\u011fu bu d\u00f6nemde Mersin B\u00fcy\u00fck\u015fehir Belediyesi olarak sosyal yard\u0131mlar\u0131m\u0131z\u0131 art\u0131rarak devam ediyoruz. \u00dccretsiz ekmek ve odun da\u011f\u0131t\u0131m\u0131m\u0131zdan sonra Ba\u015fkan\u0131m\u0131z Vahap Se\u00e7er, Mahalle Mutfaklar\u0131m\u0131z\u0131n hafta sonu da a\u00e7\u0131lmas\u0131na karar verdi. Bundan sonra \u00e7orba arac\u0131m\u0131z da g\u00fcn boyu dezavantajl\u0131 mahallelerimizde gezerek vatanda\u015flar\u0131m\u0131za hizmet edecek. Bu zorluklar\u0131 beraber a\u015faca\u011f\u0131z. Biriz, beraberiz. Ba\u015fkan\u0131m\u0131z\u0131n da ifade etti\u011fi gibi bu hizmetlerimizin devam\u0131 gelecek&#8221; ifadelerine yer verdi.<br \/>\n&#8220;Ayn\u0131 evde yapt\u0131\u011f\u0131m\u0131z gibi&#8221;<br \/>\nO\u011flunu okuldan almaya giderken \u00e7orba da\u011f\u0131t\u0131mlar\u0131n\u0131 g\u00f6rd\u00fc\u011f\u00fcn\u00fc s\u00f6yleyen Melek Karapolat, &#8220;Okula gidiyordum. Ho\u015fuma gitti bu \u00f6neriniz. O\u011fluma, &#8216;s\u0131raya gir, sen de al&#8217; dedim. B\u00fcy\u00fck\u015fehir Belediyesi&#8217;nin bu \u015fekilde yapt\u0131\u011f\u0131 yard\u0131mlardan \u00e7ok memnunuz, \u00e7ok ho\u015fumuza gidiyor. Bu \u015fekilde olursa gayet memnunuz. Tad\u0131na bakt\u0131m, be\u011fendim. Ayn\u0131 evde yapt\u0131\u011f\u0131m\u0131z gibi. \u00c7ok g\u00fczel olmu\u015f, \u00e7ok be\u011fendim&#8221; diye konu\u015ftu.<br \/>\n&#8220;Ger\u00e7ekten g\u00fczel ve b\u00fcy\u00fck bir hizmet&#8221;<br \/>\n\u00c7ilek Mahallesi eski Muhtar\u0131 Muzaffer G\u00fcm\u00fc\u015fta\u015f, B\u00fcy\u00fck\u015fehir Belediyesi&#8217;nin ger\u00e7ekle\u015ftirdi\u011fi sosyal hizmetlerin daha \u00f6nce yap\u0131lmad\u0131\u011f\u0131n\u0131 ifade ederek, &#8220;Ba\u015fkan&#8217;\u0131n yapt\u0131klar\u0131 ilk defa yap\u0131l\u0131yor T\u00fcrkiye genelinde. Ger\u00e7ekten g\u00fczel ve b\u00fcy\u00fck bir hizmet. Bunu hi\u00e7 kimse yapmaz. Duyduk, yoksul insanlara odun da\u011f\u0131tmaya ba\u015flam\u0131\u015f. Kusursuz bir hizmet yap\u0131yor. Allah ona g\u00fc\u00e7, kuvvet versin. \u015eu anda \u00e7ocuklar \u00e7ok sevindi&#8221; dedi.<br \/>\nOkul \u00e7\u0131k\u0131\u015f\u0131nda tad\u0131na bakt\u0131\u011f\u0131 \u00e7orbay\u0131 annesinin \u00e7orbas\u0131na benzeten \u00d6mer \u0130yi, &#8220;\u00c7orban\u0131n tad\u0131 \u00e7ok g\u00fczel olmu\u015f. \u0130kinciyi i\u00e7tim. Annemin yapt\u0131\u011f\u0131 \u00e7orbaya \u00e7ok benziyor. \u00c7ok g\u00fczel bir \u015fey&#8221; dedi. \u00c7ocuklardan Ahmet Irmak ise &#8220;\u00c7ok g\u00fczel. Ben baya\u011f\u0131d\u0131r al\u0131yorum. Cumartesi g\u00fcnleri Kazanl\u0131&#8217;ya pazara giderken de al\u0131yorum&#8221;  ifadelerini kulland\u0131.<br \/>\n&#8220;Te\u015fekk\u00fcr ediyoruz Belediye&#8217;ye&#8221;<br \/>\nVatanda\u015flardan Ahmet Ya\u015far ise \u00e7orban\u0131n \u00e7ok lezzetli oldu\u011funu anlat\u0131rken, &#8220;Hizmetinizi be\u011fendim. G\u00fczel bir hizmet. Vatanda\u015flar\u0131n; kurumlar\u0131n onlar\u0131n arkas\u0131nda oldu\u011funu g\u00f6rmesi, onlarla ilgilenmesi, en az\u0131ndan k\u0131sa da olsa, k\u00fc\u00e7\u00fck de olsa b\u00f6yle sorunlar i\u00e7in u\u011fra\u015fmas\u0131, \u00e7\u00f6z\u00fcm \u00fcretmesi iyi bir \u015fey. G\u00fczel bir \u015fey halk\u0131 d\u00fc\u015f\u00fcnmesi&#8221; dedi.  <\/p>\n","protected":false},"excerpt":{"rendered":"<p>Mersin B\u00fcy\u00fck\u015fehir Belediye Ba\u015fkan\u0131 Vahap Se\u00e7er&#8217;in sosyal belediyecilik alan\u0131nda hayata ge\u00e7irdi\u011fi hizmetler artarak devam ediyor. Sosyal projelerini vatanda\u015flar\u0131n ihtiyac\u0131na g\u00f6re \u015fekillendiren B\u00fcy\u00fck\u015fehir Belediyesi, &#8220;1 Ekmek 1 \u00c7orba&#8221; hizmetiyle \u00e7orba da\u011f\u0131t\u0131mlar\u0131n\u0131 &hellip; <a href=\"https:\/\/akdenizolaygazetesi.com\/?p=15747\" class=\"more-link\">Devam\u0131n\u0131 Oku&#8230;<\/a><\/p>\n","protected":false},"author":2,"featured_media":15748,"comment_status":"open","ping_status":"open","sticky":false,"template":"","format":"standard","meta":[],"categories":[1,2,3,5],"tags":[],"_links":{"self":[{"href":"https:\/\/akdenizolaygazetesi.com\/index.php?rest_route=\/wp\/v2\/posts\/15747"}],"collection":[{"href":"https:\/\/akdenizolaygazetesi.com\/index.php?rest_route=\/wp\/v2\/posts"}],"about":[{"href":"https:\/\/akdenizolaygazetesi.com\/index.php?rest_route=\/wp\/v2\/types\/post"}],"author":[{"embeddable":true,"href":"https:\/\/akdenizolaygazetesi.com\/index.php?rest_route=\/wp\/v2\/users\/2"}],"replies":[{"embeddable":true,"href":"https:\/\/akdenizolaygazetesi.com\/index.php?rest_route=%2Fwp%2Fv2%2Fcomments&post=15747"}],"version-history":[{"count":1,"href":"https:\/\/akdenizolaygazetesi.com\/index.php?rest_route=\/wp\/v2\/posts\/15747\/revisions"}],"predecessor-version":[{"id":15749,"href":"https:\/\/akdenizolaygazetesi.com\/index.php?rest_route=\/wp\/v2\/posts\/15747\/revisions\/15749"}],"wp:featuredmedia":[{"embeddable":true,"href":"https:\/\/akdenizolaygazetesi.com\/index.php?rest_route=\/wp\/v2\/media\/15748"}],"wp:attachment":[{"href":"https:\/\/akdenizolaygazetesi.com\/index.php?rest_route=%2Fwp%2Fv2%2Fmedia&parent=15747"}],"wp:term":[{"taxonomy":"category","embeddable":true,"href":"https:\/\/akdenizolaygazetesi.com\/index.php?rest_route=%2Fwp%2Fv2%2Fcategories&post=15747"},{"taxonomy":"post_tag","embeddable":true,"href":"https:\/\/akdenizolaygazetesi.com\/index.php?rest_route=%2Fwp%2Fv2%2Ftags&post=15747"}],"curies":[{"name":"wp","href":"https:\/\/api.w.org\/{rel}","templated":true}]}}