{"id":15755,"date":"2021-12-23T12:41:34","date_gmt":"2021-12-23T09:41:34","guid":{"rendered":"http:\/\/akdenizolaygazetesi.com\/?p=15755"},"modified":"2021-12-23T12:41:34","modified_gmt":"2021-12-23T09:41:34","slug":"akdeniz-kisin-da-bahari-yasayacak","status":"publish","type":"post","link":"https:\/\/akdenizolaygazetesi.com\/?p=15755","title":{"rendered":"AKDEN\u0130Z KI\u015eIN DA BAHARI YA\u015eAYACAK"},"content":{"rendered":"<p>Y\u0131lda ortalama 500 binden fazla bitki ve \u00e7i\u00e7e\u011fin \u00fcretildi\u011fi Akdeniz Belediyesi Park ve Bah\u00e7eler M\u00fcd\u00fcrl\u00fc\u011f\u00fc seras\u0131nda, rengarenk k\u0131\u015f mevsimi \u00e7i\u00e7ekler toprakla bulu\u015fmay\u0131 bekliyor.<br \/>\nAkdeniz\u2019in ye\u015fil alanlar\u0131n\u0131 art\u0131rmak ve estetik bir g\u00f6r\u00fcn\u00fcme kavu\u015fmas\u0131n\u0131 sa\u011flamak amac\u0131yla gece g\u00fcnd\u00fcz demeden \u00e7al\u0131\u015fan Akdeniz Belediyesi Park ve Bah\u00e7eler M\u00fcd\u00fcrl\u00fc\u011f\u00fc ekipleri \u00fcretim noktas\u0131nda \u00f6nemli yol kat etti. Dikimi ger\u00e7ekle\u015ftirilen bir\u00e7ok \u00fcr\u00fcn\u00fcn fidelerinin \u00fcretimini sa\u011flayan ekipler, vatanda\u015flar\u0131m k\u0131\u015f\u0131n da bahar\u0131 ya\u015famas\u0131 i\u00e7in \u00e7al\u0131\u015fmalar\u0131na devam ediyor.<br \/>\nBelediye hem tasarruf ediyor hem b\u00fct\u00e7eye katk\u0131 sa\u011fl\u0131yor<br \/>\nAkdeniz Belediyesi Park ve Bah\u00e7eler M\u00fcd\u00fcrl\u00fc\u011f\u00fc ekipleri, Ba\u015fkan Mustafa G\u00fcltak\u2019\u0131n \u00fcretim odakl\u0131 \u00e7al\u0131\u015fma anlay\u0131\u015f\u0131 ile  kendi \u00e7i\u00e7eklerini \u00fcretmeyi s\u00fcrd\u00fcr\u00fcyor. Bu kapsamda Park ve Bah\u00e7eler M\u00fcd\u00fcrl\u00fc\u011f\u00fc seralar\u0131nda yeti\u015ftirilen k\u0131\u015fl\u0131k \u00e7i\u00e7ekler toprakla bulu\u015fmaya haz\u0131rlan\u0131yor. Belediye b\u00f6ylece hem tasarruf ediyor hem de b\u00fct\u00e7eye \u00f6nemli katk\u0131 sa\u011flam\u0131\u015f oluyor.<br \/>\n&#8220;3 ayda toplam 48 bin adet \u00e7i\u00e7ek \u00fcretildi&#8221;<br \/>\nAkdeniz Belediyesi seralar\u0131nda \u015febboy, petunya, \u00e7in karanfili, hercai menek\u015fe, s\u00fcs lahanalar\u0131, papatya, begonvil gibi \u00e7i\u00e7eklerin \u00fcretiminin ger\u00e7ekle\u015fti\u011fini kaydeden Ba\u015fkan Mustafa G\u00fcltak; \u201cTamam\u0131 ekip arkada\u015flar\u0131m\u0131z\u0131n katk\u0131s\u0131yla 3 ayda toplam 48 bin adet \u00e7i\u00e7ek \u00fcretimi yap\u0131ld\u0131. Elde edilen \u00e7i\u00e7eklerimizi kamu kurumlar\u0131 ve parklar\u0131m\u0131z ba\u015fta olmak \u00fczere muhtelif yerlerde de\u011ferlendiriyoruz\u201d dedi.<br \/>\n&#8220;\u00dcretmeye devam edece\u011fiz&#8221;<br \/>\nKentin iklim ve toprak yap\u0131s\u0131na uygun \u00fcr\u00fcnlerin yeti\u015ftirildi\u011fi seralarda \u00e7e\u015fitli t\u00fcrden binlerce k\u0131\u015fl\u0131k ve yazl\u0131k \u00e7i\u00e7ek yeti\u015ftirdiklerine vurgu yapan Akdeniz Belediye Ba\u015fkan\u0131 Mustafa G\u00fcltak; \u201cB\u00f6ylelikle mevsimlere g\u00f6re dayan\u0131kl\u0131l\u0131k i\u00e7eren \u00e7i\u00e7ekler ile Akdeniz\u2019e estetik g\u00f6r\u00fcn\u00fcm kazand\u0131rmay\u0131 ama\u00e7l\u0131yoruz. Seralar\u0131m\u0131zda \u00f6n\u00fcm\u00fczdeki s\u00fcre\u00e7te 80 bin adet kadife, portakal nergisi, bal\u0131k a\u011fz\u0131, pentas, kirli han\u0131m, ceylan g\u00f6z\u00fc gibi \u00fcr\u00fcnleri de yeti\u015ftirmek i\u00e7in \u00e7al\u0131\u015fmalar\u0131m\u0131z s\u00fcr\u00fcyor\u201d diye konu\u015ftu.<\/p>\n","protected":false},"excerpt":{"rendered":"<p>Y\u0131lda ortalama 500 binden fazla bitki ve \u00e7i\u00e7e\u011fin \u00fcretildi\u011fi Akdeniz Belediyesi Park ve Bah\u00e7eler M\u00fcd\u00fcrl\u00fc\u011f\u00fc seras\u0131nda, rengarenk k\u0131\u015f mevsimi \u00e7i\u00e7ekler toprakla bulu\u015fmay\u0131 bekliyor. Akdeniz\u2019in ye\u015fil alanlar\u0131n\u0131 art\u0131rmak ve estetik bir &hellip; <a href=\"https:\/\/akdenizolaygazetesi.com\/?p=15755\" class=\"more-link\">Devam\u0131n\u0131 Oku&#8230;<\/a><\/p>\n","protected":false},"author":2,"featured_media":15756,"comment_status":"open","ping_status":"open","sticky":false,"template":"","format":"standard","meta":[],"categories":[2,3],"tags":[],"_links":{"self":[{"href":"https:\/\/akdenizolaygazetesi.com\/index.php?rest_route=\/wp\/v2\/posts\/15755"}],"collection":[{"href":"https:\/\/akdenizolaygazetesi.com\/index.php?rest_route=\/wp\/v2\/posts"}],"about":[{"href":"https:\/\/akdenizolaygazetesi.com\/index.php?rest_route=\/wp\/v2\/types\/post"}],"author":[{"embeddable":true,"href":"https:\/\/akdenizolaygazetesi.com\/index.php?rest_route=\/wp\/v2\/users\/2"}],"replies":[{"embeddable":true,"href":"https:\/\/akdenizolaygazetesi.com\/index.php?rest_route=%2Fwp%2Fv2%2Fcomments&post=15755"}],"version-history":[{"count":1,"href":"https:\/\/akdenizolaygazetesi.com\/index.php?rest_route=\/wp\/v2\/posts\/15755\/revisions"}],"predecessor-version":[{"id":15757,"href":"https:\/\/akdenizolaygazetesi.com\/index.php?rest_route=\/wp\/v2\/posts\/15755\/revisions\/15757"}],"wp:featuredmedia":[{"embeddable":true,"href":"https:\/\/akdenizolaygazetesi.com\/index.php?rest_route=\/wp\/v2\/media\/15756"}],"wp:attachment":[{"href":"https:\/\/akdenizolaygazetesi.com\/index.php?rest_route=%2Fwp%2Fv2%2Fmedia&parent=15755"}],"wp:term":[{"taxonomy":"category","embeddable":true,"href":"https:\/\/akdenizolaygazetesi.com\/index.php?rest_route=%2Fwp%2Fv2%2Fcategories&post=15755"},{"taxonomy":"post_tag","embeddable":true,"href":"https:\/\/akdenizolaygazetesi.com\/index.php?rest_route=%2Fwp%2Fv2%2Ftags&post=15755"}],"curies":[{"name":"wp","href":"https:\/\/api.w.org\/{rel}","templated":true}]}}