{"id":15758,"date":"2021-12-23T12:43:59","date_gmt":"2021-12-23T09:43:59","guid":{"rendered":"http:\/\/akdenizolaygazetesi.com\/?p=15758"},"modified":"2021-12-23T12:43:59","modified_gmt":"2021-12-23T09:43:59","slug":"baskan-secer-3-ocak-mersin-icin-yeni-bir-milat-olacak","status":"publish","type":"post","link":"https:\/\/akdenizolaygazetesi.com\/?p=15758","title":{"rendered":"BA\u015eKAN SE\u00c7ER: &#8220;3 OCAK MERS\u0130N \u0130\u00c7\u0130N YEN\u0130 B\u0130R M\u0130LAT OLACAK&#8221;"},"content":{"rendered":"<p>Mersin B\u00fcy\u00fck\u015fehir Belediyesi&#8217;nin 2021 Y\u0131l\u0131 Aral\u0131k Ay\u0131&#8217;nda yap\u0131lan Ola\u011fan\u00fcst\u00fc Meclis Toplant\u0131s\u0131, B\u00fcy\u00fck\u015fehir Belediye Ba\u015fkan\u0131 Vahap Se\u00e7er&#8217;in ba\u015fkanl\u0131\u011f\u0131nda ger\u00e7ekle\u015ftirildi. Ba\u015fkan Se\u00e7er, toplant\u0131n\u0131n g\u00fcndem d\u0131\u015f\u0131 konu\u015fmalar b\u00f6l\u00fcm\u00fcnde baz\u0131 de\u011ferlendirmeler ve duyurularda bulundu. Halk Kart, Mahalle Mutfaklar\u0131, 1 Ekmek 1 \u00c7orba, patates ve so\u011fan ile yakacak desteklerine dair \u00f6nemli a\u00e7\u0131klamalarda bulunan Ba\u015fkan Se\u00e7er, 3 Ocak&#8217;ta Mersin Metrosu&#8217;nun temelini atacaklar\u0131n\u0131 da vurgulayarak, &#8220;3 Ocak Mersin i\u00e7in yeni bir milat olacak&#8221; dedi.<br \/>\n&#8220;T\u00fcm aziz \u015fehitlerimizi minnetle an\u0131yor, hepsine Allah&#8217;tan rahmet diliyorum&#8221;<br \/>\nT\u00fcrkiye tarihinde zaferler kadar ac\u0131lar\u0131n da \u00f6nemli yer tuttu\u011funu ifade eden Ba\u015fkan Se\u00e7er,  &#8220;22 Aral\u0131k 1914-6 Ocak 1915 tarihleri aras\u0131nda ger\u00e7ekle\u015fen Sar\u0131kam\u0131\u015f harek\u00e2t\u0131nda 60 bini donarak, 78 bin askerimiz \u015fehit olmu\u015ftu. Rus i\u015fgali alt\u0131ndaki topraklar\u0131 kurtarmak amac\u0131yla harek\u00e2tta \u015fehit olan askerlerimizi rahmetle ve minnetle an\u0131yorum. Yar\u0131n da \u0130zmir&#8217;in Menemen il\u00e7esinde \u00f6\u011fretmenlik yapan Aste\u011fmen Mustafa Fehmi Kubilay&#8217;\u0131n \u015fehit edilmesinin y\u0131l d\u00f6n\u00fcm\u00fc. Cumhuriyetimizi son nefesine kadar savunan devrim \u015fehidi Aste\u011fmen Kubilay&#8217;\u0131n nezdinde canlar\u0131n\u0131 veren ba\u015fta Ulu \u00d6nder Mustafa Kemal Atat\u00fcrk olmak \u00fczere t\u00fcm aziz \u015fehitlerimizi bir kez daha minnetle an\u0131yor, hepsine Allah&#8217;tan rahmet diliyorum&#8221; dedi.<br \/>\nBa\u015fkan Se\u00e7er, ayr\u0131ca Mersin B\u00fcy\u00fck\u015fehir Belediyesi Meclis \u00dcyesi ve Mut Eski Belediye Ba\u015fkan\u0131 Salahattin Arslan&#8217;\u0131n a\u011fabeyi Orhan Arslan&#8217;a rahmet dileyip, ailesine taziye dileklerini iletti. Se\u00e7er, rahats\u0131zl\u0131klar\u0131 dolay\u0131s\u0131yla tedavi g\u00f6ren Meclis \u00fcyeleri Kerim \u015eahin ve Mustafa Muhammet G\u00fcltak&#8217;a ise acil \u015fifa dile\u011finde bulundu.<br \/>\n&#8220;\u00d6zellikle kad\u0131n kooperatiflerimizin g\u00fc\u00e7lenmesini \u00f6nemsiyoruz&#8221;<br \/>\nD\u00fcnya Kooperatif\u00e7ilik G\u00fcn\u00fc&#8217;ne de\u011finen Ba\u015fkan Se\u00e7er, \u015funlar\u0131 s\u00f6yledi:<br \/>\n&#8220;Birlik, beraberlik ve dayan\u0131\u015fma; toplumsal hayatta insanlar\u0131 kuvvetlendiren \u00f6nemli unsurlard\u0131r. Kooperatifler de insanlar\u0131n g\u00fc\u00e7lerini birle\u015ftirmeleri ile olu\u015fan \u00f6nemli yard\u0131mla\u015fma arac\u0131d\u0131r. Ulu \u00d6nderimiz Mustafa Kemal Atat\u00fcrk ilk Tar\u0131m Kredi Kooperatifi&#8217;ni Silifke&#8217;de a\u00e7m\u0131\u015f ve kendisi de ilk ortak olarak bu kooperatife kat\u0131lm\u0131\u015ft\u0131r. B\u00fcy\u00fck\u015fehir Belediyesi olarak Atam\u0131z&#8217;\u0131n miras\u0131 Gazi \u00c7iftli\u011fi&#8217;nde kad\u0131n ve \u00e7ocuklar\u0131m\u0131z\u0131n sosyal hayata ve \u00fcretime daha fazla kat\u0131lmas\u0131 i\u00e7in \u00e7al\u0131\u015fmalar y\u00fcr\u00fct\u00fcyor ve bu \u00e7al\u0131\u015fmalar\u0131 daha da tahkim edece\u011fimizi, art\u0131raca\u011f\u0131n\u0131z\u0131 buradan ifade etmek istiyorum. Bu y\u0131l i\u00e7erisinde kentimizdeki 163 kooperatif, oda ve birlik ile geli\u015ftirdi\u011fimiz ortak projelerimizle, yakla\u015f\u0131k 30 milyon TL&#8217;lik destek sa\u011flad\u0131k. \u00d6zellikle kad\u0131n kooperatiflerimizin g\u00fc\u00e7lenmesini \u00f6nemsiyoruz. Kentimizdeki 13 kad\u0131n kooperatifi ile yapt\u0131\u011f\u0131m\u0131z \u00e7al\u0131\u015fmalarla ayr\u0131 ayr\u0131 onlar\u0131 destekledik ve desteklemeye de devam edece\u011fiz. Temelinde dayan\u0131\u015fma, topluma ve insana hizmet olan kooperatiflerimizin daha \u00e7ok geli\u015fmesi i\u00e7in deste\u011fe haz\u0131r oldu\u011fumuzu belirtiyor, D\u00fcnya Kooperatif\u00e7ilik G\u00fcn\u00fc&#8217;n\u00fc kutluyorum.&#8221;<br \/>\n&#8220;Dar gelirli vatanda\u015flar\u0131m\u0131z\u0131n ya\u015fad\u0131\u011f\u0131 mahallelerde patates ve so\u011fan da\u011f\u0131t\u0131mlar\u0131 ger\u00e7ekle\u015ftiriyoruz&#8221;<br \/>\nEkonomik problemlerle m\u00fccadele eden ve bu s\u00fcre\u00e7te ge\u00e7imini sa\u011flamaya \u00e7al\u0131\u015fan vatanda\u015flara B\u00fcy\u00fck\u015fehir Belediyesi&#8217;nin sosyal katk\u0131lar\u0131n\u0131n devam etti\u011fini vurgulayan Ba\u015fkan Se\u00e7er; &#8220;D\u00fcn itibar\u0131yla dezavantajl\u0131 mahallelerimizde yakla\u015f\u0131k 10&#8217;ar kiloluk paketler halinde, ihtiya\u00e7 sahibi ailelerimizin evlerine kadar 5 kilogram so\u011fan, 5 kilogram patates olmak \u00fczere yakla\u015f\u0131k 100 bin kilogram \u00fcr\u00fcnlerin da\u011f\u0131t\u0131m\u0131na ba\u015flam\u0131\u015f olduk ve bu da\u011f\u0131t\u0131mlar\u0131 da s\u00fcrd\u00fcrece\u011fiz. 13 il\u00e7emizde \u00f6zellikle alt\u0131n\u0131 \u00e7izerek belirtiyorum; dar gelirli vatanda\u015flar\u0131m\u0131z\u0131n ya\u015fad\u0131\u011f\u0131 mahallelerde biz bu da\u011f\u0131t\u0131mlar\u0131 ger\u00e7ekle\u015ftiriyoruz&#8221; dedi.<br \/>\n&#8220;Her g\u00fcn f\u0131r\u0131nlardan temin etti\u011fimiz 5 bin adet ekmekleri ailelerimize da\u011f\u0131t\u0131yoruz&#8221;<br \/>\nBa\u015fkan Se\u00e7er, \u00fccretsiz ekmek da\u011f\u0131t\u0131m\u0131n\u0131n da s\u00fcrd\u00fc\u011f\u00fcn\u00fc an\u0131msatarak, &#8220;Bu ekmekler MER-EK taraf\u0131ndan \u00fcretilen ekmekler de\u011fil. MER-EK taraf\u0131ndan \u00fcretilen yakla\u015f\u0131k g\u00fcnl\u00fck 70 bin olan ekmekler 1 TL&#8217;den vatanda\u015flar\u0131m\u0131z\u0131n sat\u0131\u015f\u0131na sunuluyor. Ayr\u0131ca her g\u00fcn 5 bin adet f\u0131r\u0131nlardan temin etti\u011fimiz ekmekleri de ailelerimize da\u011f\u0131tma imk\u00e2n\u0131m\u0131z oluyor. Her ailemize de yakla\u015f\u0131k 3 ekmek da\u011f\u0131t\u0131yoruz&#8221;  diye konu\u015ftu.<br \/>\nBa\u015fkan Se\u00e7er, sabah\u0131n erken saatlerinden itibaren 64 noktada devam eden &#8220;1 Ekmek 1 \u00c7orba&#8221; hizmeti veren ara\u00e7lar\u0131n okul \u00f6nlerinde de hizmet verdi\u011fini belirterek, &#8220;\u0130lk\u00f6\u011fretim okullar\u0131 \u00f6nlerinde ak\u015fama kadar \u00e7ocuklar\u0131m\u0131z i\u00e7in ayr\u0131ca devlet \u00fcniversitelerimizin kap\u0131lar\u0131na yak\u0131n b\u00f6lgelerde olu\u015fturdu\u011fumuz noktalarda da bu da\u011f\u0131t\u0131m\u0131 devam ettiriyorlar&#8221; dedi.<br \/>\nMobil Mutfak T\u0131r\u0131 il\u00e7elerde de hizmet verecek<br \/>\n30 noktadaki Mahalle Mutfaklar\u0131&#8217;n\u0131n hafta sonlar\u0131 da hizmet vermeye ba\u015flad\u0131\u011f\u0131n\u0131 hat\u0131rlatan Se\u00e7er,  &#8220;3 TL&#8217;ye 3 \u00e7e\u015fit yemek da\u011f\u0131t\u0131mlar\u0131 haftan\u0131n 7 g\u00fcn\u00fc devam edecek. Mobil Mutfak T\u0131r\u0131 bu ay\u0131n sonuna kadar Silifke, Mut, G\u00fclnar, Ayd\u0131nc\u0131k, Bozyaz\u0131 ve Anamur&#8217;da da Mahalle Mutfa\u011f\u0131 olarak hizmet vermeye devam edecek&#8221; diye konu\u015ftu.<br \/>\nHalk Kart tutarlar\u0131 % 50 oran\u0131nda y\u00fckseltildi<br \/>\nBa\u015fkan Se\u00e7er, 12 bin 625 ailenin faydaland\u0131\u011f\u0131 Halk Kart hizmeti ile ilgili olarak da bir duyuruda bulundu. Se\u00e7er, &#8220;Vatanda\u015flar\u0131m\u0131z\u0131n hesaplar\u0131na y\u00fckledi\u011fimiz nakit para miktar\u0131n\u0131 2022 y\u0131l\u0131 itibar\u0131yla % 50 art\u0131rarak, toplamda 24 milyon 136 bin 200 TL&#8217;ye y\u00fckseltme karar\u0131 ald\u0131k. Bu art\u0131\u015f miktar\u0131 da ge\u00e7en y\u0131la g\u00f6re % 50 nispetinde olacak&#8221; ifadelerine yer verdi. Ba\u015fkan Se\u00e7er, Halk Kart sahiplerine ula\u015ft\u0131rd\u0131klar\u0131 yakacak odun yard\u0131mlar\u0131n\u0131 da 50 kilogramdan 75 kilograma \u00e7\u0131kard\u0131klar\u0131n\u0131 vurgulad\u0131. Se\u00e7er, ayr\u0131ca vatanda\u015flar\u0131n Halk Ekmek B\u00fcfeleri&#8217;nden tek seferde 3 ekmek alabildi\u011fini ve bu uygulamay\u0131 titizlikle s\u00fcrd\u00fcrd\u00fcklerini de hat\u0131rlatt\u0131.<br \/>\n&#8220;Kentimizi daima ileriye ta\u015f\u0131mak ve y\u00fckseltmek i\u00e7in var g\u00fcc\u00fcm\u00fczle \u00e7al\u0131\u015f\u0131yoruz&#8221;<br \/>\n27 Aral\u0131k&#8217;ta Tarsus&#8217;un, 3 Ocak&#8217;ta da Mersin&#8217;in kurtulu\u015funun 100. y\u0131l\u0131n\u0131 etkinliklerle kutlayacaklar\u0131n\u0131 ifade eden Ba\u015fkan Se\u00e7er, &#8220;Bu iki gururu da \u00f6n\u00fcm\u00fczdeki hafta i\u00e7inde ya\u015fayaca\u011f\u0131z. Bu b\u00fcy\u00fck onur hepimizin. \u00dczerinde ya\u015fad\u0131\u011f\u0131m\u0131z bu topraklar i\u015fgale asla teslim olmayaca\u011f\u0131n\u0131 tam 100 y\u0131l \u00f6nce herkese g\u00f6stermi\u015ftir. Atalar\u0131m\u0131z\u0131n vermi\u015f olduklar\u0131 m\u00fccadeleler, ulusal kurtulu\u015f m\u00fccadelemizin bir par\u00e7as\u0131 olarak ba\u011f\u0131ms\u0131zl\u0131k ruhunun bir kan\u0131t\u0131d\u0131r, kutlu olsun. Medeniyetler be\u015fi\u011fi olan Tarsus&#8217;ta ve Akdeniz incisi g\u00fczel kentimiz Mersin&#8217;de farkl\u0131 inan\u00e7tan, farkl\u0131 k\u00f6kenden insanlar y\u0131llard\u0131r hep birlik ve beraberlik i\u00e7erisinde ya\u015fam\u0131\u015flard\u0131r. Paha bi\u00e7ilmeyecek kadar k\u0131ymetli bu miras\u0131m\u0131za sahip \u00e7\u0131kmak, kentimizi daima ileriye ta\u015f\u0131mak ve her alanda y\u00fckseltmek i\u00e7in var g\u00fcc\u00fcm\u00fczle \u00e7al\u0131\u015fmaktay\u0131z. Bunun ayn\u0131 zamanda bizden sonraki ku\u015faklara kar\u015f\u0131 bir g\u00f6rev ve sorumluluk bilinci oldu\u011funu da belirtmek isterim. \u00c7\u00fcnk\u00fc ba\u011f\u0131ms\u0131zl\u0131k ruhu bizlere daima \u00e7al\u0131\u015fmay\u0131, \u00fcretmeyi ve yar\u0131nlara kal\u0131c\u0131 eserler b\u0131rakmay\u0131 zorunlu k\u0131lmaktad\u0131r&#8221; dedi.<br \/>\n&#8220;Mersin ve Tarsus&#8217;ta b\u00fcy\u00fck bir etkinlik alan\u0131 a\u00e7aca\u011f\u0131z&#8221;<br \/>\nSe\u00e7er, 100. y\u0131l kutlamas\u0131 i\u00e7in sergiler, s\u00f6yle\u015filer ve performanslar i\u00e7eren etkinlikler d\u00fczenleyeceklerini s\u00f6zlerine ekleyerek, &#8220;25 Aral\u0131k&#8217;ta Tarsus&#8217;ta Cumhuriyet alan\u0131nda, 2 Ocak&#8217;ta da Mersin&#8217;de b\u00fcy\u00fck bir etkinlik alan\u0131 a\u00e7aca\u011f\u0131z. 100 y\u0131l bizim i\u00e7in \u00f6nemli bir kutlama y\u0131l\u0131d\u0131r, bir as\u0131r. Bunu da bu kavrama yara\u015f\u0131r \u015fekilde yapmak zorunday\u0131z. Milli M\u00fccadele, 100 Y\u0131l ve Mersin&#8217;in Haf\u0131zas\u0131 ad\u0131n\u0131 ta\u015f\u0131yan sergilerimizle birlikte kentimizin ve \u00fclkemizin \u00f6nde gelen tarih\u00e7ileri, edebiyat\u00e7\u0131lar\u0131 ile de s\u00f6yle\u015filer ger\u00e7ekle\u015ftirilecek. Bu alanda da performanslar ve deneyim alanlar\u0131 da halk\u0131m\u0131za a\u00e7\u0131k olacak&#8221; diye konu\u015ftu.<br \/>\n&#8220;3 Ocak Mersin i\u00e7in yeni bir milat olacak&#8221;<br \/>\nMersin&#8217;in kurtulu\u015funun 100. y\u0131l\u0131nda Mersin Metrosu&#8217;nun temelini atacaklar\u0131n\u0131 ve rayl\u0131 sistemler d\u00f6nemini ba\u015flatacaklar\u0131n\u0131 s\u00f6zlerine ekleyen Ba\u015fkan Se\u00e7er,<br \/>\n&#8220;3 Ocak Mersin i\u00e7in yeni bir milat olacak; Mersin&#8217;de rayl\u0131 sistemler d\u00f6nemi ba\u015flayacak. O g\u00fcn Mersin i\u00e7in tarihi \u00f6nemdeki metronun temellerini vatanda\u015flar\u0131m\u0131zla hep beraber atm\u0131\u015f olaca\u011f\u0131z. Bu tarihi etkinliklerimize ve temel atma t\u00f6renimize t\u00fcm vatanda\u015flar\u0131m\u0131z\u0131 ve sizleri davet etmek istiyorum. Ulusal kurtulu\u015f m\u00fccadelesi vererek, bu topraklar u\u011fruna canlar\u0131n\u0131 feda eden ba\u015fta Gazi Mustafa Kemal Atat\u00fcrk olmak \u00fczere t\u00fcm \u015fehitlerimizi bir kez daha rahmetle ve \u015f\u00fckranla an\u0131yorum&#8221; dedi.<br \/>\n&#8220;Yeni y\u0131l\u0131n kentime inan\u00e7 ve umut y\u0131l\u0131 olmas\u0131n\u0131 t\u00fcm kalbimle diliyorum&#8221;<br \/>\n2022 y\u0131l\u0131nda t\u00fcm d\u00fcnyada bar\u0131\u015f ve sevginin h\u00e2kim olmas\u0131n\u0131 dileyen Ba\u015fkan Se\u00e7er, &#8220;Pandeminin yaratt\u0131\u011f\u0131 tahribatlar maalesef devam ediyor ancak yeni \u00fcmitler ve yeni beklentilerle yeni bir y\u0131la girece\u011fiz. \u00d6ncelikle dile\u011fimiz \u00fclkemiz ve t\u00fcm d\u00fcnyada bar\u0131\u015f\u0131n, sevginin ve ho\u015fg\u00f6r\u00fcn\u00fcn egemen olmas\u0131, insanlar\u0131m\u0131z\u0131n refah i\u00e7erisinde ya\u015famas\u0131. Ge\u00e7en y\u0131l sevgi ve iyile\u015fme y\u0131l\u0131 dedi\u011fimiz ve bitirmek \u00fczere oldu\u011fumuz 2021 y\u0131l\u0131ndan yeni y\u0131la ge\u00e7erken de yeni y\u0131l\u0131n kentime inan\u00e7 ve umut y\u0131l\u0131 olmas\u0131n\u0131 t\u00fcm kalbimle diliyorum. Yeni y\u0131lda ve daha nice y\u0131llarda kentimizin g\u00fcc\u00fcne inanarak, umutlar\u0131m\u0131z\u0131 daima canl\u0131 tutarak, karamsarl\u0131\u011fa kap\u0131lmadan, yorulmadan \u00e7al\u0131\u015fmaya devam edece\u011fiz, yeni y\u0131l\u0131n\u0131z kutlu olsun&#8221; ifadelerini kulland\u0131.<br \/>\n&#8220;O katl\u0131 kav\u015fa\u011f\u0131n yap\u0131m\u0131n\u0131 Karayollar\u0131&#8217;n\u0131n ger\u00e7ekle\u015ftirmesi laz\u0131m&#8221;<br \/>\nBir Meclis \u00fcyesinin, Akbelen Kav\u015fa\u011f\u0131&#8217;na katl\u0131 kav\u015fak yap\u0131lmas\u0131 konusunu g\u00fcndeme getirmesi \u00fczerine Ba\u015fkan Se\u00e7er, b\u00f6lgenin Karayollar\u0131&#8217;n\u0131n sorumluluk alan\u0131na girdi\u011fini hat\u0131rlatarak; &#8220;Akbelen Mezarl\u0131\u011f\u0131&#8217;n\u0131n g\u00fcney taraf\u0131ndaki Akbelen Kav\u015fa\u011f\u0131 ivedi olarak bir katl\u0131 kav\u015fak in\u015faat\u0131 gerektiriyor. Bir proje \u00e7al\u0131\u015f\u0131lm\u0131\u015f daha \u00f6nce oraya. Ancak oras\u0131 Karayollar\u0131&#8217;n\u0131n uhdesinde olan bir yer. Biz daha \u00f6nce de bunu Meclis&#8217;te defaatle dile getirdik, \u015fu anda en acil d\u00fczenleme yap\u0131lmas\u0131 gereken yer oras\u0131. \u015eu anda \u00e7al\u0131\u015ft\u0131\u011f\u0131m\u0131z G\u00f6\u00e7men Kav\u015fa\u011f\u0131&#8217;ndan da daha \u00f6ncelikli ya da daha \u00f6nce yapt\u0131\u011f\u0131m\u0131z Sevgi Katl\u0131 Kav\u015fa\u011f\u0131&#8217;ndan daha \u00f6ncelikliydi. O katl\u0131 kav\u015fa\u011f\u0131n yap\u0131m\u0131n\u0131 Ula\u015ft\u0131rma Bakanl\u0131\u011f\u0131&#8217;na ba\u011fl\u0131 Karayollar\u0131 Genel M\u00fcd\u00fcrl\u00fc\u011f\u00fc&#8217;n\u00fcn ger\u00e7ekle\u015ftirmesi laz\u0131m. Buradan da bir kez daha \u00f6zellikle Cumhur \u0130ttifak\u0131&#8217;na mensup Meclis \u00fcyesi arkada\u015flar\u0131m\u0131n da bu konuya e\u011filmelerini kendilerinden talep ediyorum&#8221; diye konu\u015ftu.<br \/>\nBa\u015fkan Se\u00e7er, Ola\u011fan\u00fcst\u00fc Meclis Toplant\u0131s\u0131&#8217;nda ayr\u0131ca Mara\u015f Katliam\u0131&#8217;nda katledilen vatanda\u015flar\u0131 rahmetle and\u0131.<br \/>\n&#8220;Kentteki ba\u015fka kurumlara ait sorunlar\u0131n \u00e7\u00f6z\u00fcm\u00fcnden kurtulman\u0131n en rahat yolu her \u015feyi B\u00fcy\u00fck\u015fehir&#8217;e y\u00fcklemek&#8221;<br \/>\nMeclis toplant\u0131s\u0131nda bir Meclis \u00fcyesi, Akdeniz il\u00e7esinde Homurlu&#8217;da DS\u0130&#8217;ye ait olan su kanal\u0131n\u0131n, su kanal\u0131 olma \u00f6zelli\u011fini kaybetti\u011fini ve fabrikalar\u0131n at\u0131klar\u0131n\u0131n o kanal\u0131 \u00e7ok zararl\u0131 ve tehlikeli bir hale getirdi\u011fini belirtti. Kanala b\u0131rak\u0131lan kimyasal at\u0131klar\u0131n fabrikalardan geldi\u011fini ifade eden Meclis \u00fcyesi, vatanda\u015flar\u0131n kurumlar\u0131n hepsine ba\u015fvuru yapt\u0131\u011f\u0131n\u0131 ancak kanal\u0131n DS\u0130&#8217;nin sorumlulu\u011funda olmas\u0131na ra\u011fmen konunun B\u00fcy\u00fck\u015fehir Belediyesi&#8217;ne ait oldu\u011funu belirttiklerini bildirdi. B\u00fct\u00fcn kurumlar\u0131n sorunu birbirine havale etti\u011finden s\u00f6z eden Meclis \u00fcyesi, B\u00fcy\u00fck\u015fehir Belediye&#8217;nin yetkisinde olmasa bile bu konuya \u00f6nc\u00fcl\u00fck ederek, yetkili kurumlarla irtibata ge\u00e7ilmesini talep etti. Ba\u015fkan Se\u00e7er de konuyla ilgili \u015funlar\u0131 s\u00f6yledi:<br \/>\n&#8220;Bahsetti\u011finiz Adanal\u0131o\u011flu, Homurlu o b\u00f6lgedeki DS\u0130&#8217;ye ait drenaj kanal\u0131ndaki sorunlar uzun s\u00fcredir g\u00fcndemde olan sorunlar. Daha ge\u00e7ti\u011fimiz g\u00fcnlerde b\u00f6lge mahalle muhtarlar\u0131 ziyaretime geldi\u011finde, yine sizin anlatt\u0131\u011f\u0131n\u0131z sorunlar\u0131 bana tek tek anlatt\u0131lar. Sizin de s\u00f6yledi\u011finiz gibi yine kentteki ba\u015fka kurumlara ait sorunlar\u0131n \u00e7\u00f6z\u00fcm\u00fcnden kurtulman\u0131n en rahat yolu her \u015feyi B\u00fcy\u00fck\u015fehir&#8217;e y\u00fcklemek. Mevzuatta yeri olsa da olmasa da g\u00f6revi olsa da olmasa da hakkani, vicdani olsa da olmasa da herkes \u00fczerinden y\u00fck\u00fc atmak i\u00e7in adresi B\u00fcy\u00fck\u015fehir olarak g\u00f6steriyor. \u015eimdi bu olay da bunlardan bir tanesi. Mersin&#8217;in en b\u00fcy\u00fck sorunlar\u0131ndan biri \u00e7evre sorunlar\u0131. B\u00fct\u00fcn kurumlar gibi biz ba\u015fta belediyeler de buna \u00e7ok dikkat etmiyoruz. \u0130l\u00e7e belediyelerinin ormanl\u0131k alanlarda vah\u015fi depolamaya maalesef, \u00f6zellikle yaylal\u0131k b\u00f6lgelerde yeterince riayet etmedi\u011fini biliyoruz. Burada belki say\u0131n ba\u015fkanlar\u0131m\u0131z\u0131n bilgisi dahilinde olmayan geli\u015fmeler var ama bu bir realite. Buradan da say\u0131n ba\u015fkanlar\u0131m\u0131za da seslenmek istiyorum. Bu benim taraf\u0131mda da olabilir ama kendi taraflar\u0131nda da olabilir, maalesef zaman zaman sanki b\u00fcrokrasi ba\u015fkanlar\u0131 yan\u0131lt\u0131yor gibi bir tablo var. Bak\u0131n dikkat edin, \u00e7evre sorunlar\u0131 ya\u015fanmas\u0131n diye Anamur&#8217;dan ba\u015flad\u0131k, Bozyaz\u0131, Ayd\u0131nc\u0131k, Mut, o b\u00f6lgelerde bir araba evsel at\u0131\u011f\u0131n ormana d\u00f6k\u00fclmemesi, \u00e7evreyi kirletmemesi i\u00e7in y\u0131lda milyonlarca lira paray\u0131 Mersin B\u00fcy\u00fck\u015fehir Belediyesi kendi b\u00fct\u00e7esinden kar\u015f\u0131l\u0131yor, Silifke&#8217;ye ta\u015f\u0131yor bunu. O konuda da maalesef il\u00e7e belediyelerinin bize te\u015fekk\u00fcr\u00fc dezenformasyonla oldu, manip\u00fclasyonla oldu, halk\u0131 yanl\u0131\u015f bilgilendirmekle, yanl\u0131\u015f beyanatlarla oldu. Evsel at\u0131klar\u0131 ta\u015f\u0131mak benim g\u00f6revim de\u011fil. Evsel at\u0131klar\u0131 bertaraf etmek benim g\u00f6revim. Tekrar s\u00f6yl\u00fcyorum; \u015fu anda 13 il\u00e7emizde hi\u00e7bir b\u00f6lgemizde il\u00e7e belediyelerimizin vah\u015fi depolamas\u0131na m\u00fcsaade etmiyoruz. O \u00e7\u00f6plerin tamam\u0131n\u0131 al\u0131yoruz, bunun bedelini de biz \u00f6d\u00fcyoruz. Ama bunun vergilerini de biz topluyoruz, kendilerine g\u00f6nderiyoruz, onu da s\u00f6yleyeyim. Kendilerine g\u00f6nderiyoruz ve biz bertaraf ediyoruz. Buradan da t\u00fcm kamuoyuna duyurmak istiyorum.&#8221;<br \/>\nBa\u015fkan Se\u00e7er&#8217;in konu\u015fmas\u0131n\u0131n ard\u0131ndan ise B\u00fcy\u00fck\u015fehir Belediyesi \u00c7evre Koruma ve Kontrol Dairesi Ba\u015fkan\u0131 B\u00fclent Halisdemir taraf\u0131ndan Meclis \u00fcyelerine konu ile ilgili bilgilendirme yap\u0131ld\u0131. Halisdemir de, s\u00f6z konusu kanal\u0131n etraf\u0131nda bir\u00e7ok sanayi kurulu\u015fu oldu\u011funu, bu sanayi kurulu\u015flar\u0131n\u0131n da denetim ve idari yapt\u0131r\u0131m yetkisinin \u00c7evre, \u015eehircilik ve \u0130klim De\u011fi\u015fikli\u011fi \u0130l M\u00fcd\u00fcrl\u00fc\u011f\u00fc&#8217;nde oldu\u011funu, kendilerinde denetim yetkisi olmad\u0131\u011f\u0131n\u0131 ifade etti. Ancak yine de ekipler ile m\u00fcdahil olduklar\u0131n\u0131, yap\u0131lan kirlilikleri ellerinden geldi\u011fince MESK\u0130 ile beraber temizlediklerini anlatt\u0131. Ba\u015fkan Se\u00e7er de bunun \u00fczerine; &#8220;Yani buradan bana da \u015fikayet eden muhtarlar\u0131ma seslenebilir miyim; bu konu Meclis&#8217;te g\u00f6r\u00fc\u015f\u00fcl\u00fcyor. Bu konu ile ilgili Belediye&#8217;nin Daire Ba\u015fkan\u0131, bunun denetim sorumlulu\u011fu bana ait de\u011fil, \u00c7evre Bakanl\u0131\u011f\u0131&#8217;na ba\u011fl\u0131 m\u00fcd\u00fcrl\u00fckte diyor, bunun alt\u0131n\u0131 \u00e7izebilir miyim? Yani muhtarlar\u0131n benden ziyade Kaymakam&#8217;a ya da Vali&#8217;ye ba\u015fvurmas\u0131 gerekiyor&#8221; dedi. Halisdemir ayr\u0131ca, b\u00f6lgede ar\u0131tmalar\u0131n yetersiz oldu\u011funu, OSB&#8217;nin yakla\u015f\u0131k 3 bin metrek\u00fcp g\u00fcnl\u00fck su ar\u0131tma tesisi oldu\u011funu fakat gelen at\u0131ksuyun 5 bin metrek\u00fcp civar\u0131nda oldu\u011funu kaydederken, bunun da s\u0131k\u0131nt\u0131 yaratt\u0131\u011f\u0131n\u0131 aktard\u0131. Halisdemir ayr\u0131ca bunun yer alt\u0131 sular\u0131n\u0131 kirletti\u011fini, ha\u015fere olu\u015fumu gibi etkilerinin de oldu\u011funu belirtti.<br \/>\n&#8220;Silifke Ar\u0131tma Tesisimiz Silifke OSB&#8217;si sayesinde iflas etti&#8221;<br \/>\nBir Meclis \u00fcyesinin, OSB&#8217;deki sanayi kurulu\u015flar\u0131n\u0131n bir\u00e7o\u011funun at\u0131\u011f\u0131 verdi\u011fini ancak MESK\u0130&#8217;nin bu sanayi kurulu\u015flar\u0131na kapasitesinin yetmedi\u011fi y\u00f6n\u00fcnde a\u00e7\u0131klama yapt\u0131\u011f\u0131n\u0131 s\u00f6ylemesi \u00fczerine konu\u015fan Ba\u015fkan Se\u00e7er, &#8220;\u015eimdi orada kapasitemiz kald\u0131rm\u0131yor de\u011fil de bizim sistemimize girecek evsafta ar\u0131tma yapm\u0131yorlar. Silifke&#8217;de bu sorun ya\u015fand\u0131. Bak\u0131n Silifke Ar\u0131tma Tesisimiz Silifke OSB&#8217;si sayesinde iflas etti&#8221; dedi ve konu hakk\u0131nda MESK\u0130 Genel M\u00fcd\u00fcr Vekili \u0130rfan Korkmaz da a\u00e7\u0131klamalarda bulundu. Korkmaz, OSB&#8217;den \u00e7\u0131kan sular\u0131n \u00e7\u0131k\u0131\u015f limitlerinin MESK\u0130&#8217;nin kabul limitlerinden y\u00fcksek oldu\u011funu ve uygun olmad\u0131\u011f\u0131n\u0131 anlat\u0131rken Ba\u015fkan Se\u00e7er de, &#8220;Yani uygun de\u011fil. Oradan \u00e7\u0131kan su, bizim sistemimize girdi\u011fi takdirde bizim ar\u0131tmalarda problem yarat\u0131r. Ama OSB kendi i\u00e7erisinde, kendi ar\u0131tmas\u0131nda bizim istedi\u011fimiz limitlerde bu suyu verirse biz sisteme alabiliriz. Silifke&#8217;de, Tarsus Mersin OSB&#8217;de ya\u015fanan tamamen kapasite ile alakal\u0131 bir durum de\u011fil, oradan \u00e7\u0131kan nihai suyun, yani OSB&#8217;den ar\u0131t\u0131ld\u0131, ki yasada var bu, kendi ar\u0131tmas\u0131n\u0131 yapmas\u0131 gerekiyor. \u00c7\u0131k\u0131\u015f noktas\u0131nda bizim sisteme girecek evsafta olmas\u0131 laz\u0131m. \u00c7\u00fcnk\u00fc kimyasallar oluyor, istenmeyen bir tak\u0131m maddeler oluyor, geliyor bizim sistemimizi peri\u015fan ediyor. Silifke&#8217;de bunu \u015fu anda ac\u0131 bir \u015fekilde ya\u015f\u0131yoruz. Biz bunu yapmak zorunda de\u011filiz, OSB bu yat\u0131r\u0131m\u0131 yapacak. OSB yasas\u0131nda neyse OSB&#8217;nin bunu uygulamas\u0131 laz\u0131m. Bunun da denetimi \u00c7evre Bakanl\u0131\u011f\u0131&#8217;na ba\u011fl\u0131. Bizim yoksa b\u0131rak\u0131n kendi g\u00f6rev alan\u0131m\u0131z, ek bir meselede yard\u0131mc\u0131 olma bizim zaten d\u00fcsturumuzda var. Biz olaylara b\u00f6yle bak\u0131yoruz. Yeter ki sorun \u00e7\u00f6z\u00fcls\u00fcn ama bir ba\u015f\u0131na bir ba\u015fka kuruma ait olan bir sorunun getirilip Mersin B\u00fcy\u00fck\u015fehir Belediyesi&#8217;nin m\u00fcstakil bir sorunu gibi sunulmas\u0131, bu do\u011fru bir yakla\u015f\u0131m de\u011fil. Ortada bir sorun var. Biz de katk\u0131 sunal\u0131m ama bizim bir ba\u015f\u0131na \u00e7\u00f6zece\u011fimiz bir sorun de\u011fil&#8221; ifadelerini kulland\u0131.<br \/>\n&#8220;Empati yap\u0131n o yurtta\u015flar\u0131n yerine kendinizi koyun, oralarda ya\u015fanmaz o kokuyla&#8221;<br \/>\nBir ba\u015fka Meclis \u00fcyesinin de bu sorunun \u00e7\u00f6z\u00fclmesi ile ilgili ciddi bir koordine olu\u015fmas\u0131 y\u00f6n\u00fcndeki a\u00e7\u0131klamas\u0131 \u00fczerine konu\u015fan Ba\u015fkan Se\u00e7er, &#8220;Bu konu elbette \u00f6nemli. OSB&#8217;deki her fabrika \u00f6n ar\u0131tma yapmak zorundad\u0131r diyor, bir. \u0130ki; \u015fu anki buradan OSB yetkilileri de bu Meclis&#8217;teki konu\u015fmalar\u0131 dinlemiyorsa bile sonra bizimle ilgili baz\u0131 tespitler yap\u0131lm\u0131\u015f deyip dinleyecektir. OSB&#8217;deki merkezi ar\u0131tma da verimli \u00e7al\u0131\u015fm\u0131yor, yetersiz diye bana bilgi notu geldi. Bak\u0131n OSB&#8217;deki her fabrika \u00f6n ar\u0131tma yapmak zorunda. Bunun denetlenmesi laz\u0131m. \u015eu anda OSB&#8217;nin merkezi ar\u0131tmas\u0131nda problem var, yetersiz. Yoksa o art\u0131ma suyu, nihai su, arkada\u015flar &#8216;biz fabrika kullan\u0131m\u0131na su verece\u011fiz&#8217; diyoruz. G\u00f6z\u00fcn\u00fcz\u00fc seveyim. De\u011ferli bir kurulu\u015fla protokol yapt\u0131k. T\u00fcrkiye&#8217;nin en b\u00fcy\u00fck \u00e7evre yat\u0131r\u0131m\u0131n\u0131 yap\u0131yoruz, 20 milyon dolar. Bunu kendileri yap\u0131yor. Bizimle i\u015f birli\u011fi ile. Neden? Yeralt\u0131 suyunu \u00e7ekmesin, Berdan havzas\u0131ndan su \u00e7ekmesin diye. Hangi suyu veriyoruz, ar\u0131tma suyunu veriyoruz. Biz ar\u0131tma suyunu sanayiye verirken bu dereye veriyor ya da drenaj kanal\u0131na veriyorlar. Ama derenin civar\u0131nda ya\u015fayanlar, hakikaten yani empati yap\u0131n o yurtta\u015flar\u0131n yerine kendinizi koyun, oralarda ya\u015fanmaz o kokuyla&#8221; dedi. Ba\u015fkan Se\u00e7er, bir Meclis \u00fcyesinin Silifke OSB konusunda yapt\u0131\u011f\u0131 de\u011ferlendirmenin \u00fczerine de &#8220;Bizim ar\u0131tma kimyasallar y\u00fcz\u00fcnden iflas etti. \u015eimdi yenisini yapt\u0131r\u0131yoruz. 100 milyona yak\u0131n da bir b\u00fct\u00e7e ay\u0131rd\u0131k&#8221; diye konu\u015ftu.<\/p>\n","protected":false},"excerpt":{"rendered":"<p>Mersin B\u00fcy\u00fck\u015fehir Belediyesi&#8217;nin 2021 Y\u0131l\u0131 Aral\u0131k Ay\u0131&#8217;nda yap\u0131lan Ola\u011fan\u00fcst\u00fc Meclis Toplant\u0131s\u0131, B\u00fcy\u00fck\u015fehir Belediye Ba\u015fkan\u0131 Vahap Se\u00e7er&#8217;in ba\u015fkanl\u0131\u011f\u0131nda ger\u00e7ekle\u015ftirildi. Ba\u015fkan Se\u00e7er, toplant\u0131n\u0131n g\u00fcndem d\u0131\u015f\u0131 konu\u015fmalar b\u00f6l\u00fcm\u00fcnde baz\u0131 de\u011ferlendirmeler ve duyurularda bulundu. &hellip; <a href=\"https:\/\/akdenizolaygazetesi.com\/?p=15758\" class=\"more-link\">Devam\u0131n\u0131 Oku&#8230;<\/a><\/p>\n","protected":false},"author":2,"featured_media":15759,"comment_status":"open","ping_status":"open","sticky":false,"template":"","format":"standard","meta":[],"categories":[1,2,3],"tags":[],"_links":{"self":[{"href":"https:\/\/akdenizolaygazetesi.com\/index.php?rest_route=\/wp\/v2\/posts\/15758"}],"collection":[{"href":"https:\/\/akdenizolaygazetesi.com\/index.php?rest_route=\/wp\/v2\/posts"}],"about":[{"href":"https:\/\/akdenizolaygazetesi.com\/index.php?rest_route=\/wp\/v2\/types\/post"}],"author":[{"embeddable":true,"href":"https:\/\/akdenizolaygazetesi.com\/index.php?rest_route=\/wp\/v2\/users\/2"}],"replies":[{"embeddable":true,"href":"https:\/\/akdenizolaygazetesi.com\/index.php?rest_route=%2Fwp%2Fv2%2Fcomments&post=15758"}],"version-history":[{"count":1,"href":"https:\/\/akdenizolaygazetesi.com\/index.php?rest_route=\/wp\/v2\/posts\/15758\/revisions"}],"predecessor-version":[{"id":15760,"href":"https:\/\/akdenizolaygazetesi.com\/index.php?rest_route=\/wp\/v2\/posts\/15758\/revisions\/15760"}],"wp:featuredmedia":[{"embeddable":true,"href":"https:\/\/akdenizolaygazetesi.com\/index.php?rest_route=\/wp\/v2\/media\/15759"}],"wp:attachment":[{"href":"https:\/\/akdenizolaygazetesi.com\/index.php?rest_route=%2Fwp%2Fv2%2Fmedia&parent=15758"}],"wp:term":[{"taxonomy":"category","embeddable":true,"href":"https:\/\/akdenizolaygazetesi.com\/index.php?rest_route=%2Fwp%2Fv2%2Fcategories&post=15758"},{"taxonomy":"post_tag","embeddable":true,"href":"https:\/\/akdenizolaygazetesi.com\/index.php?rest_route=%2Fwp%2Fv2%2Ftags&post=15758"}],"curies":[{"name":"wp","href":"https:\/\/api.w.org\/{rel}","templated":true}]}}