{"id":1576,"date":"2020-11-04T18:22:08","date_gmt":"2020-11-04T15:22:08","guid":{"rendered":"http:\/\/mersinekonomipolitikagazetesi.com\/?p=1576"},"modified":"2020-11-04T18:22:08","modified_gmt":"2020-11-04T15:22:08","slug":"bana-kumpas-kurdular","status":"publish","type":"post","link":"https:\/\/akdenizolaygazetesi.com\/?p=1576","title":{"rendered":"&#8220;BANA KUMPAS KURDULAR&#8221;"},"content":{"rendered":"<p>Mersin&#8217;de, Fetullah\u00e7\u0131 Ter\u00f6r \u00d6rg\u00fct\u00fc&#8217;n\u00fcn 15 Temmuz&#8217;daki darbe giri\u015fimine ili\u015fkin aralar\u0131nda eski Akdeniz B\u00f6lge ve Garnizon Komutan\u0131 Tu\u011famiral Nejat Atilla Demirhan ile eski 3. S\u0131n\u0131f Emniyet M\u00fcd\u00fcr\u00fc Hasan Basri Da\u011fdelen\u2019in de bulundu\u011fu 18&#8217;i tutuklu, ikisi firari 32 san\u0131\u011f\u0131n yarg\u0131land\u0131\u011f\u0131 davan\u0131n 5. celsesi ba\u015flad\u0131.<\/p>\n<p><span style=\"font-size:16px;\"><span style=\"font-family: sans-serif; line-height: 20px; text-align: justify; background-color: rgb(242, 244, 245);\">Mersin 7. A\u011f\u0131r Ceza Mahkemesi&#8217;ndeki davada, cumhuriyet savc\u0131s\u0131n\u0131n esasa ili\u015fkin m\u00fctalaas\u0131n\u0131n ard\u0131ndan san\u0131klar savunma yapt\u0131. Darbe giri\u015fimi gecesi, kendisini s\u00f6zde &#8216;s\u0131k\u0131y\u00f6netim komutan\u0131&#8217; ilan etmekle su\u00e7lanan eski tu\u011famiral Nejat Atilla Demirhan, yakla\u015f\u0131k 90 sayfal\u0131k savunmas\u0131nda, \u00f6rg\u00fct \u00fcyesi olmad\u0131\u011f\u0131n\u0131 s\u00f6yleyerek, hakk\u0131ndaki su\u00e7lamalar\u0131 reddetti ve kendisine kumpas kuruldu\u011funu ileri s\u00fcrd\u00fc.\u00a0<\/span><br style=\"box-sizing: border-box; font-family: sans-serif; font-size: 14px; line-height: 20px; text-align: justify; background-color: rgb(242, 244, 245);\" \/><br \/>\n<span style=\"font-family: sans-serif; line-height: 20px; text-align: justify; background-color: rgb(242, 244, 245);\">15 Temmuz gecesi izinli oldu\u011funu \u00f6ne s\u00fcren Demirhan, s\u0131k\u0131y\u00f6netim mesaj\u0131n\u0131n kendisi karargahta yokken gelmi\u015f oldu\u011funu belirterek, &#8220;Bu mesaj\u0131 alan d\u00f6nemin Kurmay Ba\u015fkan\u0131 Tayfun Ergi, komutan vekili olmas\u0131na ra\u011fmen mesajdan beni, valiyi ve emniyet m\u00fcd\u00fcr\u00fcn\u00fc bilgilendirmiyor. Herkesi atlayarak G\u00fcney Deniz Saha Komutan\u0131 Koramiral U\u015fakl\u0131o\u011flu&#8217;nu ar\u0131yor. Neden mesaj\u0131 valiye iletmiyor, neden bana s\u00f6ylemiyor? Bana, &#8216;s\u0131k\u0131y\u00f6netim mesaj\u0131 geldi. Darbe giri\u015fimi var&#8217; diyebilirdi. Bunlar \u00f6nemli sorular&#8221; dedi.\u00a0<\/span><br style=\"box-sizing: border-box; font-family: sans-serif; font-size: 14px; line-height: 20px; text-align: justify; background-color: rgb(242, 244, 245);\" \/><br \/>\n<span style=\"font-family: sans-serif; line-height: 20px; text-align: justify; background-color: rgb(242, 244, 245);\">Su\u00e7suz oldu\u011funu savunan Demirhan, polis telsizinden &#8216;s\u0131k\u0131y\u00f6netim komutan\u0131&#8217; oldu\u011funu anons etti\u011fi iddialar\u0131yla ilgili olarak ise, &#8220;Hasan Basri Da\u011fdelen&#8217;i tan\u0131mam. Birli\u011fe gelip kendisini emniyet m\u00fcd\u00fcr\u00fc olarak tan\u0131tt\u0131\u011f\u0131 i\u00e7in kabul ettim&#8221; diye konu\u015ftu.\u00a0<\/span><br style=\"box-sizing: border-box; font-family: sans-serif; font-size: 14px; line-height: 20px; text-align: justify; background-color: rgb(242, 244, 245);\" \/><br \/>\n<span style=\"font-family: sans-serif; line-height: 20px; text-align: justify; background-color: rgb(242, 244, 245);\">O tarihte emniyet m\u00fcd\u00fcrl\u00fc\u011f\u00fcne vekalet eden Yakup Usta&#8217;ya ula\u015famad\u0131\u011f\u0131 i\u00e7in Da\u011fdelen&#8217;in \u00f6nerisi \u00fczerine telsizi kulland\u0131\u011f\u0131n\u0131 belirten Demirhan, darbe anonsu yapmad\u0131\u011f\u0131n\u0131 da ileri s\u00fcrd\u00fc.\u00a0<\/span><br style=\"box-sizing: border-box; font-family: sans-serif; font-size: 14px; line-height: 20px; text-align: justify; background-color: rgb(242, 244, 245);\" \/><br \/>\n<span style=\"font-family: sans-serif; line-height: 20px; text-align: justify; background-color: rgb(242, 244, 245);\">Sahil g\u00fcvenlik gemilerine &#8216;s\u0131k\u0131y\u00f6netim komutan\u0131&#8217; oldu\u011funu s\u00f6yledi\u011fi, ate\u015f emri vermedi\u011fi ve 112 koordinasyon merkezini ele ge\u00e7irmesini emretti\u011fi iddialar\u0131n\u0131n tamam\u0131n\u0131n yalan oldu\u011funu savunan Demirhan, &#8220;Kendi zihinlerinde canavar yaratmaya \u00e7al\u0131\u015f\u0131yorlar. Bunlar\u0131 iddianameye monte ettiler. Zorlama su\u00e7lamalarla, hayat\u0131n ola\u011fan ak\u0131\u015f\u0131na ayk\u0131r\u0131 iddialarla, zorlama tan\u0131k ifadeleriyle iddianameyi \u015fekillendirdiler. Kanuna ve hukuka ayk\u0131r\u0131 bir emrim olmad\u0131. Birli\u011fin kamera kay\u0131tlar\u0131na el konulmad\u0131. Soru\u015fturma s\u00fcrecinde san\u0131k lehine tek bir unsur bile toplanmad\u0131&#8221; \u015feklinde konu\u015ftu.\u00a0<\/span><br style=\"box-sizing: border-box; font-family: sans-serif; font-size: 14px; line-height: 20px; text-align: justify; background-color: rgb(242, 244, 245);\" \/><br \/>\n<span style=\"font-family: sans-serif; line-height: 20px; text-align: justify; background-color: rgb(242, 244, 245);\">FET\u00d6 eleba\u015f\u0131 G\u00fclen ile g\u00f6r\u00fc\u015ft\u00fc\u011f\u00fc ve \u00f6rg\u00fctte yer ald\u0131\u011f\u0131 \u015feklinde ifade veren tan\u0131klar\u0131n yalan s\u00f6yledi\u011fini \u00f6ne s\u00fcren Demirhan, tan\u0131klar\u0131n eskiden gelen husumet nedeniyle hakk\u0131nda as\u0131ls\u0131z ifadeler verdi\u011fini s\u00f6yledi.\u00a0<\/span><br style=\"box-sizing: border-box; font-family: sans-serif; font-size: 14px; line-height: 20px; text-align: justify; background-color: rgb(242, 244, 245);\" \/><br \/>\n<span style=\"font-family: sans-serif; line-height: 20px; text-align: justify; background-color: rgb(242, 244, 245);\">Hakk\u0131nda FET\u00d6 \u00fcyesi oldu\u011funa dair hi\u00e7bir kan\u0131t bulunmad\u0131\u011f\u0131n\u0131 iddia eden Demirhan, savunmas\u0131n\u0131 \u015f\u00f6yle s\u00fcrd\u00fcrd\u00fc:\u00a0<\/span><br style=\"box-sizing: border-box; font-family: sans-serif; font-size: 14px; line-height: 20px; text-align: justify; background-color: rgb(242, 244, 245);\" \/><br \/>\n<span style=\"font-family: sans-serif; line-height: 20px; text-align: justify; background-color: rgb(242, 244, 245);\">&#8220;Bunun kesin delillerle ispat edilmesi laz\u0131m. Okullar\u0131nda \u00e7ocuklar\u0131m\u0131 okutmu\u015flu\u011fum yok, banka hesaplar\u0131n\u0131 kullanm\u0131\u015fl\u0131\u011f\u0131m yok. Bir tan\u0131k \u00e7\u0131km\u0131\u015f, &#8216;1992&#8217;de Fetullah G\u00fclen ile birlikte g\u00f6r\u00fc\u015ft\u00fck, o zaman nas\u0131l biri oldu\u011funu bilmiyordum&#8217; diyor. Neden gittin? 4-5 sene sonra beni \u015fikayet etmi\u015f. Neden bu kadar bekledin? Bu ki\u015finin akademi sorular\u0131n\u0131 benden ald\u0131\u011f\u0131na y\u00f6nelik s\u00f6ylemi de iftira.&#8221;\u00a0<\/span><br style=\"box-sizing: border-box; font-family: sans-serif; font-size: 14px; line-height: 20px; text-align: justify; background-color: rgb(242, 244, 245);\" \/><br \/>\n<span style=\"font-family: sans-serif; line-height: 20px; text-align: justify; background-color: rgb(242, 244, 245);\">S\u00f6zde s\u0131k\u0131y\u00f6netim mesaj\u0131n\u0131, karargaha geldi\u011finde okudu\u011funu kaydeden Demirhan, ancak mesajla alakal\u0131 herhangi bir emir veya talimat vermedi\u011fini savundu.\u00a0<\/span><br style=\"box-sizing: border-box; font-family: sans-serif; font-size: 14px; line-height: 20px; text-align: justify; background-color: rgb(242, 244, 245);\" \/><br \/>\n<span style=\"font-family: sans-serif; line-height: 20px; text-align: justify; background-color: rgb(242, 244, 245);\">Duru\u015fmada, tutuksuz yarg\u0131lanan eski uzman \u00e7avu\u015f Ahmet Tufan \u00d6zbar da kendisine y\u00f6neltilen su\u00e7lamalar\u0131 reddederek beraat\u0131n\u0131 istedi.\u00a0<\/span><br style=\"box-sizing: border-box; font-family: sans-serif; font-size: 14px; line-height: 20px; text-align: justify; background-color: rgb(242, 244, 245);\" \/><br \/>\n<span style=\"font-family: sans-serif; line-height: 20px; text-align: justify; background-color: rgb(242, 244, 245);\">Mahkeme heyeti, oturumun yar\u0131n devam etmesine karar verdi.\u00a0<\/span><\/span><\/p>\n","protected":false},"excerpt":{"rendered":"<p>Mersin&#8217;de, Fetullah\u00e7\u0131 Ter\u00f6r \u00d6rg\u00fct\u00fc&#8217;n\u00fcn 15 Temmuz&#8217;daki darbe giri\u015fimine ili\u015fkin aralar\u0131nda eski Akdeniz B\u00f6lge ve Garnizon Komutan\u0131 Tu\u011famiral Nejat Atilla Demirhan ile eski 3. S\u0131n\u0131f Emniyet M\u00fcd\u00fcr\u00fc Hasan Basri Da\u011fdelen\u2019in de &hellip; <a href=\"https:\/\/akdenizolaygazetesi.com\/?p=1576\" class=\"more-link\">Devam\u0131n\u0131 Oku&#8230;<\/a><\/p>\n","protected":false},"author":1,"featured_media":0,"comment_status":"open","ping_status":"open","sticky":false,"template":"","format":"standard","meta":[],"categories":[],"tags":[],"_links":{"self":[{"href":"https:\/\/akdenizolaygazetesi.com\/index.php?rest_route=\/wp\/v2\/posts\/1576"}],"collection":[{"href":"https:\/\/akdenizolaygazetesi.com\/index.php?rest_route=\/wp\/v2\/posts"}],"about":[{"href":"https:\/\/akdenizolaygazetesi.com\/index.php?rest_route=\/wp\/v2\/types\/post"}],"author":[{"embeddable":true,"href":"https:\/\/akdenizolaygazetesi.com\/index.php?rest_route=\/wp\/v2\/users\/1"}],"replies":[{"embeddable":true,"href":"https:\/\/akdenizolaygazetesi.com\/index.php?rest_route=%2Fwp%2Fv2%2Fcomments&post=1576"}],"version-history":[{"count":0,"href":"https:\/\/akdenizolaygazetesi.com\/index.php?rest_route=\/wp\/v2\/posts\/1576\/revisions"}],"wp:attachment":[{"href":"https:\/\/akdenizolaygazetesi.com\/index.php?rest_route=%2Fwp%2Fv2%2Fmedia&parent=1576"}],"wp:term":[{"taxonomy":"category","embeddable":true,"href":"https:\/\/akdenizolaygazetesi.com\/index.php?rest_route=%2Fwp%2Fv2%2Fcategories&post=1576"},{"taxonomy":"post_tag","embeddable":true,"href":"https:\/\/akdenizolaygazetesi.com\/index.php?rest_route=%2Fwp%2Fv2%2Ftags&post=1576"}],"curies":[{"name":"wp","href":"https:\/\/api.w.org\/{rel}","templated":true}]}}