{"id":15761,"date":"2021-12-23T12:45:35","date_gmt":"2021-12-23T09:45:35","guid":{"rendered":"http:\/\/akdenizolaygazetesi.com\/?p=15761"},"modified":"2021-12-23T12:45:35","modified_gmt":"2021-12-23T09:45:35","slug":"baskan-yilmaz-otomotiv-sektorunde-hizmet-veren-esnafla-bir-araya-geldi","status":"publish","type":"post","link":"https:\/\/akdenizolaygazetesi.com\/?p=15761","title":{"rendered":"BA\u015eKAN YILMAZ, OTOMOT\u0130V SEKT\u00d6R\u00dcNDE H\u0130ZMET VEREN ESNAFLA B\u0130R ARAYA GELD\u0130"},"content":{"rendered":"<p>Toroslar Belediye Ba\u015fkan\u0131 Ats\u0131z Af\u015f\u0131n Y\u0131lmaz, b\u00f6lgede otomotiv sekt\u00f6r\u00fcnde hizmet veren esnafla bir araya geldi.<\/p>\n<p>G\u00fc\u00e7l\u00fc T\u00fcrkiye i\u00e7in \u00fcretmenin \u00f6nemine de\u011finen Ba\u015fkan Y\u0131lmaz, &#8220;\u00c7evik ve Sosyal Belediyecilik&#8221; anlay\u0131\u015f\u0131yla \u00e7al\u0131\u015ft\u0131klar\u0131n\u0131 s\u00f6yledi.<\/p>\n<p>Ba\u015fkan Y\u0131lmaz&#8217;\u0131n \u00e7al\u0131\u015fmalar\u0131n\u0131 ve projelerini anlatt\u0131\u011f\u0131 bulu\u015fmaya; Mersin Ticaret ve Sanayi Odas\u0131 (MTSO) Y\u00f6netim Kurulu Ba\u015fkan\u0131 Ayhan K\u0131z\u0131ltan ve Mersin Madeni Sanatkarlar Odas\u0131 Ba\u015fkan\u0131 Sabit Yelkovan da e\u015flik ederken, esnaf\u0131n talep ve beklentileri de de\u011ferlendirildi.<\/p>\n<p>&#8220;Toroslar\u0131m\u0131z\u0131 \u0130leriye Ta\u015f\u0131yoruz&#8221;<\/p>\n<p>Pandemiye ra\u011fman hayata ge\u00e7irdikleri projelerle Toroslar&#8217;\u0131n gelece\u011fine yat\u0131r\u0131m yapmaya devam ettiklerini dile getiren Ba\u015fkan Y\u0131lmaz; &#8220;Pandemi s\u00fcrecini ya\u015f\u0131yoruz. Ge\u00e7ti\u011fimiz iki y\u0131l zor bir d\u00f6nem ge\u00e7irdik. Buna ra\u011fmen \u00e7al\u0131\u015fmalar\u0131m\u0131z\u0131 s\u00fcrd\u00fcrd\u00fck. Sosyal Belediyecilik anlay\u0131\u015f\u0131n\u0131 benimsiyoruz. Vatanda\u015f\u0131m\u0131z\u0131n her derdi ve s\u0131k\u0131nt\u0131s\u0131 bizi ilgilendiriyor. G\u00f6n\u00fcl Ba\u011f\u0131 Destek Birimlerimizle, 17 g\u00fcnl\u00fck tam kapanma s\u00fcrecinde ihtiya\u00e7 sahibi vatanda\u015flar\u0131m\u0131z\u0131n her an yan\u0131nda olduk ve olmaya da devam ediyoruz. 60 bin \u00e7a\u011fr\u0131y\u0131 cevaplad\u0131k ve yakla\u015f\u0131k 50 bin adet g\u0131da kolisi da\u011f\u0131tt\u0131k&#8221; dedi.<\/p>\n<p>&#8220;Toroslar\u0131m\u0131z\u0131 gelece\u011fe ta\u015f\u0131yacak yeni imar planlar\u0131m\u0131zla ilgili \u00e7al\u0131\u015fmalar\u0131m\u0131z\u0131 s\u00fcrd\u00fcr\u00fcyoruz&#8221; diyen Ba\u015fkan Y\u0131lmaz; &#8220;Bug\u00fcne kadar \u00e7ok \u00f6nemli bir yol kat ettik. Bu s\u00fcre\u00e7te 67 bin ton asfalt, 425 bin metrekare kilit parke \u00e7al\u0131\u015fmas\u0131 yapt\u0131k. B\u00f6lgemiz ayn\u0131 zamanda tar\u0131m b\u00f6lgesi. \u00c7ift\u00e7imizin, \u00fcreticimizin bah\u00e7e yollar\u0131n\u0131 d\u00fczenliyoruz. Sa\u011fl\u0131ktan ula\u015f\u0131ma, istihdamdan e\u011fitime, k\u00fclt\u00fcr ve sanattan sportif faaliyetlere kadar hayata ge\u00e7irdi\u011fimiz \u00e7al\u0131\u015fmalar\u0131m\u0131z ve vizyon projelerimizle il\u00e7emize art\u0131 de\u011fer katmaya devam edece\u011fiz&#8221; diye konu\u015ftu.<\/p>\n","protected":false},"excerpt":{"rendered":"<p>Toroslar Belediye Ba\u015fkan\u0131 Ats\u0131z Af\u015f\u0131n Y\u0131lmaz, b\u00f6lgede otomotiv sekt\u00f6r\u00fcnde hizmet veren esnafla bir araya geldi. G\u00fc\u00e7l\u00fc T\u00fcrkiye i\u00e7in \u00fcretmenin \u00f6nemine de\u011finen Ba\u015fkan Y\u0131lmaz, &#8220;\u00c7evik ve Sosyal Belediyecilik&#8221; anlay\u0131\u015f\u0131yla \u00e7al\u0131\u015ft\u0131klar\u0131n\u0131 s\u00f6yledi. &hellip; <a href=\"https:\/\/akdenizolaygazetesi.com\/?p=15761\" class=\"more-link\">Devam\u0131n\u0131 Oku&#8230;<\/a><\/p>\n","protected":false},"author":2,"featured_media":15762,"comment_status":"open","ping_status":"open","sticky":false,"template":"","format":"standard","meta":[],"categories":[2,3,5],"tags":[],"_links":{"self":[{"href":"https:\/\/akdenizolaygazetesi.com\/index.php?rest_route=\/wp\/v2\/posts\/15761"}],"collection":[{"href":"https:\/\/akdenizolaygazetesi.com\/index.php?rest_route=\/wp\/v2\/posts"}],"about":[{"href":"https:\/\/akdenizolaygazetesi.com\/index.php?rest_route=\/wp\/v2\/types\/post"}],"author":[{"embeddable":true,"href":"https:\/\/akdenizolaygazetesi.com\/index.php?rest_route=\/wp\/v2\/users\/2"}],"replies":[{"embeddable":true,"href":"https:\/\/akdenizolaygazetesi.com\/index.php?rest_route=%2Fwp%2Fv2%2Fcomments&post=15761"}],"version-history":[{"count":1,"href":"https:\/\/akdenizolaygazetesi.com\/index.php?rest_route=\/wp\/v2\/posts\/15761\/revisions"}],"predecessor-version":[{"id":15763,"href":"https:\/\/akdenizolaygazetesi.com\/index.php?rest_route=\/wp\/v2\/posts\/15761\/revisions\/15763"}],"wp:featuredmedia":[{"embeddable":true,"href":"https:\/\/akdenizolaygazetesi.com\/index.php?rest_route=\/wp\/v2\/media\/15762"}],"wp:attachment":[{"href":"https:\/\/akdenizolaygazetesi.com\/index.php?rest_route=%2Fwp%2Fv2%2Fmedia&parent=15761"}],"wp:term":[{"taxonomy":"category","embeddable":true,"href":"https:\/\/akdenizolaygazetesi.com\/index.php?rest_route=%2Fwp%2Fv2%2Fcategories&post=15761"},{"taxonomy":"post_tag","embeddable":true,"href":"https:\/\/akdenizolaygazetesi.com\/index.php?rest_route=%2Fwp%2Fv2%2Ftags&post=15761"}],"curies":[{"name":"wp","href":"https:\/\/api.w.org\/{rel}","templated":true}]}}