{"id":15764,"date":"2021-12-23T12:47:11","date_gmt":"2021-12-23T09:47:11","guid":{"rendered":"http:\/\/akdenizolaygazetesi.com\/?p=15764"},"modified":"2021-12-23T12:47:11","modified_gmt":"2021-12-23T09:47:11","slug":"mahkeme-karar-verdi-baskan-secer-borclanma-yetkisi-aldi","status":"publish","type":"post","link":"https:\/\/akdenizolaygazetesi.com\/?p=15764","title":{"rendered":"MAHKEME KARAR VERD\u0130, BA\u015eKAN SE\u00c7ER BOR\u00c7LANMA YETK\u0130S\u0130 ALDI"},"content":{"rendered":"<p>Mersin B\u00fcy\u00fck\u015fehir Belediyesi&#8217;nin 2021 Y\u0131l\u0131 Aral\u0131k Ay\u0131&#8217;nda yap\u0131lan Ola\u011fan\u00fcst\u00fc Meclis Toplant\u0131s\u0131, B\u00fcy\u00fck\u015fehir Belediye Ba\u015fkan\u0131 Vahap Se\u00e7er ba\u015fkanl\u0131\u011f\u0131nda ger\u00e7ekle\u015ftirildi. Y\u0131l i\u00e7erisinde defalarca reddedilen ve yarg\u0131ya ta\u015f\u0131d\u0131klar\u0131 265 milyon liral\u0131k bor\u00e7lanma yetkisi konusu da toplant\u0131da g\u00f6r\u00fc\u015f\u00fcld\u00fc. Ba\u015fkan Se\u00e7er, Mersin 1. \u0130dare Mahkemesi&#8217;nin karar\u0131n\u0131n uygulanmas\u0131 ve bor\u00e7lanma yetkisi verilmesiyle ilgili maddeyi Meclis \u00fcyelerinin oylar\u0131na sundu. Cumhur \u0130ttifak\u0131&#8217;na mensup Meclis \u00fcyelerinin \u00e7ekimser oylar\u0131na ra\u011fmen madde oy \u00e7oklu\u011fuyla kabul edildi. \u0130ller Bankas\u0131&#8217;ndan teminat alamayacaklar\u0131n\u0131 belirten Ba\u015fkan Se\u00e7er, Maliye Bakanl\u0131\u011f\u0131&#8217;yla birtak\u0131m g\u00f6r\u00fc\u015fmeler yapt\u0131klar\u0131n\u0131 s\u00f6yledi. Bor\u00e7lanma b\u00fct\u00e7esinden 193 milyon lira kullanabileceklerini vurgulayan Se\u00e7er, &#8220;Umut ediyorum 9 g\u00fcn i\u00e7erisinde bu paray\u0131 kullanma imkan\u0131m\u0131z olur ve bunlar\u0131n da Mersin halk\u0131na yat\u0131r\u0131m olarak d\u00f6nmesini sa\u011flar\u0131z&#8221; diye konu\u015ftu.<br \/>\n&#8220;Bor\u00e7lanma yetki talebi Meclisimiz taraf\u0131ndan reddedilmi\u015fti&#8221;<br \/>\nMersin B\u00fcy\u00fck\u015fehir Belediyesi&#8217;nde devam eden yat\u0131r\u0131mlar\u0131n tamamlanmas\u0131 ve yeni yat\u0131r\u0131mlara ba\u015flanmas\u0131 i\u00e7in ihtiya\u00e7 duyulan 265 milyon liral\u0131k bor\u00e7lanma yetkisinin Ba\u015fkan Se\u00e7er&#8217;e verilmesi konusu Meclis&#8217;te bir kez daha g\u00fcndeme geldi. Yarg\u0131ya ta\u015f\u0131nan ve mahkeme karar\u0131n\u0131n Meclis \u00fcyeleriyle payla\u015f\u0131ld\u0131\u011f\u0131 konuyla ilgili Ba\u015fkan Se\u00e7er, \u015funlar\u0131 s\u00f6yledi:<br \/>\n&#8220;Bilindi\u011fi gibi 2021 y\u0131l\u0131na ait b\u00fct\u00e7emizde yer alan bor\u00e7lanma miktar\u0131 olan 265 milyon liran\u0131n bor\u00e7lanma yetki talebi Meclisimiz taraf\u0131ndan reddedilmi\u015fti. Bunu mahkemeye ta\u015f\u0131mak zorunda kald\u0131k. \u00c7\u00fcnk\u00fc \u0131srar karar\u0131 da istedik. Israr karar\u0131nda da \u0131srar karar\u0131 y\u00f6n\u00fcnde bir karar \u00e7\u0131kt\u0131. Mahkeme, 1. \u0130dare Mahkemesi, 15 Kas\u0131m 2021&#8217;de y\u00fcr\u00fctmeyi durdurma karar\u0131 verdi. Gerek\u00e7elerini az \u00f6nce Divan Katibimiz Say\u0131n Mavio\u011flu okudu. Bunun tebli\u011fini de bize 23 Kas\u0131m&#8217;da yapt\u0131.&#8221;<br \/>\n30 Kas\u0131m&#8217;da yap\u0131lan birle\u015fimde, mahkeme karar\u0131n\u0131n uygulanmas\u0131n\u0131n Meclis taraf\u0131ndan kabul edilmesi y\u00f6n\u00fcnde oylama yapmak i\u00e7in konuyu g\u00fcndeme ald\u0131klar\u0131n\u0131 hat\u0131rlatan Ba\u015fkan Se\u00e7er, &#8220;Ancak bize \u015fu s\u00f6ylendi Cumhur \u0130ttifak\u0131 taraf\u0131ndan; do\u011frudur, bir mahkeme karar\u0131d\u0131r. \u0130dare taraf\u0131ndan yani bizim taraf\u0131m\u0131zdan bunun 30 g\u00fcn i\u00e7erisinde uygulamaya sokulmas\u0131 gerekmektedir. Bunun i\u00e7in de Meclis&#8217;in onay\u0131na ba\u015fvurulmas\u0131 gerekmektedir. Dolay\u0131s\u0131yla daha s\u00fcremiz var, biz B\u00f6lge \u0130dare Mahkemesi&#8217;ne itiraz ettik bu konuyla ilgili, onun sonucu da belki \u00e7\u0131kabilir, bir hukuki kar\u0131\u015f\u0131kl\u0131k olmas\u0131n. S\u00fcreyi doldural\u0131m, dendi Cumhur \u0130ttifak\u0131 taraf\u0131ndan. Biz de bunu olumlu kar\u015f\u0131lad\u0131k&#8221; dedi.<br \/>\nS\u00fcrenin 23 Aral\u0131k&#8217;ta doldu\u011funu da s\u00f6zlerine ekleyen Se\u00e7er, &#8220;Ben Belediye Ba\u015fkan\u0131 olarak yar\u0131na kadar bunu Meclis&#8217;in huzuruna getirmezsem g\u00f6revimi k\u00f6t\u00fcye kullanm\u0131\u015f olaca\u011f\u0131m. Yani mahkeme karar\u0131n\u0131 uygulamam\u0131\u015f olaca\u011f\u0131m. Dolay\u0131s\u0131yla bug\u00fcn bunu g\u00fcndeme ald\u0131k. Bunu da a\u00e7\u0131k\u00e7a ni\u00e7in yar\u0131n yapmad\u0131k? Toplant\u0131 yeter say\u0131s\u0131 olmayabilir, yar\u0131na kalabilir. Biz o hukuki s\u00fcreyi a\u015f\u0131p da hukuki sorumluluk alt\u0131na girmemek i\u00e7in yapt\u0131k&#8221; diye konu\u015ftu.<br \/>\n&#8220;Hukuki bir sonu\u00e7 tart\u0131\u015f\u0131l\u0131yor&#8221;<br \/>\nMahkeme karar\u0131na ra\u011fmen s\u00fcren bor\u00e7lanma yetkisi m\u00fczakereleri \u00fczerine konu\u015fan Ba\u015fkan Se\u00e7er, \u015funlar\u0131 s\u00f6yledi; &#8220;Hukuk katlediliyor burada. \u00c7ok ac\u0131 bir durum ya\u015f\u0131yoruz. B\u00f6yle bir Meclis tablosu kar\u015f\u0131s\u0131nda \u00e7ok \u00fcz\u00fcld\u00fc\u011f\u00fcm\u00fc ifade etmek isterim. Burada kimse sirk cambaz\u0131 de\u011fil. Mahallenin soytar\u0131s\u0131 da de\u011filiz. Bir hukuki sonu\u00e7 tart\u0131\u015f\u0131l\u0131yor. Ge\u00e7ti\u011fimiz toplant\u0131da titrine, fikrine, s\u00f6z\u00fcne inand\u0131\u011f\u0131m\u0131z hukuk\u00e7u Cumhur \u0130ttifak\u0131&#8217;na mensup Meclis \u00fcyelerimizle g\u00f6r\u00fc\u015ft\u00fck. Burada 30 g\u00fcn bu mahkeme karar\u0131n\u0131n uygulanmas\u0131 konusunda bir s\u00fcrenin oldu\u011funu ya da bunu Meclis&#8217;in onay\u0131na sunma s\u00fcremizin oldu\u011funu; &#8216;l\u00fctfen, biz de \u0130dare Mahkemesine m\u00fcracaat\u0131m\u0131z oldu, itiraz ettik. Belki bu s\u00fcre zarf\u0131nda sonu\u00e7 al\u0131nabilir. Sonu\u00e7 al\u0131nmazsa getirilir, oylan\u0131r.&#8217; Hukuken bunun zaten idarenin i\u015flem ve eylemlerine kar\u015f\u0131 mahkeme yolu a\u00e7\u0131kt\u0131r. Mahkemenin kararlar\u0131na da sayg\u0131 duyulur.&#8221;<br \/>\nMahkeme karar\u0131n\u0131n; Meclis \u00fcyelerinin takdir yetkisine sahip oldu\u011funu ancak bunu keyfi kullanamayacaklar\u0131n\u0131 ifade etti\u011fini aktaran Ba\u015fkan Se\u00e7er, &#8220;Bizim bor\u00e7lanma talebimiz s\u00fcrecinde gerek\u00e7elerimizi ortaya koyarken, dedik ki &#8216;biz bunu 2021 y\u0131l\u0131 Mali B\u00fct\u00e7esi&#8217;nde zaten bor\u00e7lanma kalemi olarak koyduk ve siz bu b\u00fct\u00e7eye onay verdiniz. Dolay\u0131s\u0131yla bizim yapaca\u011f\u0131m\u0131z yat\u0131r\u0131mda, yat\u0131r\u0131m program\u0131nda, stratejik plan\u0131m\u0131zda var. Siz bunlar\u0131 hep kabul ettiniz ve sizin bu konuda olumlu oy vermeniz gerekir.&#8217; Takdir yetkinizi bu \u015fekilde kullanman\u0131z gerekir. Bunu yapmad\u0131\u011f\u0131n\u0131z takdirde bizim yat\u0131r\u0131mlar\u0131m\u0131zda aksamalar olur&#8221; dedi.<br \/>\n&#8220;Yarg\u0131\u00e7lar bizim talebimizin hukuka ayk\u0131r\u0131l\u0131k i\u00e7ermedi\u011fini dile getirmi\u015fler&#8221;<br \/>\nMahkeme karar\u0131n\u0131n gerek\u00e7esine de i\u015faret eden Ba\u015fkan Se\u00e7er, &#8220;&#8216;Sen, idarenin yani belediyenin i\u015fini engelleyemezsin. Belde halk\u0131n\u0131n ma\u011fdur olmas\u0131na neden olamazs\u0131n&#8217; diyor. B\u00fct\u00fcn bunlar\u0131 burada yazm\u0131\u015f. Mahkemenin karar veren yarg\u0131\u00e7lar\u0131 bunu kaleme alm\u0131\u015flar ve bizim talebimizin bir hukuka ayk\u0131r\u0131l\u0131k i\u00e7ermedi\u011fini de dile getirmi\u015fler. &#8216;Bu karar\u0131n\u0131z\u0131 yanl\u0131\u015f bir karar olarak kabul ediyoruz&#8217; deyip y\u00fcr\u00fctmeyi durdurmu\u015flar ve zaten burada kanun a\u00e7\u0131k. Ben bunu 30 g\u00fcn i\u00e7erisinde Meclis&#8217;e sunmak zorunday\u0131m. 2577 Say\u0131l\u0131 \u0130dari Yarg\u0131lama Usul Kanunu. 30 g\u00fcn i\u00e7erisinde benim bunu sizin huzurunuza getirmem laz\u0131m. Kanuna kar\u015f\u0131 gelemem. Verdi\u011fim s\u00f6z\u00fcn arkas\u0131nda durdum. 30 g\u00fcn\u00fcn dolmas\u0131n\u0131 bekledim. 30 Kas\u0131m g\u00fcn\u00fc Cumhur \u0130ttifak\u0131 \u00fcyelerine verdim bu s\u00f6z\u00fcm\u00fc, onu da yerine getirdim&#8221; diye konu\u015ftu.<br \/>\n&#8220;Karar\u0131n uygulanmas\u0131n\u0131 reddeden Meclis \u00fcyelerimiz hukuku katletmi\u015f olur&#8221;<br \/>\nBa\u015fkan Se\u00e7er, \u015f\u00f6yle devam etti:<br \/>\n&#8220;Ama ben Cumhur \u0130ttifak\u0131&#8217;n\u0131n amac\u0131n\u0131n \u00fcz\u00fcm yemek de\u011fil, ba\u011fc\u0131y\u0131 d\u00f6vmek oldu\u011funu biliyorum. E\u011fer mahkemenin verdi\u011fi karar\u0131n uygulanmas\u0131 bu Meclis&#8217;te reddedilirse, reddeden Meclis \u00fcyelerimiz hukuku katletmi\u015f olur, hukuku \u00e7i\u011fnemi\u015f olur. Tabii ki s\u00fcre\u00e7 devam eder. Ben de idare olarak bu konuda mahkeme karar\u0131n\u0131 uygulamamakta \u0131srar eden Meclis \u00fcyeleri hakk\u0131nda su\u00e7 duyurusunda bulunmak zorunda kal\u0131r\u0131m. &#8216;G\u00f6revi k\u00f6t\u00fcye kulland\u0131lar&#8217; derim. \u015eimdi, tablo budur. Yoksa ortaya s\u00fcr\u00fclen gerek\u00e7elerin bizim bor\u00e7lanmayla bir alakas\u0131 var m\u0131 Allah a\u015fk\u0131na? \u0130dari konular, al\u0131nan personel, \u00e7\u0131kan personel. Bizim bor\u00e7lanma meselesiyle hi\u00e7 alakas\u0131 olmayan bir gerek\u00e7eyle bunun reddedilmesinde amac\u0131n \u00fcz\u00fcm yemek de\u011fil, ba\u011fc\u0131y\u0131 d\u00f6vmek oldu\u011funu d\u00fc\u015f\u00fcn\u00fcyorum. \u0130yi niyet aram\u0131yorum ve siyasi bir karar olarak d\u00fc\u015f\u00fcn\u00fcr\u00fcm. E\u011fer b\u00f6yle bir karar verilirse. Tabi takdir y\u00fcce Meclis&#8217;indir&#8221;<br \/>\n&#8220;Umar\u0131m 9 g\u00fcn i\u00e7erisinde bu paray\u0131 kullanma imkan\u0131m\u0131z olur&#8221;<br \/>\nMersin 1. \u0130dare Mahkemesi karar\u0131n\u0131n uygulanmas\u0131 ve bor\u00e7lanma yetkisinin verilmesi konusu Meclis \u00fcyelerinin oylar\u0131na sunuldu. Cumhur \u0130ttifak\u0131&#8217;na mensup Meclis \u00fcyelerinin \u00e7ekimser oylar\u0131na ra\u011fmen konu oy \u00e7oklu\u011fuyla kabul edildi. Ba\u015fkan Se\u00e7er, bor\u00e7lanma b\u00fct\u00e7esini kullanma s\u00fcrecine dair \u015fu y\u00f6nde a\u00e7\u0131klamalarda bulundu:<br \/>\n&#8220;2021 y\u0131l\u0131 9 g\u00fcn sonra sona eriyor. Bu y\u0131la ait mali y\u0131l da tamamlanm\u0131\u015f oluyor. \u015eu anla\u015f\u0131lmas\u0131n; idare yani Mersin B\u00fcy\u00fck\u015fehir Belediyesi 265 milyon TL&#8217;nin mevzuat gere\u011fi 193 milyon TL&#8217;sini bor\u00e7lanabiliyoruz. Bu yetki \u015fu anda 193 milyon TL&#8217;dir. Bu kalan s\u00fcre i\u00e7erisinde bug\u00fcnk\u00fc ekonomik konjonkt\u00fcr i\u00e7erisinde, bug\u00fcnk\u00fc para piyasalar\u0131ndaki \u00e7alkant\u0131 i\u00e7erisinde kullanma rahatl\u0131\u011f\u0131m\u0131z\u0131n olmad\u0131\u011f\u0131n\u0131 da takdir ediyorsunuzdur herhalde. Biz bankalarla yapt\u0131\u011f\u0131m\u0131z g\u00f6r\u00fc\u015fmede baz\u0131 \u00f6n anla\u015fmalar, mutabakatlar yapt\u0131k ancak farkl\u0131 engeller de var \u00f6n\u00fcm\u00fczde. Bir tanesi \u0130ller Bankas\u0131. Biliyorsunuz belediyemize, belediyelerimize kamu bankalar\u0131 kredi vermiyor. \u00d6zel bankalar da belirli evraklar isteyerek, belirli teminatlar isteyerek, g\u00fcvence isteyerek bunu bize verebiliyor. Bunlardan bir tanesi de \u0130ller Bankas\u0131 teminat mektubu. Ge\u00e7ti\u011fimiz y\u0131llarda alamam\u0131\u015ft\u0131k, zorlanm\u0131\u015ft\u0131k. Bu y\u0131l da yapt\u0131\u011f\u0131m\u0131z ilk m\u00fcracaatta ki yak\u0131n bir tarih \u00f6nce arkada\u015flar\u0131m \u0130ller Bankas\u0131&#8217;yla irtibata ge\u00e7ti, &#8216;sak\u0131n ola teklif bile edilmesin&#8217; gibi bir cevapla kar\u015f\u0131la\u015ft\u0131k. Yani bizim bu saatten sonra \u0130ller Bankas\u0131&#8217;ndan; zaten zaman\u0131m\u0131z dar; b\u00f6yle bir teminat\u0131 alma \u015fans\u0131m\u0131z yok, bu bir. \u0130kincisi; di\u011fer y\u00f6nl\u00fc, Maliye Bakanl\u0131\u011f\u0131&#8217;ndan baz\u0131 enstr\u00fcmanlar kullanabiliriz. Onlarla yapt\u0131\u011f\u0131m\u0131z bir g\u00f6r\u00fc\u015fme oldu. Umut ediyorum onlar bize bir engel \u00e7\u0131kartmaz ve uygun ko\u015fullarda da finansman\u0131 sa\u011flar\u0131z. Bu kalan 9 g\u00fcn i\u00e7erisinde, 365 g\u00fcn\u00fcn yakla\u015f\u0131k olarak 356 g\u00fcn\u00fcn\u00fc t\u00fckettik, bir \u015fey yapamad\u0131k ama bu 9 g\u00fcn i\u00e7erisinde bu paray\u0131 kullanma imkan\u0131m\u0131z olur ve bunlar\u0131n da Mersin halk\u0131na yat\u0131r\u0131m olarak d\u00f6nmesini sa\u011flar\u0131z.&#8221;<br \/>\n&#8220;Ula\u015f\u0131m kart\u0131n\u0131 de\u011fi\u015ftirenlerden \u00fccret al\u0131nmayacak&#8221;<br \/>\nMeclis&#8217;te g\u00f6r\u00fc\u015f\u00fclen bir di\u011fer madde de vatanda\u015flar\u0131n ula\u015f\u0131mda kulland\u0131\u011f\u0131 mevcut kartlar\u0131n \u00fccretsiz bir \u015fekilde yenileri ile de\u011fi\u015ftirilmesi ile ilgili maddeydi.<br \/>\nAl\u0131nan yeni kararla Bilgi \u0130\u015flem Dairesi Ba\u015fkanl\u0131\u011f\u0131 taraf\u0131ndan kurulan elektronik \u00fccret toplama sistemlerinin y\u00f6netilmesi ve i\u015fletilmesinin Mersin B\u00fcy\u00fck\u015fehir Belediyesi b\u00fcnyesinde bulunan \u0130mar A.\u015e.&#8217;ye 10 y\u0131l s\u00fcreyle devredilmesi; belediye otob\u00fcs i\u015fletmelerinden elde edilen ayl\u0131k br\u00fct has\u0131lat\u0131n %90&#8217;\u0131n\u0131n \u0130mar A.\u015e. taraf\u0131ndan B\u00fcy\u00fck\u015fehir Belediyesi&#8217;ne aktar\u0131lmas\u0131 ve %10&#8217;unun ise \u0130mar A.\u015e.&#8217;ye b\u0131rak\u0131lmas\u0131 ile ilgili madde oy birli\u011fi ile kabul edildi. Konuyla ilgili a\u00e7\u0131klama yapan Ba\u015fkan Se\u00e7er, &#8220;Daha \u00f6nce Meclis&#8217;imizden bir karar alm\u0131\u015ft\u0131k. 8.07.2021 tarihinde bir d\u00fczenleme yap\u0131lm\u0131\u015ft\u0131. Bu d\u00fczenleme sonucunda yapt\u0131\u011f\u0131m\u0131z \u00e7al\u0131\u015fmada bu i\u015fi Belediyemize ba\u011fl\u0131 bir \u015firketimiz olan \u0130mar A.\u015e.&#8217;ye vermi\u015ftik. \u015eimdi o karar\u0131 iptal ediyoruz. Yeni bir d\u00fczenlemeyle art\u0131k bu sistemin kurulumunu Mersin B\u00fcy\u00fck\u015fehir Belediyesi&#8217;nin uhdesinde yapaca\u011f\u0131m\u0131z\u0131 burada belirtiyoruz. Eski yapt\u0131\u011f\u0131m\u0131z Meclis karar\u0131nda ald\u0131\u011f\u0131m\u0131z s\u00f6zle\u015fmeyi de burada iptal etmi\u015f oluyoruz. Art\u0131k tek kart sistemine ge\u00e7iyoruz. Yurtta\u015flar\u0131m\u0131z sadece toplu ta\u015f\u0131mada kullanmayacak, bir\u00e7ok alanda bundan faydalanabilecek. Sistemi biz kuruyoruz, i\u015fletme hakk\u0131 yine \u0130mar A.\u015e.&#8217;nin. Belli bir komisyon ya da oran kar\u015f\u0131l\u0131\u011f\u0131nda onlara veriyoruz ve sistem devreye giriyor. Kartlar yenilenecek. Kart\u0131n\u0131 de\u011fi\u015ftirenlerden bedeli al\u0131nmayacak. Vatanda\u015flar\u0131m\u0131z yeni, s\u0131f\u0131rdan bir kart alacaksa elbette ki onun \u00fccretini \u00f6deyecek&#8221; dedi.<br \/>\nMersin B\u00fcy\u00fck\u015fehir Belediyesi taraf\u0131ndan GIZ (Alman Uluslararas\u0131 \u0130\u015f Birli\u011fi Te\u015fkilat\u0131&#8217;n\u0131n) QUDRA2 program\u0131 kapsam\u0131nda haz\u0131rlanan &#8220;Mahalle Bizim Projesi&#8221; fonlanmaya hak kazanarak; 96.117,20 Euro hibe ald\u0131. Bu projenin y\u00fcr\u00fct\u00fclmesi ve gerekli belgelerin imza s\u00fcre\u00e7lerinin tamamlanabilmesi i\u00e7in Mersin B\u00fcy\u00fck\u015fehir Belediye Ba\u015fkan\u0131 Vahap Se\u00e7er&#8217;e yetki verilmesi ile ilgili madde de Meclis&#8217;te oy birli\u011fi ile kabul edildi.<\/p>\n","protected":false},"excerpt":{"rendered":"<p>Mersin B\u00fcy\u00fck\u015fehir Belediyesi&#8217;nin 2021 Y\u0131l\u0131 Aral\u0131k Ay\u0131&#8217;nda yap\u0131lan Ola\u011fan\u00fcst\u00fc Meclis Toplant\u0131s\u0131, B\u00fcy\u00fck\u015fehir Belediye Ba\u015fkan\u0131 Vahap Se\u00e7er ba\u015fkanl\u0131\u011f\u0131nda ger\u00e7ekle\u015ftirildi. Y\u0131l i\u00e7erisinde defalarca reddedilen ve yarg\u0131ya ta\u015f\u0131d\u0131klar\u0131 265 milyon liral\u0131k bor\u00e7lanma yetkisi &hellip; <a href=\"https:\/\/akdenizolaygazetesi.com\/?p=15764\" class=\"more-link\">Devam\u0131n\u0131 Oku&#8230;<\/a><\/p>\n","protected":false},"author":2,"featured_media":15765,"comment_status":"open","ping_status":"open","sticky":false,"template":"","format":"standard","meta":[],"categories":[8,2,3],"tags":[],"_links":{"self":[{"href":"https:\/\/akdenizolaygazetesi.com\/index.php?rest_route=\/wp\/v2\/posts\/15764"}],"collection":[{"href":"https:\/\/akdenizolaygazetesi.com\/index.php?rest_route=\/wp\/v2\/posts"}],"about":[{"href":"https:\/\/akdenizolaygazetesi.com\/index.php?rest_route=\/wp\/v2\/types\/post"}],"author":[{"embeddable":true,"href":"https:\/\/akdenizolaygazetesi.com\/index.php?rest_route=\/wp\/v2\/users\/2"}],"replies":[{"embeddable":true,"href":"https:\/\/akdenizolaygazetesi.com\/index.php?rest_route=%2Fwp%2Fv2%2Fcomments&post=15764"}],"version-history":[{"count":1,"href":"https:\/\/akdenizolaygazetesi.com\/index.php?rest_route=\/wp\/v2\/posts\/15764\/revisions"}],"predecessor-version":[{"id":15766,"href":"https:\/\/akdenizolaygazetesi.com\/index.php?rest_route=\/wp\/v2\/posts\/15764\/revisions\/15766"}],"wp:featuredmedia":[{"embeddable":true,"href":"https:\/\/akdenizolaygazetesi.com\/index.php?rest_route=\/wp\/v2\/media\/15765"}],"wp:attachment":[{"href":"https:\/\/akdenizolaygazetesi.com\/index.php?rest_route=%2Fwp%2Fv2%2Fmedia&parent=15764"}],"wp:term":[{"taxonomy":"category","embeddable":true,"href":"https:\/\/akdenizolaygazetesi.com\/index.php?rest_route=%2Fwp%2Fv2%2Fcategories&post=15764"},{"taxonomy":"post_tag","embeddable":true,"href":"https:\/\/akdenizolaygazetesi.com\/index.php?rest_route=%2Fwp%2Fv2%2Ftags&post=15764"}],"curies":[{"name":"wp","href":"https:\/\/api.w.org\/{rel}","templated":true}]}}