{"id":1578,"date":"2020-11-04T18:22:08","date_gmt":"2020-11-04T15:22:08","guid":{"rendered":"http:\/\/mersinekonomipolitikagazetesi.com\/?p=1578"},"modified":"2020-11-04T18:22:08","modified_gmt":"2020-11-04T15:22:08","slug":"cocuk-isciligi-icin-farkindalik-standi","status":"publish","type":"post","link":"https:\/\/akdenizolaygazetesi.com\/?p=1578","title":{"rendered":"\u00c7OCUK \u0130\u015e\u00c7\u0130L\u0130\u011e\u0130 \u0130\u00c7\u0130N FARKINDALIK STANDI"},"content":{"rendered":"<p>Sokakta \u00e7al\u0131\u015fan \u00e7ocuklar\u0131n art\u0131k \u00e7al\u0131\u015f\u0131lmamas\u0131 i\u00e7in Mersin B\u00fcy\u00fck\u015fehir Belediyesi \u00f6n\u00fcnde Aile ve Sosyal Politikalar Bakanl\u0131\u011f\u0131 Mersin \u0130l M\u00fcd\u00fcrl\u00fc\u011f\u00fc \u00c7ocuk Haklar\u0131 \u0130l \u00c7ocuk Komitesi \u00f6nc\u00fcl\u00fc\u011f\u00fcnde stant a\u00e7\u0131ld\u0131.<br \/>\nHalka fark\u0131ndal\u0131k yarat\u0131p ve bilin\u00e7lendirme konusunda \u00e7ocuk i\u015f\u00e7ili\u011fin son bulmas\u0131 y\u00f6n\u00fcnde \u00e7al\u0131\u015fma yap\u0131ld\u0131.<\/p>\n<div>\n<div>\n<div>\n<div>\n<div>\n<div>\n<div>\n<div>\n<div>\n<div>\n<div>\n<div id=\":4\">\n<div id=\":2\">\n<div>\n<div role=\"main\">\n<table cellpadding=\"0\" role=\"presentation\" style=\"width:1630px;\">\n<tbody>\n<tr>\n<td>\n<div>\n<div>\n<div>\n<div role=\"list\">\n<div role=\"listitem\" style=\"clear:both;\" tabindex=\"-1\">\n<div>\n<div>\n<div id=\":2at\">\n<div data-legacy-message-id=\"16248e87e6607681\" data-message-id=\"16248e87e6607681\">\n<div style=\"margin-left:44px;\">\n<div id=\":2bf\">\n<div id=\":2dn\">\n<div dir=\"auto\">\n<blockquote type=\"cite\">\n<div dir=\"ltr\">\n<div>\n<div dir=\"ltr\">\n<p><span style=\"font-size:16px;\">Aile ve Sosyal Politikalar Bakanl\u0131\u011f\u0131 Mersin \u0130l M\u00fcd\u00fcrl\u00fc\u011f\u00fc \u00c7ocuk Haklar\u0131 \u0130l \u00c7ocuk Komitesi \u00f6nc\u00fcl\u00fc\u011f\u00fcnde sokakta \u00e7al\u0131\u015fan \u00e7ocuklar\u0131n\u0131n \u00e7al\u0131\u015f\u0131lmamas\u0131 \u00a0ve art\u0131k \u00e7ocuk i\u015f\u00e7ili\u011finin son bulmas\u0131 ad\u0131na Mersin B\u00fcy\u00fck\u015fehir Belediyesi \u00f6n\u00fcnde stant a\u00e7\u0131ld\u0131.<\/span><\/p>\n<p><span style=\"font-size:16px;\">Stant ba\u015f\u0131nda \u00c7ocuk Haklar\u0131 Komitesi Koordinat\u00f6r\u00fc Mustafa Sar\u0131, \u00f6\u011fretmenler ve \u00f6\u011frenciler g\u00f6rev yapt\u0131.<\/span><\/p>\n<p><span style=\"font-size:16px;\">A\u00e7\u0131lan standa \u201cSokakta \u00e7al\u0131\u015fan \u00e7ocuklardan al\u0131\u015fveri\u015f yaparak onlara iyilik yapt\u0131\u011f\u0131n\u0131z\u0131 zannetmeyin!\u201d, \u201c\u00c7ocuk \u00c7al\u0131\u015ft\u0131rma Su\u00e7a Ortak Olma!\u201d, \u201c \u00c7ocuklar hepimizin onlar\u0131 koruyal\u0131m\u201d \u015feklinde pankart yaz\u0131lar\u0131 yer ald\u0131.<\/span><\/p>\n<p>\u00a0<\/p>\n<p><span style=\"font-size:16px;\">Stant esnas\u0131nda halk\u0131n daha duyarl\u0131 olmas\u0131 ve bilin\u00e7lendirilmesi konusunda bro\u015f\u00fcrler da\u011f\u0131t\u0131ld\u0131.<\/span><\/p>\n<\/p><\/div>\n<\/p><\/div>\n<\/p><\/div>\n<\/blockquote>\n<blockquote type=\"cite\">\n<div dir=\"ltr\">\n<div>\n<div dir=\"ltr\">\n<p><span style=\"font-size:16px;\">Bro\u015f\u00fcrlerde ise \u015fu ifadelere yer verildi: \u201cSokakta \u00e7ocu\u011fa yard\u0131m etmek isteniliyorsa sokakta \u00e7al\u0131\u015fan \u00e7ocuklar ile ilgili kamu \u00f6zel ki\u015fi ve kurulu\u015flarla i\u015f birli\u011fi yap\u0131ls\u0131n. Mesleki bilgi ve deneyimlerden yararlan. \u00c7ocuklar\u0131n e\u011fitimlerini tamamlamalar\u0131na yard\u0131mc\u0131 olmalar\u0131n\u0131 sokakta \u00e7al\u0131\u015fan \u00e7ocuklar\u0131n bar\u0131nma beslenme sa\u011fl\u0131k ve giyim ihtiya\u00e7lar\u0131n\u0131n giderilmesi i\u00e7in katk\u0131da bulunsun ve sokakta \u00e7al\u0131\u015fan \u00e7ocuklar i\u00e7in herkesin yapaca\u011f\u0131 bir \u015fey vard\u0131r.\u201d<\/span><\/p>\n<div>\n<div aria-label=\"Geni\u015fletilen i\u00e7eri\u011fi gizleyin\" data-tooltip=\"Geni\u015fletilen i\u00e7eri\u011fi gizleyin\" id=\":2bz\" role=\"button\" style=\"clear:both;\" tabindex=\"0\"><span style=\"font-size:16px;\"><img src=\"https:\/\/ssl.gstatic.com\/ui\/v1\/icons\/mail\/images\/cleardot.gif\" style=\"height:8px;width:20px;\" \/><\/span><\/div>\n<\/p><\/div>\n<div>\n<p>\u00a0<\/p>\n<p><span style=\"font-size:16px;\">\u00c7ocuk Hizmetleri Genel M\u00fcd\u00fcrl\u00fc\u011f\u00fcnce her ilde \u0130l \u00c7ocuk Haklar\u0131 Komiteleri olu\u015fturuldu\u011funu komiteler 2000 y\u0131l\u0131ndan itibaren \u00e7al\u0131\u015fmalar s\u00fcrd\u00fcr\u00fcld\u00fc\u011f\u00fc belirtildi. Kurulan komiteler \u00fclke \u00e7ap\u0131nda \u00e7ocuk kat\u0131l\u0131m\u0131n\u0131 sa\u011flamak ad\u0131na kurulan bir \u00f6rg\u00fctlenme oldu\u011fu kaydedildi.<\/span><\/p>\n<p>\u00a0<\/p>\n<p><span style=\"font-size:16px;\">\u201cALO 183 HATTINDAN B\u0130ZE ULA\u015eMALARINI \u0130ST\u0130YORUZ\u201d<\/span><\/p>\n<p>\u00a0<\/p>\n<p><span style=\"font-size:16px;\">\u00c7ocuk i\u015f\u00e7ili\u011fine son vermek i\u00e7in stant a\u00e7t\u0131\u011f\u0131n\u0131 ve ba\u015f\u0131nda bekledi\u011fini dile getiren Mustafa Sar\u0131: \u201cBa\u015fbakanl\u0131k\u00e7a 2018 \u00e7ocuklarla ilgili m\u00fccadele y\u0131l\u0131 olarak kabul edildi. Bu \u00e7er\u00e7evede m\u00fccadeleler ile ilgili kapsam\u0131nda burada stant a\u00e7t\u0131k. Bilindi\u011fi gibi biz Mersin \u00e7ocuk i\u00e7in m\u00fccadele ediyoruz. Bu kapsamda y\u00fczlerce \u00e7ocu\u011fumuzu sokaktan al\u0131p okutmaya \u00e7al\u0131\u015ft\u0131k, meslek sahibi yapt\u0131k. Bu \u00e7er\u00e7evede ba\u015fbakanl\u0131k genelgesi do\u011frultusunda biraz daha planl\u0131 programl\u0131 yapmaya karar verdik. Bunu ilk olarak burada stat a\u00e7t\u0131k. Standa amac\u0131m\u0131z halk\u0131n duyarl\u0131l\u0131\u011f\u0131 yaratmak, vatanda\u015f dikkatini \u00e7ocuk i\u00e7inde \u00e7ekmek ve \u00e7ocuklardan al\u0131\u015fveri\u015f yapmamalar\u0131 konusunda bilin\u00e7lendirmek. E\u011fer yoksulluk i\u00e7inde cam silen \u00e7ocuklar varsa bunlar\u0131 alo 183 hatt\u0131ndan bize ula\u015fmalar\u0131n\u0131 istiyoruz. Bu konuda ekonomik yard\u0131ma ihtiyac\u0131 olanlara yard\u0131m sa\u011flan\u0131yor. Dolay\u0131s\u0131yla yapt\u0131\u011f\u0131m\u0131z ara\u015ft\u0131rmalara g\u00f6re bir\u00e7ok ki\u015finin de yoksulluktan de\u011fil yapt\u0131\u011f\u0131 al\u0131\u015fkanl\u0131klardan ya da istismara maruz kal\u0131nd\u0131\u011f\u0131ndan yap\u0131l\u0131yor. Yani hepimiz \u00e7ocuklardan al\u0131\u015fveri\u015f yapmad\u0131\u011f\u0131m\u0131z s\u00fcrece \u00e7ocuk i\u015f\u00e7ili\u011fi so\u011fukta \u00e7al\u0131\u015fan \u00e7ocuk sorunu art\u0131k giderek son bulacakt\u0131r. Mersin\u2019de bu bilin\u00e7 olu\u015fmu\u015f durumdad\u0131r. Bunun devam\u0131n\u0131 sa\u011flamak ad\u0131na b\u00f6yle fark\u0131ndal\u0131k yaratmak i\u00e7in \u00e7al\u0131\u015fmalar\u0131m\u0131z devam edecektir.\u201d \u015feklinde konu\u015ftu.<\/span><\/p>\n<\/p><\/div>\n<\/p><\/div>\n<\/p><\/div>\n<\/p><\/div>\n<\/blockquote><\/div>\n<\/p><\/div>\n<\/p><\/div>\n<\/p><\/div>\n<\/p><\/div>\n<\/p><\/div>\n<\/p><\/div>\n<\/p><\/div>\n<\/p><\/div>\n<\/p><\/div>\n<\/p><\/div>\n<\/p><\/div>\n<\/p><\/div>\n<\/td>\n<\/tr>\n<\/tbody>\n<\/table>\n<div style=\"clear:both;\">\u00a0<\/div>\n<\/div>\n<\/div>\n<\/div>\n<\/div>\n<\/div>\n<\/div>\n<\/div>\n<\/div>\n<\/div>\n<\/div>\n<\/div>\n<\/div>\n<\/div>\n<\/div>\n<\/div>\n","protected":false},"excerpt":{"rendered":"<p>Sokakta \u00e7al\u0131\u015fan \u00e7ocuklar\u0131n art\u0131k \u00e7al\u0131\u015f\u0131lmamas\u0131 i\u00e7in Mersin B\u00fcy\u00fck\u015fehir Belediyesi \u00f6n\u00fcnde Aile ve Sosyal Politikalar Bakanl\u0131\u011f\u0131 Mersin \u0130l M\u00fcd\u00fcrl\u00fc\u011f\u00fc \u00c7ocuk Haklar\u0131 \u0130l \u00c7ocuk Komitesi \u00f6nc\u00fcl\u00fc\u011f\u00fcnde stant a\u00e7\u0131ld\u0131. Halka fark\u0131ndal\u0131k yarat\u0131p ve &hellip; <a href=\"https:\/\/akdenizolaygazetesi.com\/?p=1578\" class=\"more-link\">Devam\u0131n\u0131 Oku&#8230;<\/a><\/p>\n","protected":false},"author":1,"featured_media":0,"comment_status":"open","ping_status":"open","sticky":false,"template":"","format":"standard","meta":[],"categories":[],"tags":[],"_links":{"self":[{"href":"https:\/\/akdenizolaygazetesi.com\/index.php?rest_route=\/wp\/v2\/posts\/1578"}],"collection":[{"href":"https:\/\/akdenizolaygazetesi.com\/index.php?rest_route=\/wp\/v2\/posts"}],"about":[{"href":"https:\/\/akdenizolaygazetesi.com\/index.php?rest_route=\/wp\/v2\/types\/post"}],"author":[{"embeddable":true,"href":"https:\/\/akdenizolaygazetesi.com\/index.php?rest_route=\/wp\/v2\/users\/1"}],"replies":[{"embeddable":true,"href":"https:\/\/akdenizolaygazetesi.com\/index.php?rest_route=%2Fwp%2Fv2%2Fcomments&post=1578"}],"version-history":[{"count":0,"href":"https:\/\/akdenizolaygazetesi.com\/index.php?rest_route=\/wp\/v2\/posts\/1578\/revisions"}],"wp:attachment":[{"href":"https:\/\/akdenizolaygazetesi.com\/index.php?rest_route=%2Fwp%2Fv2%2Fmedia&parent=1578"}],"wp:term":[{"taxonomy":"category","embeddable":true,"href":"https:\/\/akdenizolaygazetesi.com\/index.php?rest_route=%2Fwp%2Fv2%2Fcategories&post=1578"},{"taxonomy":"post_tag","embeddable":true,"href":"https:\/\/akdenizolaygazetesi.com\/index.php?rest_route=%2Fwp%2Fv2%2Ftags&post=1578"}],"curies":[{"name":"wp","href":"https:\/\/api.w.org\/{rel}","templated":true}]}}