{"id":1579,"date":"2020-11-04T18:22:08","date_gmt":"2020-11-04T15:22:08","guid":{"rendered":"http:\/\/mersinekonomipolitikagazetesi.com\/?p=1579"},"modified":"2020-11-04T18:22:08","modified_gmt":"2020-11-04T15:22:08","slug":"canakale-zaferini-anlatan-iki-perdelik-tiyatro-1315-tevellud","status":"publish","type":"post","link":"https:\/\/akdenizolaygazetesi.com\/?p=1579","title":{"rendered":"\u00c7ANAKALE ZAFER\u0130N\u0130 ANLATAN \u0130K\u0130 PERDEL\u0130K T\u0130YATRO  \u201c1315 TEVELL\u00dcD\u201d"},"content":{"rendered":"<p>Mustafa Ar\u0131ko\u011flu taraf\u0131ndan kaleme al\u0131nan,  \u201c1315 Tevell\u00fcd\u201d adl\u0131 tiyatro Mersin B\u00fcy\u00fck\u015fehir Belediyesi taraf\u0131ndan d\u00fczenlenerek 18 Mart \u00c7anakkale Zaferi etkinlikleri kapsam\u0131nda sahnelendi.<\/p>\n<div id=\":4\">\n<div id=\":2\">\n<div role=\"main\">\n<table cellpadding=\"0\" role=\"presentation\" style=\"width:1630px;\">\n<tbody>\n<tr>\n<td>\n<div role=\"list\">\n<div role=\"listitem\" style=\"clear:both;\" tabindex=\"-1\">\n<div id=\":28z\">\n<div data-legacy-message-id=\"16248eb10c398080\" data-message-id=\"16248eb10c398080\">\n<div style=\"margin-left:44px;\">\n<div id=\":15a\">\n<div id=\":2ac\">\n<div dir=\"auto\">\n<blockquote type=\"cite\">\n<div>\n<div dir=\"ltr\">\n<p><span style=\"font-size:16px;\">Mersin B\u00fcy\u00fck\u015fehir Belediyesi tiyatrosunda\u00a0 \u20181315 Tevell\u00fcd\u2019 iki perdelik tiyatro sahnelendi. Sahnelenen tiyatro g\u00f6steri oyununda \u00c7anakkale Destan\u0131\u2019ndan \u00f6nce T\u00fcrkiye\u2019de ya\u015fanan s\u0131k\u0131nt\u0131l\u0131 d\u00f6nem, a\u00e7l\u0131k, yoksulluk gibi konular ele al\u0131nd\u0131. 1315 Tevell\u00fcd Tiyatro Oyunu \u201cHey On Be\u015fli\u201d\u00a0 t\u00fcrk\u00fcs\u00fcn\u00fcn hik\u00e2yesini anlatarak Mersinlilerden be\u011feni toplad\u0131.<\/span><\/p>\n<p><span style=\"font-size:16px;\">18 Mart \u00c7anakkale Deniz Zaferi ve \u015eehitleri Anma G\u00fcn\u00fc dolay\u0131s\u0131yla sergilenen ve Mersin B\u00fcy\u00fck\u015fehir Belediyesi fahri sanat dan\u0131\u015fman\u0131 Kudret \u00dcnal\u2019\u0131n y\u00f6netmenli\u011fini yapt\u0131\u011f\u0131 \u201c1315 Tevell\u00fcd\u201d adl\u0131 tiyatro oyunu seyirci ile bulu\u015ftu.<\/span><\/p>\n<p>\u00a0<\/p>\n<p><span style=\"font-size:16px;\">G\u00fcn\u00fcm\u00fczde de oyun havas\u0131 olarak \u00e7al\u0131nan \u201cHey On Be\u015fli\u201d t\u00fcrk\u00fcs\u00fcn\u00fcn hik\u00e2yesinin anlat\u0131ld\u0131\u011f\u0131 tiyatro oyununda \u00c7anakkale Sava\u015f\u0131\u2019n\u0131n nas\u0131l kazan\u0131ld\u0131\u011f\u0131 dramatik bir tarzda sahnelendi. \u00c7anakkale Sava\u015f\u0131\u2019na kat\u0131lan 15 ya\u015f\u0131ndaki \u00e7ocuk askerlerin arkas\u0131ndan yak\u0131lan a\u011f\u0131t\u0131n da canland\u0131r\u0131ld\u0131\u011f\u0131 \u201cTevell\u00fcd 1315\u201d adl\u0131 tiyatro oyunu b\u00fcy\u00fck bir zevkle izlendi.<\/span><\/p>\n<p><span style=\"font-size:16px;\">\u00a0\u00a0<\/span><\/p>\n<p><span style=\"font-size:16px;\">\u201cHey On Be\u015fli\u201d\u00a0<\/span><\/p>\n<div>\n<div aria-label=\"Geni\u015fletilen i\u00e7eri\u011fi gizleyin\" data-tooltip=\"Geni\u015fletilen i\u00e7eri\u011fi gizleyin\" id=\":2dv\" role=\"button\" style=\"clear:both;\" tabindex=\"0\"><span style=\"font-size:16px;\"><img src=\"https:\/\/ssl.gstatic.com\/ui\/v1\/icons\/mail\/images\/cleardot.gif\" style=\"height:8px;width:20px;\" \/><\/span><\/div>\n<\/p><\/div>\n<div>\u00a0<\/div>\n<\/p><\/div>\n<div><span style=\"font-family: sans-serif, Arial, Verdana, 'Trebuchet MS'; font-size: 16px; line-height: 1.6em;\">Sahnelenen iki perdelik oyunda Halil ile Hediye karakterleri \u00fczerinden \u00c7anakkale Destan\u0131\u2019ndan \u00f6nce T\u00fcrkiye\u2019de ya\u015fanan s\u0131k\u0131nt\u0131l\u0131 d\u00f6nem, a\u00e7l\u0131k, yoksulluk gibi konular ele al\u0131n\u0131p \u015fehitlerin yazd\u0131\u011f\u0131 kahramanl\u0131k destan\u0131n\u0131n ne gibi \u00f6zveriler ve zorluklar ile kazan\u0131ld\u0131\u011f\u0131n\u0131n vurgusu yap\u0131ld\u0131. 1315 Tevell\u00fcd isimli tiyatro oyunu \u201cHey On Be\u015fli\u201d t\u00fcrk\u00fcs\u00fcn\u00fcn hik\u00e2yesine \u0131\u015f\u0131k tutuyor.<\/span><\/div>\n<\/p><\/div>\n<\/blockquote>\n<div>\n<blockquote type=\"cite\">\n<div dir=\"ltr\">\n<p>\u00a0<\/p>\n<p><span style=\"font-size:16px;\">\u201cTevell\u00fcd 1315\u201d adl\u0131 oyunun dekor ve kost\u00fcm tasar\u0131m\u0131 Merve Sakall\u0131, dekor kurulumu\u00a0 Mehmet Demir ile \u0130skender Do\u011fancili, \u0131\u015f\u0131k ve ses Adnan G\u00f6ksu ile Hasan S\u00fczgan ve afi\u015f tasar\u0131m\u0131 da Tolga Manyer taraf\u0131ndan yap\u0131ld\u0131. Oyun Mersin B\u00fcy\u00fck\u015fehir Belediyesi \u015eehir Tiyatrolar\u0131 oyuncular\u0131 Eren Demirel, Eda Etike, Mahir Okdemir, \u00d6zg\u00fcr A. G\u00f6nenler, \u00dcmit Ad\u0131g\u00fczel, G\u00fclhatun Kutlay, Tolga Manyer, G\u00fcven\u00e7 G\u00fcm\u00fc\u015f, Hasan S\u00fczgan ve Ekrem \u015eenel taraf\u0131ndan sahneye koyuldu.<\/span><\/p>\n<\/p><\/div>\n<\/blockquote><\/div>\n<\/p><\/div>\n<\/p><\/div>\n<\/p><\/div>\n<\/p><\/div>\n<\/p><\/div>\n<\/p><\/div>\n<\/p><\/div>\n<\/p><\/div>\n<\/td>\n<\/tr>\n<\/tbody>\n<\/table>\n<div style=\"clear:both;\">\u00a0<\/div>\n<\/div>\n<\/div>\n<\/div>\n","protected":false},"excerpt":{"rendered":"<p>Mustafa Ar\u0131ko\u011flu taraf\u0131ndan kaleme al\u0131nan, \u201c1315 Tevell\u00fcd\u201d adl\u0131 tiyatro Mersin B\u00fcy\u00fck\u015fehir Belediyesi taraf\u0131ndan d\u00fczenlenerek 18 Mart \u00c7anakkale Zaferi etkinlikleri kapsam\u0131nda sahnelendi. Mersin B\u00fcy\u00fck\u015fehir Belediyesi tiyatrosunda\u00a0 \u20181315 Tevell\u00fcd\u2019 iki perdelik tiyatro &hellip; <a href=\"https:\/\/akdenizolaygazetesi.com\/?p=1579\" class=\"more-link\">Devam\u0131n\u0131 Oku&#8230;<\/a><\/p>\n","protected":false},"author":1,"featured_media":0,"comment_status":"open","ping_status":"open","sticky":false,"template":"","format":"standard","meta":[],"categories":[],"tags":[],"_links":{"self":[{"href":"https:\/\/akdenizolaygazetesi.com\/index.php?rest_route=\/wp\/v2\/posts\/1579"}],"collection":[{"href":"https:\/\/akdenizolaygazetesi.com\/index.php?rest_route=\/wp\/v2\/posts"}],"about":[{"href":"https:\/\/akdenizolaygazetesi.com\/index.php?rest_route=\/wp\/v2\/types\/post"}],"author":[{"embeddable":true,"href":"https:\/\/akdenizolaygazetesi.com\/index.php?rest_route=\/wp\/v2\/users\/1"}],"replies":[{"embeddable":true,"href":"https:\/\/akdenizolaygazetesi.com\/index.php?rest_route=%2Fwp%2Fv2%2Fcomments&post=1579"}],"version-history":[{"count":0,"href":"https:\/\/akdenizolaygazetesi.com\/index.php?rest_route=\/wp\/v2\/posts\/1579\/revisions"}],"wp:attachment":[{"href":"https:\/\/akdenizolaygazetesi.com\/index.php?rest_route=%2Fwp%2Fv2%2Fmedia&parent=1579"}],"wp:term":[{"taxonomy":"category","embeddable":true,"href":"https:\/\/akdenizolaygazetesi.com\/index.php?rest_route=%2Fwp%2Fv2%2Fcategories&post=1579"},{"taxonomy":"post_tag","embeddable":true,"href":"https:\/\/akdenizolaygazetesi.com\/index.php?rest_route=%2Fwp%2Fv2%2Ftags&post=1579"}],"curies":[{"name":"wp","href":"https:\/\/api.w.org\/{rel}","templated":true}]}}