{"id":15790,"date":"2021-12-24T12:15:18","date_gmt":"2021-12-24T09:15:18","guid":{"rendered":"http:\/\/akdenizolaygazetesi.com\/?p=15790"},"modified":"2021-12-24T12:15:18","modified_gmt":"2021-12-24T09:15:18","slug":"buyuksehirden-halkin-karti-halk-karta-%50-artis","status":"publish","type":"post","link":"https:\/\/akdenizolaygazetesi.com\/?p=15790","title":{"rendered":"B\u00dcY\u00dcK\u015eEH\u0130R&#8217;DEN HALKIN KARTI &#8216;HALK KART&#8217;A %50 ARTI\u015e"},"content":{"rendered":"<p>Mersin B\u00fcy\u00fck\u015fehir Belediyesi, halk\u0131n kart\u0131 Halk Kart&#8217;\u0131n tutarlar\u0131n\u0131 %50 art\u0131rd\u0131. B\u00fcy\u00fck\u015fehir&#8217;in, dar gelirli vatanda\u015flara ve yerel esnafa ekonomik a\u00e7\u0131dan destek verdi\u011fi \u00f6nemli hizmetlerinden biri olan Halk Kart&#8217;ta, vatanda\u015flar\u0131n kullan\u0131m tutarlar\u0131 art\u0131r\u0131ld\u0131. Ekonomik a\u00e7\u0131dan zor g\u00fcnler ya\u015fayan ve al\u0131m g\u00fcc\u00fc d\u00fc\u015fen vatanda\u015f\u0131 da esnaf\u0131 da sevindiren tutar art\u0131\u015f\u0131 2022 y\u0131l\u0131 Ocak ay\u0131 itibariyle ba\u015flayacak.<br \/>\nBa\u015fkan Se\u00e7er, Meclis&#8217;te duyurdu<br \/>\nBa\u015fkan Se\u00e7er, 12 bin 625 ailenin faydaland\u0131\u011f\u0131 Halk Kart tutar art\u0131\u015f\u0131yla ilgili Aral\u0131k ay\u0131nda yap\u0131lan Ola\u011fan\u00fcst\u00fc Meclis&#8217;te duyuruda bulunarak, &#8220;Vatanda\u015flar\u0131m\u0131z\u0131n hesaplar\u0131na y\u00fckledi\u011fimiz nakit para miktar\u0131n\u0131 2022 y\u0131l\u0131 itibar\u0131yla % 50 art\u0131rarak, toplamda 24 milyon 136 bin 200 TL&#8217;ye y\u00fckseltme karar\u0131 ald\u0131k. Bu art\u0131\u015f miktar\u0131 da ge\u00e7en y\u0131la g\u00f6re % 50 nispetinde olacak&#8221; demi\u015fti.<br \/>\nAlt limit 150 \u00fcst limit 270 TL oldu<br \/>\nSosyal Hizmetler Dairesi taraf\u0131ndan 2019 y\u0131l\u0131nda alt limiti 90, \u00fcst limiti 160 TL olarak ba\u015flat\u0131lan ve binlerce vatanda\u015f\u0131n yararland\u0131\u011f\u0131 Halk Kart&#8217;ta 2021 y\u0131l\u0131nda alt limit 100 TL \u00fcst limit 180 TL olarak belirlenmi\u015fti. 2021 y\u0131l\u0131nda ise son g\u00fcnlerde artan ekonomik s\u0131k\u0131nt\u0131lar\u0131 g\u00f6z \u00f6n\u00fcnde bulunduran B\u00fcy\u00fck\u015fehir Belediyesi, tutarlar\u0131 %50 art\u0131rma karar\u0131 ald\u0131. 2022 y\u0131l\u0131n\u0131n Ocak ay\u0131nda alt limit 150, \u00fcst limit 270 TL olarak vatanda\u015flar\u0131n hesab\u0131na yatacak. Hesaplara yatacak tutarlar zor g\u00fcnler ge\u00e7iren esnaf\u0131n da kasas\u0131na girecek, y\u00fcz\u00fcn\u00fc g\u00fcld\u00fcrecek.<br \/>\n2022 y\u0131l\u0131nda 24 milyon 136 bin 200 TL vatanda\u015f\u0131n cebine, esnaf\u0131n kasas\u0131na girecek<br \/>\nHizmet kapsam\u0131nda 2019 y\u0131l\u0131nda ihtiya\u00e7 sahibi yurtta\u015flar\u0131n hesaplar\u0131na toplam 1 milyon 851 bin 890 TL, 2020 y\u0131l\u0131nda 13 milyon 794 bin 160 TL, 2021 y\u0131l\u0131nda ise 17 milyon 760 bin 360 TL para y\u00fcklendi. Bu tutar 2022 y\u0131l\u0131nda toplamda 24 milyon 136 bin 200 TL olarak vatanda\u015f\u0131n cebine, esnaf\u0131n kasas\u0131na girecek.<br \/>\n&#8220;2022 y\u0131l\u0131nda y\u00fczde 50 art\u0131r\u0131ma gittik&#8221;<br \/>\nSosyal Hizmetler Dairesi Ba\u015fkanl\u0131\u011f\u0131&#8217;nda Sosyolog olarak g\u00f6rev yapan Emine Ak\u0131n, Halk Kart tutarlar\u0131n\u0131n y\u0131llara g\u00f6re art\u0131\u015flar\u0131na de\u011finerek, &#8220;2019 y\u0131l\u0131nda alt limitimiz 90, \u00fcst limitimiz ise 160 TL olarak hizmet veriyorduk. 2020 ve 2021 y\u0131l\u0131nda alt limitimiz 100 \u00fcst limitimiz 180 TL olarak g\u00fcncellemi\u015ftik&#8221; dedi.<br \/>\nAk\u0131n, ekonomik \u015fartlar\u0131 dolay\u0131s\u0131yla vatanda\u015flar\u0131n al\u0131m g\u00fcc\u00fcn\u00fcn d\u00fc\u015fmesi \u00fczerine %50 art\u0131\u015fa gittiklerini s\u00f6zlerine ekleyerek, &#8220;\u00dclkemizin bulundu\u011fu ekonomik durumdan dolay\u0131 2022 y\u0131l\u0131nda y\u00fczde 50 art\u0131r\u0131ma gittik ve alt limitimiz 150 TL, \u00fcst limitimiz 270 TL olarak vatanda\u015flar\u0131m\u0131za hizmet vermeye devam edece\u011fiz&#8221; diye konu\u015ftu.<\/p>\n","protected":false},"excerpt":{"rendered":"<p>Mersin B\u00fcy\u00fck\u015fehir Belediyesi, halk\u0131n kart\u0131 Halk Kart&#8217;\u0131n tutarlar\u0131n\u0131 %50 art\u0131rd\u0131. B\u00fcy\u00fck\u015fehir&#8217;in, dar gelirli vatanda\u015flara ve yerel esnafa ekonomik a\u00e7\u0131dan destek verdi\u011fi \u00f6nemli hizmetlerinden biri olan Halk Kart&#8217;ta, vatanda\u015flar\u0131n kullan\u0131m tutarlar\u0131 &hellip; <a href=\"https:\/\/akdenizolaygazetesi.com\/?p=15790\" class=\"more-link\">Devam\u0131n\u0131 Oku&#8230;<\/a><\/p>\n","protected":false},"author":2,"featured_media":15792,"comment_status":"open","ping_status":"open","sticky":false,"template":"","format":"standard","meta":[],"categories":[1,2,3],"tags":[],"_links":{"self":[{"href":"https:\/\/akdenizolaygazetesi.com\/index.php?rest_route=\/wp\/v2\/posts\/15790"}],"collection":[{"href":"https:\/\/akdenizolaygazetesi.com\/index.php?rest_route=\/wp\/v2\/posts"}],"about":[{"href":"https:\/\/akdenizolaygazetesi.com\/index.php?rest_route=\/wp\/v2\/types\/post"}],"author":[{"embeddable":true,"href":"https:\/\/akdenizolaygazetesi.com\/index.php?rest_route=\/wp\/v2\/users\/2"}],"replies":[{"embeddable":true,"href":"https:\/\/akdenizolaygazetesi.com\/index.php?rest_route=%2Fwp%2Fv2%2Fcomments&post=15790"}],"version-history":[{"count":1,"href":"https:\/\/akdenizolaygazetesi.com\/index.php?rest_route=\/wp\/v2\/posts\/15790\/revisions"}],"predecessor-version":[{"id":15793,"href":"https:\/\/akdenizolaygazetesi.com\/index.php?rest_route=\/wp\/v2\/posts\/15790\/revisions\/15793"}],"wp:featuredmedia":[{"embeddable":true,"href":"https:\/\/akdenizolaygazetesi.com\/index.php?rest_route=\/wp\/v2\/media\/15792"}],"wp:attachment":[{"href":"https:\/\/akdenizolaygazetesi.com\/index.php?rest_route=%2Fwp%2Fv2%2Fmedia&parent=15790"}],"wp:term":[{"taxonomy":"category","embeddable":true,"href":"https:\/\/akdenizolaygazetesi.com\/index.php?rest_route=%2Fwp%2Fv2%2Fcategories&post=15790"},{"taxonomy":"post_tag","embeddable":true,"href":"https:\/\/akdenizolaygazetesi.com\/index.php?rest_route=%2Fwp%2Fv2%2Ftags&post=15790"}],"curies":[{"name":"wp","href":"https:\/\/api.w.org\/{rel}","templated":true}]}}