{"id":1580,"date":"2020-11-04T18:22:08","date_gmt":"2020-11-04T15:22:08","guid":{"rendered":"http:\/\/mersinekonomipolitikagazetesi.com\/?p=1580"},"modified":"2020-11-04T18:22:08","modified_gmt":"2020-11-04T15:22:08","slug":"mersinde-nevruz-bayrami-kutlandi","status":"publish","type":"post","link":"https:\/\/akdenizolaygazetesi.com\/?p=1580","title":{"rendered":"Mersin&#8217;de Nevruz Bayram\u0131 kutland\u0131"},"content":{"rendered":"<p>Mersin Valili\u011fi himayesinde, \u0130l K\u00fclt\u00fcr ve Turizm M\u00fcd\u00fcrl\u00fc\u011f\u00fc taraf\u0131ndan 21 Mart Nevruz Bayram\u0131 dolay\u0131s\u0131yla kutlama etkinli\u011fi d\u00fczenlendi.<\/p>\n<p><span style=\"font-size:16px;\"><span style=\"font-family: sans-serif; line-height: 20px; text-align: justify; background-color: rgb(242, 244, 245);\">Mersin K\u00fclt\u00fcr Merkezi\u2019nde d\u00fczenlenen t\u00f6rene, Vali Yard\u0131mc\u0131s\u0131 Mustafa Ats\u0131z, B\u00fcy\u00fck\u015fehir Belediyesi Genel Sekreter Yard\u0131mc\u0131s\u0131 Hasan G\u00f6kbel, Mersin Baro Ba\u015fkan\u0131 Ali Er, K\u00fclt\u00fcr ve Turizm \u0130l M\u00fcd\u00fcr Vekili Turabi Akt\u00fcrk ve \u00e7ok say\u0131da \u00f6\u011frenci kat\u0131ld\u0131. Burada konu\u015fan M\u00fcd\u00fcr Akt\u00fcrk, Nevruz Bayram\u0131&#8217;n\u0131n bahar\u0131n m\u00fcjdeleyicisi oldu\u011funu belirterek, &#8220;G\u00f6r\u00fcld\u00fck\u00e7e insan\u0131n i\u00e7ine ya\u015fam sevinci veren, k\u00fclt\u00fcr\u00fcm\u00fcz\u00fcn vazge\u00e7ilmez sembol\u00fc ilk nevruz \u00e7i\u00e7ekleri ye\u015ferdi. Nevruz \u00e7i\u00e7ekleriyle beraber bahar geldi. Yeni g\u00fcn anlam\u0131na gelen ve bahar bayram\u0131 olarak da bilinen Nevruz, pek \u00e7ok toplum i\u00e7in yeni bir y\u0131l ba\u015flama g\u00fcn\u00fcd\u00fcr. Nevruz&#8217;un ba\u015flama tarihi Miladi takvime g\u00f6re 21 Mart&#8217;t\u0131r. Konar g\u00f6\u00e7er ya\u015fan toplumlar\u0131n hayvanc\u0131l\u0131k, tar\u0131m toplumlar\u0131 i\u00e7in \u00e7ift\u00e7ilik g\u00fcnlerinin ba\u015flang\u0131c\u0131 kabul edilir. Bayram birlikte sevinme, ne\u015felenme ve e\u011flenme demektir. Bayramlar\u0131m\u0131z kar\u015f\u0131l\u0131kl\u0131 sevgi, sayg\u0131 ve ho\u015fg\u00f6r\u00fcn\u00fcn, ulus\u00e7a karde\u015f\u00e7e, bar\u0131\u015f i\u00e7erisinde ya\u015fama arzusunun, dayan\u0131\u015fma ve yard\u0131mla\u015fma duygular\u0131n\u0131n olu\u015ftu\u011fu, sevin\u00e7 ve k\u0131van\u00e7 dolu g\u00fcnlerimizdir. Nevruz b\u00fct\u00fcn bu g\u00fczel duygular yan\u0131nda yeni ve umut dolu g\u00fcnleri, bahar\u0131 bolluk ve bereketi m\u00fcjdeleyen bir bayram, bir \u015fenliktir. Nevruz Bayram\u0131 ve kutlamalar\u0131, Anadolu&#8217;da k\u00fclt\u00fcr ve geleneklerin nesilden nesile aktar\u0131ld\u0131\u011f\u0131 en \u00f6nemli g\u00fcnlerden birini olu\u015fturmaktad\u0131r. Bu a\u00e7\u0131dan bak\u0131ld\u0131\u011f\u0131nda Nevruz, nesiller aras\u0131 ileti\u015fimin en g\u00fczel \u00f6rneklerinden biridir. Bakanl\u0131\u011f\u0131m\u0131z Ara\u015ft\u0131rma ve E\u011fitim Genel M\u00fcd\u00fcrl\u00fc\u011f\u00fc&#8217;n\u00fcn yo\u011fun \u00e7al\u0131\u015fmalar\u0131nda, UNESCO&#8217;da yer alan Nevruz, bireyleri ve topluluklar\u0131 yak\u0131nla\u015ft\u0131rarak b\u00fct\u00fcnle\u015ftiren, unutulmaya y\u00fcz tutmu\u015f de\u011ferleri yeniden g\u00fcn y\u00fcz\u00fcne \u00e7\u0131karan ve gelecek ku\u015faklara aktaran ortak k\u00fclt\u00fcr ba\u011flar\u0131n\u0131 olu\u015fturur. Bu vesileyle tarihten, Atalar\u0131m\u0131zdan gelen bu g\u00fczellikleri, bu ortak k\u00fclt\u00fcr ve de\u011ferimizi sonsuza dek ya\u015fatmak ve do\u011fam\u0131z\u0131 en g\u00fczel \u015fekilde korumak arzumuzla Nevruz&#8217;unuzu kutluyorum&#8221; dedi.\u00a0<\/span><br style=\"box-sizing: border-box; font-family: sans-serif; font-size: 14px; line-height: 20px; text-align: justify; background-color: rgb(242, 244, 245);\" \/><br \/>\n<span style=\"font-family: sans-serif; line-height: 20px; text-align: justify; background-color: rgb(242, 244, 245);\">Konu\u015fmalar\u0131n ard\u0131ndan Mersin Devlet Opera ve Balesi (MDOB) taraf\u0131ndan haz\u0131rlanan &#8220;Sihirli D\u00fcnya&#8221; \u00e7ocuk oyunu sahnelendi.\u00a0<\/span><br style=\"box-sizing: border-box; font-family: sans-serif; font-size: 14px; line-height: 20px; text-align: justify; background-color: rgb(242, 244, 245);\" \/><br \/>\n<br style=\"box-sizing: border-box; font-family: sans-serif; font-size: 14px; line-height: 20px; text-align: justify; background-color: rgb(242, 244, 245);\" \/><br \/>\n<span style=\"font-family: sans-serif; line-height: 20px; text-align: justify; background-color: rgb(242, 244, 245);\">Mut\u00a0<\/span><br style=\"box-sizing: border-box; font-family: sans-serif; font-size: 14px; line-height: 20px; text-align: justify; background-color: rgb(242, 244, 245);\" \/><br \/>\n<span style=\"font-family: sans-serif; line-height: 20px; text-align: justify; background-color: rgb(242, 244, 245);\">Mersin\u2019in Mut il\u00e7esindeki Mut Meslek ve Teknik Anadolu Lisesi bah\u00e7esinde d\u00fczenlenen kutlamalara, Kaymakam Mehmet Ali Aky\u00fcz, Belediye Ba\u015fkan\u0131 Nebi Y\u0131lmaz, \u0130l\u00e7e Emniyet M\u00fcd\u00fcr\u00fc Murat G\u00fcney, \u0130l\u00e7e Milli E\u011fitim M\u00fcd\u00fcr\u00fc Harun Gergin, m\u00fclki amirler, siyasi parti ba\u015fkanlar\u0131, \u00f6\u011frenciler ve \u00e7ok say\u0131da vatanda\u015f kat\u0131ld\u0131.\u00a0<\/span><br style=\"box-sizing: border-box; font-family: sans-serif; font-size: 14px; line-height: 20px; text-align: justify; background-color: rgb(242, 244, 245);\" \/><br \/>\n<span style=\"font-family: sans-serif; line-height: 20px; text-align: justify; background-color: rgb(242, 244, 245);\">Kutlamalara kat\u0131lan misafirlere pi\u015fi, ayran ve tatl\u0131 ikram edildi.\u00a0<\/span><br style=\"box-sizing: border-box; font-family: sans-serif; font-size: 14px; line-height: 20px; text-align: justify; background-color: rgb(242, 244, 245);\" \/><br \/>\n<span style=\"font-family: sans-serif; line-height: 20px; text-align: justify; background-color: rgb(242, 244, 245);\">Etkinlikte, halk oyunlar\u0131 ekibi g\u00f6steri yaparken, \u00f6\u011frenciler taraf\u0131ndan \u015fiirler okundu, ate\u015fler yak\u0131larak demir d\u00f6v\u00fcld\u00fc. Ard\u0131ndan m\u00fczik, ske\u00e7, geleneksel oyunlar sergilendi.\u00a0<\/span><br style=\"box-sizing: border-box; font-family: sans-serif; font-size: 14px; line-height: 20px; text-align: justify; background-color: rgb(242, 244, 245);\" \/><br \/>\n<br style=\"box-sizing: border-box; font-family: sans-serif; font-size: 14px; line-height: 20px; text-align: justify; background-color: rgb(242, 244, 245);\" \/><br \/>\n<span style=\"font-family: sans-serif; line-height: 20px; text-align: justify; background-color: rgb(242, 244, 245);\">Tarsus\u00a0<\/span><br style=\"box-sizing: border-box; font-family: sans-serif; font-size: 14px; line-height: 20px; text-align: justify; background-color: rgb(242, 244, 245);\" \/><br \/>\n<span style=\"font-family: sans-serif; line-height: 20px; text-align: justify; background-color: rgb(242, 244, 245);\">Mersin\u2019in Tarsus il\u00e7esinden Nevruz Bayram\u0131 \u015eehit Cemre Salih G\u00f6zen \u0130lkokulu\u2019nda co\u015fkuyla kutland\u0131.\u00a0<\/span><br style=\"box-sizing: border-box; font-family: sans-serif; font-size: 14px; line-height: 20px; text-align: justify; background-color: rgb(242, 244, 245);\" \/><br \/>\n<span style=\"font-family: sans-serif; line-height: 20px; text-align: justify; background-color: rgb(242, 244, 245);\">Tarsus Kaymakam\u0131 Y\u00fcksel \u00dcnal, Garnizon Komutan Vekili \u00dcste\u011fmen Kadir G\u00f6l, Tarsus Belediye Ba\u015fkan Yard\u0131mc\u0131s\u0131 R\u0131dvan Aksoy, \u0130l\u00e7e Milli E\u011fitim M\u00fcd\u00fcr\u00fc Mehmet Kalayc\u0131, \u0130l\u00e7e Emniyet M\u00fcd\u00fcr\u00fc Halis \u00dcnal, protokol\u00fcn di\u011fer \u00fcyelerinin kat\u0131ld\u0131\u011f\u0131 etkinlikte \u00e7e\u015fitli g\u00f6steriler sergilendi.\u00a0<\/span><br style=\"box-sizing: border-box; font-family: sans-serif; font-size: 14px; line-height: 20px; text-align: justify; background-color: rgb(242, 244, 245);\" \/><br \/>\n<span style=\"font-family: sans-serif; line-height: 20px; text-align: justify; background-color: rgb(242, 244, 245);\">Sayg\u0131 duru\u015fu ve \u0130stiklal Mar\u015f\u0131\u2019n\u0131n okunmas\u0131yla ba\u015flayan programda konu\u015fan Tarsus \u0130l\u00e7e Milli E\u011fitim M\u00fcd\u00fcr\u00fc Mehmet Kalayc\u0131, bu y\u0131l ki Nevruz kutlamalar\u0131n\u0131n, Afrin\u2019de ter\u00f6r operasyonlar\u0131n\u0131 s\u00fcrd\u00fcren TSK\u2019nin ba\u015far\u0131lar\u0131ndan dolay\u0131 ayr\u0131 bir \u00f6nem kazand\u0131\u011f\u0131n\u0131 kaydetti.\u00a0<\/span><br style=\"box-sizing: border-box; font-family: sans-serif; font-size: 14px; line-height: 20px; text-align: justify; background-color: rgb(242, 244, 245);\" \/><br \/>\n<span style=\"font-family: sans-serif; line-height: 20px; text-align: justify; background-color: rgb(242, 244, 245);\">Konu\u015fmalar\u0131n ar\u0131ndan \u00f6\u011frencilerin haz\u0131rlad\u0131klar\u0131 g\u00f6steriler sunuldu.\u00a0<\/span><br style=\"box-sizing: border-box; font-family: sans-serif; font-size: 14px; line-height: 20px; text-align: justify; background-color: rgb(242, 244, 245);\" \/><br \/>\n<span style=\"font-family: sans-serif; line-height: 20px; text-align: justify; background-color: rgb(242, 244, 245);\">Protokol \u00fcyeleri, halay \u00e7ektikten sonra \u0131s\u0131t\u0131lan demirler \u00f6rs \u00fczerinde d\u00f6vd\u00fc, yak\u0131lan ate\u015f \u00fczerinden de atlad\u0131.\u00a0<\/span><\/span><\/p>\n","protected":false},"excerpt":{"rendered":"<p>Mersin Valili\u011fi himayesinde, \u0130l K\u00fclt\u00fcr ve Turizm M\u00fcd\u00fcrl\u00fc\u011f\u00fc taraf\u0131ndan 21 Mart Nevruz Bayram\u0131 dolay\u0131s\u0131yla kutlama etkinli\u011fi d\u00fczenlendi. Mersin K\u00fclt\u00fcr Merkezi\u2019nde d\u00fczenlenen t\u00f6rene, Vali Yard\u0131mc\u0131s\u0131 Mustafa Ats\u0131z, B\u00fcy\u00fck\u015fehir Belediyesi Genel Sekreter &hellip; <a href=\"https:\/\/akdenizolaygazetesi.com\/?p=1580\" class=\"more-link\">Devam\u0131n\u0131 Oku&#8230;<\/a><\/p>\n","protected":false},"author":1,"featured_media":0,"comment_status":"open","ping_status":"open","sticky":false,"template":"","format":"standard","meta":[],"categories":[],"tags":[],"_links":{"self":[{"href":"https:\/\/akdenizolaygazetesi.com\/index.php?rest_route=\/wp\/v2\/posts\/1580"}],"collection":[{"href":"https:\/\/akdenizolaygazetesi.com\/index.php?rest_route=\/wp\/v2\/posts"}],"about":[{"href":"https:\/\/akdenizolaygazetesi.com\/index.php?rest_route=\/wp\/v2\/types\/post"}],"author":[{"embeddable":true,"href":"https:\/\/akdenizolaygazetesi.com\/index.php?rest_route=\/wp\/v2\/users\/1"}],"replies":[{"embeddable":true,"href":"https:\/\/akdenizolaygazetesi.com\/index.php?rest_route=%2Fwp%2Fv2%2Fcomments&post=1580"}],"version-history":[{"count":0,"href":"https:\/\/akdenizolaygazetesi.com\/index.php?rest_route=\/wp\/v2\/posts\/1580\/revisions"}],"wp:attachment":[{"href":"https:\/\/akdenizolaygazetesi.com\/index.php?rest_route=%2Fwp%2Fv2%2Fmedia&parent=1580"}],"wp:term":[{"taxonomy":"category","embeddable":true,"href":"https:\/\/akdenizolaygazetesi.com\/index.php?rest_route=%2Fwp%2Fv2%2Fcategories&post=1580"},{"taxonomy":"post_tag","embeddable":true,"href":"https:\/\/akdenizolaygazetesi.com\/index.php?rest_route=%2Fwp%2Fv2%2Ftags&post=1580"}],"curies":[{"name":"wp","href":"https:\/\/api.w.org\/{rel}","templated":true}]}}