{"id":15802,"date":"2021-12-25T16:53:11","date_gmt":"2021-12-25T13:53:11","guid":{"rendered":"http:\/\/akdenizolaygazetesi.com\/?p=15802"},"modified":"2021-12-25T16:53:11","modified_gmt":"2021-12-25T13:53:11","slug":"kariyer-mersin-fark-yaratmaya-devam-ediyor","status":"publish","type":"post","link":"https:\/\/akdenizolaygazetesi.com\/?p=15802","title":{"rendered":"KAR\u0130YER MERS\u0130N FARK YARATMAYA DEVAM ED\u0130YOR"},"content":{"rendered":"<p>Mersin B\u00fcy\u00fck\u015fehir Belediyesi Kariyer Merkezi, hayata ge\u00e7irdi\u011fi Kariyer Mersin Projesi i\u00e7in i\u015f birli\u011fi g\u00f6r\u00fc\u015fmelerini s\u00fcrd\u00fcrmeye devam ediyor. Mersin B\u00fcy\u00fck\u015fehir Belediye Ba\u015fkan\u0131 Vahap Se\u00e7er \u00f6nc\u00fcl\u00fc\u011f\u00fcnde hayata ge\u00e7irilen Kariyer Merkezi; kurumlar aras\u0131 i\u015f birliklerine bir yenisini daha ekleyerek Mersin \u00dcniversitesi&#8217;nden tam destek ald\u0131.<\/p>\n<p>Mersin \u00dcniversitesi&#8217;nden Kariyer Mersin Projesi&#8217;ne tam destek<\/p>\n<p>Kariyer Mersin Projesi&#8217;ne payda\u015f olan kurum ve kurulu\u015flar\u0131n temsilcilerinden olu\u015fan heyetle, Mersin \u00dcniversitesi Rekt\u00f6r\u00fc Prof. Dr. Ahmet \u00c7amsar\u0131 ziyaret edildi ve Kariyer Mersin Projesi tan\u0131t\u0131ld\u0131. Ger\u00e7ekle\u015fen toplant\u0131ya Mersin \u00dcniversitesi Uluslararas\u0131 \u0130li\u015fkiler B\u00f6l\u00fcm Ba\u015fkan\u0131 Prof. Dr. H\u00fcseyin Mualla Y\u00fcceol, Mersin \u00dcniversitesi Kariyer Merkezi M\u00fcd\u00fcr\u00fc Prof. Dr. \u0130lhan Ege, \u00c7a\u011f \u00dcniversitesi Kariyer Merkezi Yetkilisi Eda Kayhan, Toros \u00dcniversitesi Kariyer Merkezi M\u00fcd\u00fcr\u00fc Dr. Feyruz Usluo\u011flu, Milli E\u011fitim Bakanl\u0131\u011f\u0131 Kariyer Geli\u015ftirme Merkezi yetkilileri ve Giri\u015fimci \u0130nsan Kaynaklar\u0131 Derne\u011fi yetkilileri kat\u0131l\u0131m sa\u011flad\u0131.<\/p>\n<p>Kariyer Mersin; &#8220;Kariyerde, Mesleki E\u011fitimde ve \u0130stihdamda Birlik&#8221;<\/p>\n<p>Mersin B\u00fcy\u00fck\u015fehir Belediyesi Kariyer Merkezi M\u00fcd\u00fcr\u00fc Serkan \u00d6zada; B\u00fcy\u00fck\u015fehir Belediyesi Kariyer Merkezi olarak bug\u00fcne kadar Mersin \u00dcniversitesi ile i\u015f birli\u011fi halinde ger\u00e7ekle\u015ftirdikleri projelere desteklerinden dolay\u0131 Prof. Dr. Ahmet \u00c7amsar\u0131&#8217;ya te\u015fekk\u00fcr etti. 2022 d\u00f6neminde Kariyer Mersin Projesi \u00e7er\u00e7evesinde Mersin \u00dcniversitesi ba\u015fta olmak \u00fczere payda\u015f kurum ve kurulu\u015flarla ortak metin \u00fczerinde i\u015f birli\u011fi protokol\u00fc imzalayarak &#8220;Kariyerde, Mesleki E\u011fitimde ve \u0130stihdamda Birlik&#8221; mottosuyla T\u00fcrkiye&#8217;de rol model olacak projeyi hayata ge\u00e7ireceklerinin alt\u0131n\u0131 \u00e7izen \u00d6zada; Yetenek Havuzu, \u00fcniversite \u00f6\u011frencilerinin meslek se\u00e7imine y\u00f6nelik Ki\u015filik Envanteri, Gen\u00e7lik Zirvesi, \u00fcniversite \u00f6\u011frencilerine B\u00fcy\u00fck\u015fehir tesislerinde part time ve staj olanaklar\u0131, Yetenek D\u00f6n\u00fc\u015f\u00fcm Program\u0131 gibi konularda yap\u0131lan \u00e7al\u0131\u015fmalar\u0131 da aktard\u0131.<\/p>\n<p>&#8220;Kariyer Mersin Projesi T\u00fcrkiye i\u00e7in f\u0131rsat olabilir&#8221;<\/p>\n<p>Mersin \u00dcniversitesi Rekt\u00f6r\u00fc Prof. Dr. Ahmet \u00c7amsar\u0131, Kariyer Mersin Projesi ile ilgili yapt\u0131\u011f\u0131 de\u011ferlendirmede; \u00f6nemli kurum ve kurulu\u015flar\u0131n ayn\u0131 konu \u00e7er\u00e7evesinde bir araya gelerek katk\u0131 sunmas\u0131n\u0131n Mersin ad\u0131na b\u00fcy\u00fck bir \u015fans oldu\u011funu ifade etti. \u00c7amsar\u0131, \u00f6zellikle makro d\u00fczeyde \u0130nsan Kaynaklar\u0131 Planlamas\u0131 konusunda \u00e7al\u0131\u015fmalar yap\u0131lmas\u0131 ile projenin T\u00fcrkiye \u00e7ap\u0131nda fark yaratabilece\u011fini belirtti. \u00c7amsar\u0131, Mersin \u00dcniversitesi olarak &#8216;giri\u015fimcilik, teknoloji, kariyer&#8217; gibi \u00f6nemli konularda bir\u00e7ok kesime dokunmaya \u00e7al\u0131\u015ft\u0131klar\u0131n\u0131 s\u00f6yleyerek, B\u00fcy\u00fck\u015fehir Belediyesi ile bir\u00e7ok noktada var olan i\u015f birli\u011fini daha da artt\u0131rmak ad\u0131na Kariyer Mersin Projesi&#8217;ne destek sunacaklar\u0131n\u0131 ifade etti.<\/p>\n","protected":false},"excerpt":{"rendered":"<p>Mersin B\u00fcy\u00fck\u015fehir Belediyesi Kariyer Merkezi, hayata ge\u00e7irdi\u011fi Kariyer Mersin Projesi i\u00e7in i\u015f birli\u011fi g\u00f6r\u00fc\u015fmelerini s\u00fcrd\u00fcrmeye devam ediyor. Mersin B\u00fcy\u00fck\u015fehir Belediye Ba\u015fkan\u0131 Vahap Se\u00e7er \u00f6nc\u00fcl\u00fc\u011f\u00fcnde hayata ge\u00e7irilen Kariyer Merkezi; kurumlar aras\u0131 &hellip; <a href=\"https:\/\/akdenizolaygazetesi.com\/?p=15802\" class=\"more-link\">Devam\u0131n\u0131 Oku&#8230;<\/a><\/p>\n","protected":false},"author":2,"featured_media":15803,"comment_status":"open","ping_status":"open","sticky":false,"template":"","format":"standard","meta":[],"categories":[2,3,5],"tags":[],"_links":{"self":[{"href":"https:\/\/akdenizolaygazetesi.com\/index.php?rest_route=\/wp\/v2\/posts\/15802"}],"collection":[{"href":"https:\/\/akdenizolaygazetesi.com\/index.php?rest_route=\/wp\/v2\/posts"}],"about":[{"href":"https:\/\/akdenizolaygazetesi.com\/index.php?rest_route=\/wp\/v2\/types\/post"}],"author":[{"embeddable":true,"href":"https:\/\/akdenizolaygazetesi.com\/index.php?rest_route=\/wp\/v2\/users\/2"}],"replies":[{"embeddable":true,"href":"https:\/\/akdenizolaygazetesi.com\/index.php?rest_route=%2Fwp%2Fv2%2Fcomments&post=15802"}],"version-history":[{"count":1,"href":"https:\/\/akdenizolaygazetesi.com\/index.php?rest_route=\/wp\/v2\/posts\/15802\/revisions"}],"predecessor-version":[{"id":15804,"href":"https:\/\/akdenizolaygazetesi.com\/index.php?rest_route=\/wp\/v2\/posts\/15802\/revisions\/15804"}],"wp:featuredmedia":[{"embeddable":true,"href":"https:\/\/akdenizolaygazetesi.com\/index.php?rest_route=\/wp\/v2\/media\/15803"}],"wp:attachment":[{"href":"https:\/\/akdenizolaygazetesi.com\/index.php?rest_route=%2Fwp%2Fv2%2Fmedia&parent=15802"}],"wp:term":[{"taxonomy":"category","embeddable":true,"href":"https:\/\/akdenizolaygazetesi.com\/index.php?rest_route=%2Fwp%2Fv2%2Fcategories&post=15802"},{"taxonomy":"post_tag","embeddable":true,"href":"https:\/\/akdenizolaygazetesi.com\/index.php?rest_route=%2Fwp%2Fv2%2Ftags&post=15802"}],"curies":[{"name":"wp","href":"https:\/\/api.w.org\/{rel}","templated":true}]}}