{"id":1581,"date":"2020-11-04T18:22:08","date_gmt":"2020-11-04T15:22:08","guid":{"rendered":"http:\/\/mersinekonomipolitikagazetesi.com\/?p=1581"},"modified":"2020-11-04T18:22:08","modified_gmt":"2020-11-04T15:22:08","slug":"nufus-calisanlari-is-yukunden-endiseli","status":"publish","type":"post","link":"https:\/\/akdenizolaygazetesi.com\/?p=1581","title":{"rendered":"N\u00fcfus \u00e7al\u0131\u015fanlar\u0131 i\u015f y\u00fck\u00fcnden endi\u015feli"},"content":{"rendered":"<p>Merkezi Mersin&#8217;de bulunan E-N\u00fcfus Sendikas\u0131 Genel Ba\u015fkan Ali Kart, 2 Nisan 2018 tarihi itibariyle \u00e7ipli kimlik kartlar\u0131n\u0131n yan\u0131 s\u0131ra ehliyet ve pasaportlar\u0131n da N\u00fcfus ve Vatanda\u015fl\u0131k \u0130\u015fleri Genel M\u00fcd\u00fcrl\u00fc\u011f\u00fc&#8217;ne devredilece\u011fini hat\u0131rlatarak, i\u015flemlerde yetersiz altyap\u0131 ve i\u015f y\u00fck\u00fc nedeniyle b\u00fcy\u00fck sorun ya\u015fanaca\u011f\u0131n\u0131 savundu.<\/p>\n<p><span style=\"font-size:16px;\"><span style=\"font-family: sans-serif; line-height: 20px; text-align: justify; background-color: rgb(242, 244, 245);\">Kart, konuyla ilgili yapt\u0131\u011f\u0131 yaz\u0131l\u0131 a\u00e7\u0131klamada, sendika olarak \u00f6zellikle aylar \u00f6ncesinden n\u00fcfus m\u00fcd\u00fcrl\u00fcklerinin personel a\u00e7\u0131\u011f\u0131 ve fiziki alt yap\u0131 eksikliklerine dikkat \u00e7ekmelerine ra\u011fmen, hen\u00fcz eksikler tamamlanmadan devir i\u015flemine ge\u00e7ildi\u011fini s\u00f6yledi.\u00a0<\/span><br style=\"box-sizing: border-box; font-family: sans-serif; font-size: 14px; line-height: 20px; text-align: justify; background-color: rgb(242, 244, 245);\" \/><br \/>\n<span style=\"font-family: sans-serif; line-height: 20px; text-align: justify; background-color: rgb(242, 244, 245);\">&#8220;\u015eikayetler artacakt\u0131r&#8221;\u00a0<\/span><br style=\"box-sizing: border-box; font-family: sans-serif; font-size: 14px; line-height: 20px; text-align: justify; background-color: rgb(242, 244, 245);\" \/><br \/>\n<span style=\"font-family: sans-serif; line-height: 20px; text-align: justify; background-color: rgb(242, 244, 245);\">Normal i\u015f ve i\u015flemlerin yan\u0131nda \u00e7ipli kimli\u011fe ge\u00e7ilmesiyle birlikte n\u00fcfus m\u00fcd\u00fcrl\u00fcklerinde yo\u011funlu\u011fun devam etti\u011fini kaydeden Kart, &#8220;Bunun yan\u0131na \u015fimdide pasaport ve ehliyet i\u015flemleri ekleniyor. \u0130lk bak\u0131\u015fta vatanda\u015fa tek elden i\u015flem yapma kolayl\u0131\u011f\u0131 gibi g\u00f6r\u00fclse de saatlerce s\u0131ra beklenerek yap\u0131lacak i\u015flemden olumlu bir geri bildirim al\u0131namayaca\u011f\u0131 a\u015fikard\u0131r. Vatanda\u015f\u0131n mutlu olmas\u0131 bir yana \u015fikayetlerde artacakt\u0131r&#8221; dedi.\u00a0<\/span><br style=\"box-sizing: border-box; font-family: sans-serif; font-size: 14px; line-height: 20px; text-align: justify; background-color: rgb(242, 244, 245);\" \/><br \/>\n<span style=\"font-family: sans-serif; line-height: 20px; text-align: justify; background-color: rgb(242, 244, 245);\">&#8220;Testi k\u0131r\u0131lmadan uyar\u0131m\u0131z\u0131 yapmak istiyoruz&#8221;\u00a0<\/span><br style=\"box-sizing: border-box; font-family: sans-serif; font-size: 14px; line-height: 20px; text-align: justify; background-color: rgb(242, 244, 245);\" \/><br \/>\n<span style=\"font-family: sans-serif; line-height: 20px; text-align: justify; background-color: rgb(242, 244, 245);\">Emniyet M\u00fcd\u00fcrl\u00fcklerinde g\u00f6rev yapan 5 bin personelin sahada g\u00f6revlendirmesi amac\u0131yla d\u00fc\u015f\u00fcn\u00fclen bu devir i\u015fleminin, personel atamas\u0131 yapmadan n\u00fcfus m\u00fcd\u00fcrl\u00fcklerine devredilmesinin, yo\u011funlu\u011fu hat safhaya \u00e7\u0131karaca\u011f\u0131n\u0131 savunan Kart, \u015f\u00f6yle devam etti; &#8220;Bizler ya\u015fanabilecek problemler \u00f6ncesi \u2018testi k\u0131r\u0131lmadan\u2019 uyar\u0131 g\u00f6revimizi yapmak istiyoruz. N\u00fcfus personellerimiz verilen her g\u00f6revi \u00f6zveri ile yerine getirmektedir. Ancak geldi\u011fimiz noktada \u00fczerimizdeki y\u00fck\u00fcn a\u011f\u0131rl\u0131\u011f\u0131 ta\u015f\u0131yamayaca\u011f\u0131m\u0131z boyuta gelmi\u015ftir. N\u00fcfus personeli eksikli\u011finin (en az 5 bin personel atanmas\u0131), baz\u0131 il\u00e7e n\u00fcfus m\u00fcd\u00fcrl\u00fcklerimizin konumu nedeniyle g\u00fcvenlik sorunlar\u0131n\u0131n giderilmesini ve i\u015flem yapaca\u011f\u0131m\u0131z cihazlar\u0131n daha kaliteli haline getirilmesini bekliyoruz. Bu eksiklerin giderilemedi\u011fi durumda, ehliyet ve pasaport i\u015flemlerinin n\u00fcfus m\u00fcd\u00fcrl\u00fcklerine devrinin ertelenip, \u00f6ncelikle bir pilot b\u00f6lgede uygulamaya konularak daha sa\u011fl\u0131kl\u0131 bir ge\u00e7i\u015f s\u00fcrecinin i\u015fletilmesini bekliyoruz&#8221;.\u00a0<\/span><\/span><\/p>\n","protected":false},"excerpt":{"rendered":"<p>Merkezi Mersin&#8217;de bulunan E-N\u00fcfus Sendikas\u0131 Genel Ba\u015fkan Ali Kart, 2 Nisan 2018 tarihi itibariyle \u00e7ipli kimlik kartlar\u0131n\u0131n yan\u0131 s\u0131ra ehliyet ve pasaportlar\u0131n da N\u00fcfus ve Vatanda\u015fl\u0131k \u0130\u015fleri Genel M\u00fcd\u00fcrl\u00fc\u011f\u00fc&#8217;ne devredilece\u011fini &hellip; <a href=\"https:\/\/akdenizolaygazetesi.com\/?p=1581\" class=\"more-link\">Devam\u0131n\u0131 Oku&#8230;<\/a><\/p>\n","protected":false},"author":1,"featured_media":0,"comment_status":"open","ping_status":"open","sticky":false,"template":"","format":"standard","meta":[],"categories":[],"tags":[],"_links":{"self":[{"href":"https:\/\/akdenizolaygazetesi.com\/index.php?rest_route=\/wp\/v2\/posts\/1581"}],"collection":[{"href":"https:\/\/akdenizolaygazetesi.com\/index.php?rest_route=\/wp\/v2\/posts"}],"about":[{"href":"https:\/\/akdenizolaygazetesi.com\/index.php?rest_route=\/wp\/v2\/types\/post"}],"author":[{"embeddable":true,"href":"https:\/\/akdenizolaygazetesi.com\/index.php?rest_route=\/wp\/v2\/users\/1"}],"replies":[{"embeddable":true,"href":"https:\/\/akdenizolaygazetesi.com\/index.php?rest_route=%2Fwp%2Fv2%2Fcomments&post=1581"}],"version-history":[{"count":0,"href":"https:\/\/akdenizolaygazetesi.com\/index.php?rest_route=\/wp\/v2\/posts\/1581\/revisions"}],"wp:attachment":[{"href":"https:\/\/akdenizolaygazetesi.com\/index.php?rest_route=%2Fwp%2Fv2%2Fmedia&parent=1581"}],"wp:term":[{"taxonomy":"category","embeddable":true,"href":"https:\/\/akdenizolaygazetesi.com\/index.php?rest_route=%2Fwp%2Fv2%2Fcategories&post=1581"},{"taxonomy":"post_tag","embeddable":true,"href":"https:\/\/akdenizolaygazetesi.com\/index.php?rest_route=%2Fwp%2Fv2%2Ftags&post=1581"}],"curies":[{"name":"wp","href":"https:\/\/api.w.org\/{rel}","templated":true}]}}