{"id":15813,"date":"2021-12-26T11:03:07","date_gmt":"2021-12-26T08:03:07","guid":{"rendered":"http:\/\/akdenizolaygazetesi.com\/?p=15813"},"modified":"2021-12-26T11:03:07","modified_gmt":"2021-12-26T08:03:07","slug":"secer-hepimiz-hizmet-anlayisiyla-bu-gorevlerde-bulunuyoruz","status":"publish","type":"post","link":"https:\/\/akdenizolaygazetesi.com\/?p=15813","title":{"rendered":"SE\u00c7ER: &#8220;HEP\u0130M\u0130Z H\u0130ZMET ANLAYI\u015eIYLA BU G\u00d6REVLERDE BULUNUYORUZ&#8221;"},"content":{"rendered":"<p>Mersin B\u00fcy\u00fck\u015fehir Belediye Ba\u015fkan\u0131 Vahap Se\u00e7er, B\u00fcy\u00fck Birlik Partisi Genel Ba\u015fkan\u0131 Mustafa Destici ve heyetini a\u011f\u0131rlad\u0131. Vatanda\u015flara ve kente hizmet noktas\u0131nda hi\u00e7bir ayr\u0131m yapmaks\u0131z\u0131n g\u00f6rev yapt\u0131klar\u0131n\u0131 vurgulayan Ba\u015fkan Se\u00e7er, &#8220;Hangi renge, hangi d\u00fcnya g\u00f6r\u00fc\u015f\u00fcne mensup olursa olsun hizmet g\u00f6t\u00fcr\u00fcrken insanlar\u0131 kucaklamak, asla ayr\u0131m yapmadan kucaklamak \u015fiar\u0131yla g\u00f6rev yap\u0131yoruz&#8221; dedi.<\/p>\n<p>&#8220;Hepimiz hizmet anlay\u0131\u015f\u0131yla bu g\u00f6revlerde bulunuyoruz&#8221;<\/p>\n<p>Ziyarette, B\u00fcy\u00fck Birlik Partisi Genel Ba\u015fkan\u0131 Mustafa Destici, Genel Ba\u015fkan Yard\u0131mc\u0131s\u0131 Ali Keser, BBP Mersin \u0130l Ba\u015fkan\u0131 Alpay Yalman ve il y\u00f6netimi yer ald\u0131.<\/p>\n<p>Ba\u015fkan Se\u00e7er, B\u00fcy\u00fck Birlik Partisi Genel Ba\u015fkan\u0131 Mustafa Destici ve heyetinin kente ve kendilerine yapt\u0131klar\u0131 ziyaretten dolay\u0131 \u00e7ok memnun olduklar\u0131n\u0131 ifade ederek, &#8220;Hepimiz hizmet anlay\u0131\u015f\u0131yla bu g\u00f6revlerde bulunuyoruz. \u015eu anda da hem de\u011ferli bir siyasi kurumun Genel Ba\u015fkan\u0131s\u0131n\u0131z hem T\u00fcrkiye B\u00fcy\u00fck Millet Meclisi&#8217;nde millet iradesini temsil ediyorsunuz. Mersinimiz G\u00fcney&#8217;in, Akdeniz&#8217;in incisi. Co\u011frafyam\u0131z; bir taraf\u0131m\u0131za Toros da\u011flar\u0131 di\u011fer taraf\u0131m\u0131zda Akdeniz. Adana-Antalya aras\u0131nda cennetten bir k\u00f6\u015fe Do\u011fu-Bat\u0131 aks\u0131nda. \u00d6nemli ekonomik potansiyel i\u00e7eren bir kent. Liman kentiyiz ve T\u00fcrkiye&#8217;nin de en \u00f6nemli kapasite a\u00e7\u0131s\u0131ndan da, stratejik konum a\u00e7\u0131s\u0131ndan da en de\u011ferli Liman&#8217;\u0131na sahibiz. \u00dcretimin, \u00e7al\u0131\u015fman\u0131n yo\u011fun oldu\u011fu bir yer&#8221; dedi.<\/p>\n<p>&#8220;Mersin gelecek a\u00e7\u0131s\u0131ndan umut vadediyor&#8221;<\/p>\n<p>Ba\u015fkan Se\u00e7er, Mersin&#8217;in gelecek a\u00e7\u0131s\u0131ndan umut vadeden bir kent oldu\u011funu belirterek, &#8220;Mersin&#8217;i \u00e7ok \u00f6nemli bir \u00f6zelli\u011fi var. G\u00f6\u00e7lerle kurulmu\u015f bir kent. Mutlaka bu hinterland \u00e7ok kadim bir hinterland ama Mersin, \u015fehir merkezi olarak, \u015fehirle\u015fme burada bir bal\u0131k\u00e7\u0131 kasabas\u0131ndan kent h\u00fcviyetine d\u00f6n\u00fc\u015fme 200 y\u0131ll\u0131k bir mazi i\u00e7eriyor. Oysaki Tarsus&#8217;un 8, 10 bin y\u0131ll\u0131k tarihini konu\u015fabiliriz. Silifke, Anamur ayn\u0131 \u015fekilde. Biz bir anlamda gen\u00e7 bir kentiz ama b\u00fct\u00fcn bir b\u00f6lge olarak da \u00e7ok kadim bir b\u00f6lgeyiz&#8221; diye konu\u015ftu.<\/p>\n<p>Se\u00e7er, Mersin&#8217;in 1970&#8217;lerden sonra yo\u011fun bir g\u00f6\u00e7e maruz kald\u0131\u011f\u0131n\u0131 ifade etti. Suriye&#8217;deki geli\u015fmelerden sonra da \u00e7ok g\u00f6\u00e7 ald\u0131klar\u0131n\u0131 belirten Se\u00e7er, kentte kay\u0131tl\u0131 240 bin ve kay\u0131t d\u0131\u015f\u0131 ile birlikte de 400 bin civar\u0131nda Suriyeli misafir oldu\u011funu s\u00f6yledi. 16 bin kilometrekare alan i\u00e7erisinde toplam 2.3 milyon kentte ya\u015fayan vatanda\u015f oldu\u011funu kaydeden Ba\u015fkan Se\u00e7er, \u015f\u00f6yle devam etti:<\/p>\n<p>&#8220;Hangi renge, hangi d\u00fcnya g\u00f6r\u00fc\u015f\u00fcne mensup olursa olsun hizmet g\u00f6t\u00fcr\u00fcrken bu insanlar\u0131 kucaklama, asla ayr\u0131m yapmadan kucaklama \u015fiar\u0131yla g\u00f6rev yap\u0131yoruz. Ayr\u0131mc\u0131l\u0131k dinimiz a\u00e7\u0131s\u0131ndan da, vicdan\u0131m\u0131z, g\u00f6r\u00fc\u015f\u00fcm\u00fcz a\u00e7\u0131s\u0131ndan da, hukuken de \u00e7ok kabul edilebilir bir durum de\u011fil. Asl\u0131nda b\u00fct\u00fcn bu renklere ra\u011fmen burada \u00e7ok huzurla ya\u015fad\u0131\u011f\u0131m\u0131z bir kent. D\u0131\u015far\u0131dan g\u00f6r\u00fcnt\u00fc itibari ile \u00e7ok kozmopolit g\u00f6r\u00fcnse de, \u00e7ok stratejik ya da T\u00fcrkiye&#8217;nin ulusal g\u00fcvenli\u011fi a\u00e7\u0131s\u0131ndan problemli bir b\u00f6lge g\u00f6r\u00fcnt\u00fcs\u00fcne geriden beri gelen bir kafalara kaz\u0131nm\u0131\u015f bir d\u00fc\u015f\u00fcnce varsa da bunun yanl\u0131\u015f oldu\u011funu s\u00f6ylemek isterim. Alt\u0131n\u0131 \u00e7izmek isterim. Tabi merkezi y\u00f6netimden de kentin beklentileri var. Bu vesileyle bunu da size aktarmak isterim. \u00c7\u00fcnk\u00fc Ankara&#8217;da bizleri temsil ediyorsunuz. \u00d6zellikle bu b\u00f6lgede Ana Konteyner Liman\u0131; bu \u00e7ok \u00f6nemli. Bu b\u00f6lgeye muazzam bir de\u011fer katacak, T\u00fcrkiye&#8217;ye muazzam bir de\u011fer katacak. \u015eu anda Cumhurba\u015fkanl\u0131\u011f\u0131 yat\u0131r\u0131m programda var. 12. Kalk\u0131nma Plan\u0131&#8217;nda var. Ancak faaliyete ge\u00e7medi. Yani bu proje somut olarak ete, kemi\u011fe b\u00fcr\u00fcnmedi. Bu konuda beklentilerimiz var. Yine mevcut otoyolumuz; belki oradan seyahat ederek geldiniz; onun Bat\u0131 aks\u0131na uzant\u0131s\u0131; bu projesi haz\u0131r, bunun yap\u0131lmas\u0131 \u00e7ok \u00f6nemli. Uluslararas\u0131 Havaalan\u0131m\u0131z uzun y\u0131llard\u0131r, yakla\u015f\u0131k 8, 10 y\u0131ld\u0131r in\u015faat\u0131 devam eden bir proje. Akamete u\u011fram\u0131\u015ft\u0131, ba\u015flad\u0131 ba\u015flad\u0131 ama onun da bir an \u00f6nce hayata ge\u00e7mesi bu b\u00f6lgede inan\u0131lmaz bir \u015fekilde hem ekonomik hayat\u0131 hem toplumsal hayat\u0131 etkileyecek temel yat\u0131r\u0131mlar olarak de\u011ferlendirebiliriz.&#8221;<\/p>\n<p>&#8220;Bizim \u015fiar\u0131m\u0131z herkesi kucaklamak&#8221;<\/p>\n<p>Se\u00e7er, farkl\u0131 partilerin \u00e7at\u0131s\u0131 alt\u0131s\u0131nda olduklar\u0131n\u0131 fakat herkesin ortak noktas\u0131n\u0131n T\u00fcrkiye&#8217;ye hizmet etmek oldu\u011funun alt\u0131n\u0131 \u00e7izerek, &#8220;Bizim buradaki \u015fiar\u0131m\u0131z herkesi kucaklamak. Merkezi y\u00f6netimin de buraya bakarken bu bak\u0131\u015f a\u00e7\u0131s\u0131yla bakmas\u0131n\u0131, burada Belediyemizin \u00e7al\u0131\u015fmalar\u0131n\u0131 kolayla\u015ft\u0131racak i\u015flere katk\u0131 sunmas\u0131n\u0131, yard\u0131mc\u0131 olmas\u0131n\u0131 hassaten sizin nezdinizde rica ediyorum&#8221; dedi.  <\/p>\n<p>B\u00fcy\u00fck Birlik Partisi Genel Ba\u015fkan\u0131 Mustafa Destici, Ba\u015fkan Se\u00e7er&#8217;e g\u00f6revinde ba\u015far\u0131lar dilerken, T\u00fcrkiye&#8217;ye hizmet etme noktas\u0131nda birlikte hareket etmeleri gerekti\u011fini s\u00f6yledi. Destici, belediye ba\u015fkanlar\u0131n\u0131n se\u00e7ilene kadar partileri oldu\u011funu ancak se\u00e7ildikten sonra partileri olmad\u0131\u011f\u0131n\u0131 belirtti. Belediye ba\u015fkanlar\u0131n\u0131n kentte ya\u015fayan herkesin belediye ba\u015fkan\u0131 oldu\u011funu ifade eden Destici, \u015funlar\u0131 s\u00f6yledi:<\/p>\n<p>&#8220;O hassasiyeti g\u00f6sterece\u011finize inan\u0131yoruz. \u0130l\u00e7elere de bakt\u0131\u011f\u0131m\u0131z zaman il\u00e7elerin a\u015fa\u011f\u0131 yukar\u0131 10, 11 tanesi Cumhur \u0130ttifak\u0131&#8217;na mensup partilerde. Bu Belediye Meclis \u00fcyeli\u011fine de yans\u0131yordur tabi ki. Ama burada \u00f6nemli olan T\u00fcrkiye ve \u00f6zelde de Mersin&#8217;de hem \u015fehir merkezinde ya\u015fayan hem de di\u011fer il\u00e7elerde ya\u015fayan vatanda\u015flar\u0131m\u0131za hizmet daha iyi nas\u0131l g\u00f6t\u00fcr\u00fcl\u00fcr, daha iyi nas\u0131l oradaki talepler kar\u015f\u0131lan\u0131r? Burada mutlaka ama mutlaka el birli\u011fi ile g\u00fc\u00e7 birli\u011fi yap\u0131l\u0131yor. T\u00fcrkiye B\u00fcy\u00fck Millet Meclisi&#8217;nde de bir g\u00f6revimiz var. Ankara milletvekiliyim ama Genel Ba\u015fkan olmam sebebiyle b\u00fct\u00fcn T\u00fcrkiye&#8217;nin b\u00fct\u00fcn vilayetlerin milletvekiliyim. Bunu da gitti\u011fim yerlerde s\u00f6yl\u00fcyorum ve buradan ald\u0131\u011f\u0131m\u0131z talepleri de hem kamuoyunda dillendirmemiz gerekeni kamuoyunda, Meclis&#8217;te dile getirmemiz gerekeni Meclis&#8217;te, h\u00fck\u00fcmet nezdinde dile getirmemiz gerekenleri de h\u00fck\u00fcmet nezdinde dile getiriyoruz. Ben bu iki konuyu da g\u00fcndemime ald\u0131m. Arkada\u015flar\u0131m\u0131zla da isti\u015fare yap\u0131p in\u015fallah Mersin halk\u0131 i\u00e7in,  Mersinimiz i\u00e7in bunlara da in\u015fallah destek verece\u011fiz.&#8221;<\/p>\n","protected":false},"excerpt":{"rendered":"<p>Mersin B\u00fcy\u00fck\u015fehir Belediye Ba\u015fkan\u0131 Vahap Se\u00e7er, B\u00fcy\u00fck Birlik Partisi Genel Ba\u015fkan\u0131 Mustafa Destici ve heyetini a\u011f\u0131rlad\u0131. Vatanda\u015flara ve kente hizmet noktas\u0131nda hi\u00e7bir ayr\u0131m yapmaks\u0131z\u0131n g\u00f6rev yapt\u0131klar\u0131n\u0131 vurgulayan Ba\u015fkan Se\u00e7er, &#8220;Hangi &hellip; <a href=\"https:\/\/akdenizolaygazetesi.com\/?p=15813\" class=\"more-link\">Devam\u0131n\u0131 Oku&#8230;<\/a><\/p>\n","protected":false},"author":2,"featured_media":15814,"comment_status":"open","ping_status":"open","sticky":false,"template":"","format":"standard","meta":[],"categories":[1,2,3,6],"tags":[],"_links":{"self":[{"href":"https:\/\/akdenizolaygazetesi.com\/index.php?rest_route=\/wp\/v2\/posts\/15813"}],"collection":[{"href":"https:\/\/akdenizolaygazetesi.com\/index.php?rest_route=\/wp\/v2\/posts"}],"about":[{"href":"https:\/\/akdenizolaygazetesi.com\/index.php?rest_route=\/wp\/v2\/types\/post"}],"author":[{"embeddable":true,"href":"https:\/\/akdenizolaygazetesi.com\/index.php?rest_route=\/wp\/v2\/users\/2"}],"replies":[{"embeddable":true,"href":"https:\/\/akdenizolaygazetesi.com\/index.php?rest_route=%2Fwp%2Fv2%2Fcomments&post=15813"}],"version-history":[{"count":1,"href":"https:\/\/akdenizolaygazetesi.com\/index.php?rest_route=\/wp\/v2\/posts\/15813\/revisions"}],"predecessor-version":[{"id":15815,"href":"https:\/\/akdenizolaygazetesi.com\/index.php?rest_route=\/wp\/v2\/posts\/15813\/revisions\/15815"}],"wp:featuredmedia":[{"embeddable":true,"href":"https:\/\/akdenizolaygazetesi.com\/index.php?rest_route=\/wp\/v2\/media\/15814"}],"wp:attachment":[{"href":"https:\/\/akdenizolaygazetesi.com\/index.php?rest_route=%2Fwp%2Fv2%2Fmedia&parent=15813"}],"wp:term":[{"taxonomy":"category","embeddable":true,"href":"https:\/\/akdenizolaygazetesi.com\/index.php?rest_route=%2Fwp%2Fv2%2Fcategories&post=15813"},{"taxonomy":"post_tag","embeddable":true,"href":"https:\/\/akdenizolaygazetesi.com\/index.php?rest_route=%2Fwp%2Fv2%2Ftags&post=15813"}],"curies":[{"name":"wp","href":"https:\/\/api.w.org\/{rel}","templated":true}]}}