{"id":15816,"date":"2021-12-26T11:05:26","date_gmt":"2021-12-26T08:05:26","guid":{"rendered":"http:\/\/akdenizolaygazetesi.com\/?p=15816"},"modified":"2021-12-26T11:05:26","modified_gmt":"2021-12-26T08:05:26","slug":"secer-atalarimizdan-aldigimiz-emaneti-yarinlara-en-iyi-sekilde-teslim-etmek-icin-gecemizi-gunduzumuze-katiyoruz","status":"publish","type":"post","link":"https:\/\/akdenizolaygazetesi.com\/?p=15816","title":{"rendered":"SE\u00c7ER: &#8220;ATALARIMIZDAN ALDI\u011eIMIZ EMANET\u0130, YARINLARA EN \u0130Y\u0130 \u015eEK\u0130LDE TESL\u0130M ETMEK \u0130\u00c7\u0130N GECEM\u0130Z\u0130 G\u00dcND\u00dcZ\u00dcM\u00dcZE KATIYORUZ&#8221;"},"content":{"rendered":"<p>Mersin B\u00fcy\u00fck\u015fehir Belediye Ba\u015fkan\u0131 Vahap Se\u00e7er, B\u00fcy\u00fck\u015fehir Belediyesi taraf\u0131ndan &#8220;Tarsus&#8217;un Kurtulu\u015f Haftas\u0131 Kutlamalar\u0131&#8221; kapsam\u0131nda haz\u0131rlanan &#8216;Tarsus 100. Y\u0131l Etkinlik Alan\u0131&#8217;n\u0131n a\u00e7\u0131l\u0131\u015f\u0131n\u0131 ger\u00e7ekle\u015ftirdi. Ba\u015fkan Se\u00e7er, atalar\u0131ndan miras kalan kadim topraklarda ya\u015fad\u0131klar\u0131n\u0131 belirterek, &#8220;E\u011fer onurla, \u015ferefle ya\u015fad\u0131\u011f\u0131m\u0131z kentte ba\u015f\u0131m\u0131z dik gezmek istiyorsak, \u015fimdi y\u0131l d\u00f6n\u00fcm\u00fcnde anaca\u011f\u0131m\u0131z atalar\u0131m\u0131z\u0131n kemiklerini s\u0131zlatmak istemiyorsak \u00e7al\u0131\u015fmal\u0131y\u0131z, m\u00fcstemleke olmamal\u0131y\u0131z \u00e7\u00fcnk\u00fc bizim kan\u0131m\u0131zda ba\u011f\u0131ms\u0131zl\u0131k ruhu var&#8221; dedi.<\/p>\n<p>&#8220;\u00c7ocuklar\u0131m\u0131za \u00f6nemli, de\u011ferli, zengin miraslar b\u0131rakmak i\u00e7in \u00e7al\u0131\u015f\u0131yoruz&#8221;<\/p>\n<p>25-27 Aral\u0131k tarihlerinde devam edecek olan Tarsus Cumhuriyet Meydan\u0131&#8217;ndaki Etkinlik Alan\u0131&#8217;nda &#8216;Milli M\u00fccadele&#8217;, &#8216;Y\u00fczy\u0131l&#8217; ve &#8216;Mersin&#8217;in Haf\u0131zas\u0131&#8217; sergileri yer al\u0131rken; \u00fcnl\u00fc edebiyat\u00e7\u0131, tarih\u00e7i, akademisyen ve yazarlar taraf\u0131ndan s\u00f6yle\u015filer ger\u00e7ekle\u015ftiriliyor. Ayr\u0131ca performanslar ve \u00e7e\u015fitli deneyim alanlar\u0131 da Etkinlik Alan\u0131&#8217;nda Mersinlileri bekliyor. \u0130lk g\u00fcn Yakup Boncuk&#8217;un moderat\u00f6rl\u00fc\u011f\u00fcnde U\u011fur Pi\u015fmanl\u0131k taraf\u0131ndan &#8216;Tarsus Bas\u0131n Tarihi&#8217; konulu s\u00f6yle\u015fi ger\u00e7ekle\u015ftirildi.  Ard\u0131ndan &#8216;Tarsus 100. Y\u0131l Etkinlik Alan\u0131&#8217;n\u0131n ve &#8216;100. Y\u0131l Sergisi&#8217;nin a\u00e7\u0131l\u0131\u015f\u0131na ge\u00e7ildi.<\/p>\n<p>Tarsus 100. Y\u0131l Etkinlik Alan\u0131&#8217;n\u0131n a\u00e7\u0131l\u0131\u015f\u0131na; Ba\u015fkan Se\u00e7er&#8217;in yan\u0131 s\u0131ra, CHP Parti Meclisi \u00dcyesi ve Mersin Milletvekili Ali Mahir Ba\u015far\u0131r, CHP Mersin Milletvekili Alpay Antmen, CHP Mersin \u0130l Ba\u015fkan\u0131 Adil Aktay, Gazeteci Yazar U\u011fur D\u00fcndar, siyasi parti temsilcileri ve \u00e7ok say\u0131da Tarsuslu kat\u0131ld\u0131.<\/p>\n<p>Tarsus&#8217;un i\u015fgalci g\u00fc\u00e7lerden kurtulu\u015funun 100&#8217;\u00fcnc\u00fc y\u0131l d\u00f6n\u00fcm\u00fcn\u00fc kutlad\u0131klar\u0131n\u0131 s\u00f6yleyen Ba\u015fkan Se\u00e7er, &#8220;Bir as\u0131r. Bu topraklar \u00e7ok \u00f6nemli, \u00e7ok kadim topraklar. K\u00fclt\u00fcr\u00fc, ge\u00e7mi\u015fi, tarihi muazzam. Bu topraklar\u0131n de\u011ferini bilen bizler, bug\u00fcnden yar\u0131na \u00e7ocuklar\u0131m\u0131za \u00e7ok daha \u00f6nemli, de\u011ferli, zengin miraslar b\u0131rakmak i\u00e7in \u00e7al\u0131\u015f\u0131yoruz ve \u00e7al\u0131\u015fmaya da devam edece\u011fiz. Bizi \u00e7al\u0131\u015fmak kurtar\u0131r. E\u011fer onurla, \u015ferefle ya\u015fad\u0131\u011f\u0131m\u0131z kentte ba\u015f\u0131m\u0131z dik gezmek istiyorsak, \u015fimdi y\u0131l d\u00f6n\u00fcm\u00fcnde anaca\u011f\u0131m\u0131z atalar\u0131m\u0131z\u0131n kemiklerini s\u0131zlatmak istemiyorsak \u00e7al\u0131\u015fmal\u0131y\u0131z, \u00e7al\u0131\u015fmal\u0131y\u0131z, ele g\u00fcne rezil olmamal\u0131y\u0131z, m\u00fcstemleke olmamal\u0131y\u0131z \u00e7\u00fcnk\u00fc bizim kan\u0131m\u0131z\u0131n i\u00e7erisinde dola\u015fan alyuvarlar ve akyuvarlarda ba\u011f\u0131ms\u0131zl\u0131k ruhu var. Ulu \u00d6nder Mustafa Kemal Atat\u00fcrk&#8217;\u00fcn dedi\u011fi gibi&#8221; dedi.<\/p>\n<p>&#8220;100 y\u0131l sonra bu hissiyatla, bu duygu ve d\u00fc\u015f\u00fcncelerle duygulanmamak m\u00fcmk\u00fcn de\u011fil&#8221;<\/p>\n<p>Tarsus&#8217;un ge\u00e7mi\u015ften g\u00fcn\u00fcm\u00fcze \u00e7ok \u00f6nemli bir yer oldu\u011fu ifade eden Ba\u015fkan Se\u00e7er, Anadolu&#8217;da i\u015fgalin bu b\u00f6lgede ba\u015flad\u0131\u011f\u0131n\u0131 s\u00f6yleyerek, \u015f\u00f6yle devam etti:<\/p>\n<p>&#8220;Kuzeyinde Pozant\u0131, do\u011fusunda Adana, bat\u0131s\u0131nda Mersin olan \u00e7ok merkezi bir yerdi. Onun i\u00e7in i\u015fgalciler \u00f6ncelikle buray\u0131 i\u015fgal ettiler. O d\u00f6nemde daha Anadolu&#8217;nun hi\u00e7bir noktas\u0131nda ba\u011f\u0131ms\u0131zl\u0131k ate\u015fi yak\u0131lmam\u0131\u015fken bu topraklarda ba\u015flad\u0131. Anadolu&#8217;nun di\u011fer b\u00f6lgelerinde; Sakarya&#8217;da, Dumlup\u0131nar&#8217;da, Anafartalar&#8217;da, \u0130stanbul&#8217;da, \u0130zmir&#8217;de d\u00fczenli ordularla emperyalistlerle sava\u015f verilirken burada milis g\u00fc\u00e7lerle, Molla Kerimlerle, Ferahim \u015ealvuzlarla, yani bizim b\u00fcy\u00fcklerimizle, dedelerimizle, atalar\u0131m\u0131zla, daha ismini bilmedi\u011fimiz toprak alt\u0131nda binlerce isimsiz kahramanlar\u0131n m\u00fccadelesi sonucu ba\u011f\u0131ms\u0131zl\u0131k me\u015falesi burada ate\u015flendi. Kentimizin de\u011ferini bilmeliyiz. Bu b\u00f6lgede Karbo\u011faz\u0131&#8217;nda, Eshab-\u0131 Kehf da\u011flar\u0131nda, Ba\u011flar&#8217;da, Karadirlik&#8217;te, Hac\u0131 Talip&#8217;te g\u00f6\u011f\u00fcs g\u00f6\u011f\u00fcse Frans\u0131zlarla bu topraklar\u0131 kurtarmak i\u00e7in m\u00fccadele eden, g\u00f6\u011fs\u00fcn\u00fc siper eden, can\u0131n\u0131 feda eden o insanlar\u0131n torunlar\u0131y\u0131z biz. Bug\u00fcn, 100 y\u0131l sonra bu hissiyatla, bu duygu ve d\u00fc\u015f\u00fcncelerle duygulanmamak m\u00fcmk\u00fcn de\u011fil. Biraz vatan, memleket, bayrak sevgisi olan\u0131n duygulanmamas\u0131 m\u00fcmk\u00fcn de\u011fil.&#8221;<\/p>\n<p>&#8220;Atalar\u0131m\u0131zdan ald\u0131\u011f\u0131m\u0131z emaneti, yar\u0131nlara en iyi \u015fekilde teslim etmek i\u00e7in gecemizi g\u00fcnd\u00fcz\u00fcm\u00fcze kat\u0131yoruz&#8221;<\/p>\n<p>Ba\u015fkan Se\u00e7er, Tarsuslu olarak atalar\u0131ndan ald\u0131klar\u0131 emaneti yar\u0131nlara en iyi \u015fekilde teslim etmek i\u00e7in gece g\u00fcnd\u00fcz \u00e7al\u0131\u015ft\u0131klar\u0131n\u0131 s\u00f6yleyerek,&#8221;2,5 y\u0131ld\u0131r Mersin B\u00fcy\u00fck\u015fehir Belediyesi olarak gecemizi g\u00fcnd\u00fcz\u00fcm\u00fcze katt\u0131k. B\u00f6lgemiz 16 bin kilometrekare. G\u00f6\u00e7le b\u00fcy\u00fcm\u00fc\u015f. Bug\u00fcn b\u00fcnyesinde 400 bin ge\u00e7ici koruma alt\u0131ndaki Suriyelileri de bar\u0131nd\u0131ran toplam 2.3 milyon n\u00fcfusun ya\u015fad\u0131\u011f\u0131 bir kent. B\u00fct\u00fcn zorluklar\u0131m\u0131za ra\u011fmen merkezi y\u00f6netimle ters d\u00fc\u015fmemeye \u00e7al\u0131\u015farak, Meclis&#8217;teki sandalye say\u0131m\u0131z\u0131n bize yaratt\u0131\u011f\u0131 s\u0131k\u0131nt\u0131y\u0131 halk\u0131m\u0131z\u0131n \u00f6n\u00fcne getirmeden, hizmetlerimizi yapmaya devam ediyoruz. Tarsus \u00e7ok \u015feylere lay\u0131k. Tarsus&#8217;un tekrar in\u015fas\u0131, ihyas\u0131; en \u00f6nemli sorunu olan i\u015fsizlik sorununu, istihdam sorununu ortadan kald\u0131racak Belediyemizin ya da di\u011fer kurumlar\u0131n, ya da \u00f6zel sekt\u00f6r\u00fcn yapt\u0131\u011f\u0131 b\u00fct\u00fcn yat\u0131r\u0131mlara her t\u00fcrl\u00fc deste\u011fi sunuyoruz. Anamur&#8217;dan Tarsus&#8217;a kadar siyasi, mezhepsel, me\u015frepsel, ya\u015fam bi\u00e7imi, rengi, dili, dini \u0131rk\u0131 g\u00f6zetmeksizin b\u00fct\u00fcn hem\u015fehrilerimize ayn\u0131 mesafede durarak hizmetlerimizi g\u00f6t\u00fcr\u00fcyoruz, g\u00f6t\u00fcrmeye devam edece\u011fiz&#8221; diye konu\u015ftu.<\/p>\n<p>Etkinlik alan\u0131na dair de konu\u015fan Ba\u015fkan Se\u00e7er, &#8220;Ge\u00e7mi\u015fimize dair baz\u0131 objeleri, resimleri g\u00f6rece\u011fiz. \u00c7ok de\u011ferli tarih\u00e7ilerimiz, gazeteciler, konusunda uzman olan isimler burada vatanda\u015flar\u0131m\u0131zla 3 g\u00fcn boyunca sohbet edecekler. T\u00fcm Tarsuslular\u0131 buraya davet ediyorum. Ayr\u0131ca 3 Ocak Mersin&#8217;in Kurtulu\u015fu. Orada da bu \u015fekilde bir etkinlik \u00e7ad\u0131r\u0131 olu\u015fturduk. 5 g\u00fcn de orada etkinliklerimiz devam edecek&#8221; dedi.<\/p>\n<p>&#8220;Vatanda\u015flar\u0131m\u0131z\u0131 3 Ocak&#8217;ta Cumhuriyet Alan\u0131&#8217;ndaki temel atma t\u00f6renine davet ediyorum&#8221;<\/p>\n<p>Ba\u015fkan Se\u00e7er, 3 Ocak&#8217;\u0131n Mersin&#8217;de rayl\u0131 sistemler d\u00f6nemini ba\u015flatacaklar\u0131 tarih oldu\u011funu ifade ederek, &#8220;Dedik ki, &#8216;bu \u00f6nemli yat\u0131r\u0131m\u0131n ilk kazmas\u0131n\u0131 kurutulu\u015fumuzun 100&#8217;\u00fcnc\u00fc y\u0131l\u0131nda vural\u0131m. Bir de\u011feri, bir anlam\u0131 olsun.&#8217; B\u00fct\u00fcn vatanda\u015flar\u0131m\u0131z\u0131 3 Ocak&#8217;ta Mersin&#8217;de, Cumhuriyet Alan\u0131&#8217;nda yapaca\u011f\u0131m\u0131z temel atma t\u00f6renine davet ediyorum. \u00c7ok k\u0131sa s\u00fcre i\u00e7erisinde ilk etab\u0131 13.4 kilometre olan yer alt\u0131 metrosunu Mersinimize kavu\u015fturaca\u011f\u0131z. Her alanda yat\u0131r\u0131mlar\u0131m\u0131z devam edecek&#8221; dedi.<\/p>\n<p>&#8220;2022 y\u0131l\u0131n\u0131 &#8216;kentine inan\u00e7 ve umut y\u0131l\u0131&#8217; olarak ilan ediyoruz&#8221;<\/p>\n<p>Belediyecili\u011fin insana dokunmak oldu\u011funu belirten Ba\u015fkan Se\u00e7er, d\u00fcn oldu\u011fu gibi bug\u00fcn de vatanda\u015flar\u0131n yan\u0131nda durarek, sosyal politikalar\u0131 en azami \u015fekilde s\u00fcrd\u00fcreceklerini s\u00f6yledi. 2021 y\u0131l\u0131n\u0131 &#8216;sevgi ve iyile\u015fme y\u0131l\u0131&#8217; olarak ilan ettiklerini an\u0131msatan Ba\u015fkan Se\u00e7er, &#8220;2022 y\u0131l\u0131 i\u00e7in de kentimize inanmal\u0131y\u0131z, kendimize inanmal\u0131y\u0131z, \u00fclkemize inanmal\u0131y\u0131z ki ba\u015far\u0131l\u0131 olal\u0131m. Ve umut ta\u015f\u0131mal\u0131y\u0131z. 2022 y\u0131l\u0131n\u0131 da Mersin B\u00fcy\u00fck\u015fehir Belediyesi olarak, &#8216;kentine inan\u00e7 ve umut y\u0131l\u0131&#8217; olarak ilan ediyoruz&#8221; dedi.<\/p>\n<p>Ba\u015fkan Se\u00e7er hem Tarsus&#8217;un hem de Mersin&#8217;in kurtulu\u015f y\u0131l d\u00f6n\u00fcmlerini kutlayarak, &#8220;Allah bir daha bu topraklar \u00fczerinde bizi i\u015fgalcilerle m\u00fccadele etmeye zorunlu b\u0131rakmas\u0131n. \u00d6zg\u00fcr, tam ba\u011f\u0131ms\u0131z, y\u00fcz\u00fc bat\u0131ya d\u00f6n\u00fck; biz Mustafa Kemal Atat\u00fcrk&#8217;\u00fcn pe\u015finden giden, onun \u00fclk\u00fcs\u00fcn\u00fc \u015fiar edinen, onun kurdu\u011fu siyasi partide halk\u0131na hizmet eden siyaset\u00e7ileriz. Bizim Mustafa Kemal Atat\u00fcrk&#8217;ten ayr\u0131 d\u00fc\u015f\u00fcnmemizi kimse bekleyemez. Ya\u015fas\u0131n T\u00fcrkiye Cumhuriyeti, ya\u015fas\u0131n Mustafa Kemal Atat\u00fcrk ve onun silah arkada\u015flar\u0131. Ba\u015fta Ulu \u00d6nder olmak \u00fczere ebediyete intikal etmi\u015f t\u00fcm \u015fehitlerimizin \u00f6n\u00fcnde sayg\u0131yla e\u011filiyorum. Hepsine Allah&#8217;tan rahmet diliyorum. \u00dclkemiz i\u00e7in Gazi olmu\u015f yurtta\u015flar\u0131m\u0131za da \u015f\u00fckranlar\u0131m\u0131 ifade ediyorum&#8221; diye konu\u015ftu.<\/p>\n<p>Ba\u015far\u0131r: &#8220;Umar\u0131m 100 y\u0131l de\u011fil, binlerce y\u0131l kutlayaca\u011f\u0131z bu kutlu g\u00fcnleri&#8221;<\/p>\n<p>CHP Parti Meclisi \u00dcyesi ve Mersin Milletvekili Ali Mahir Ba\u015far\u0131r, Tarsus&#8217;un kurtulu\u015f g\u00fcn\u00fcn\u00fc gururla kutlad\u0131\u011f\u0131n\u0131 ifade ederek,  &#8220;Bu topraklar\u0131, bu vatan\u0131 hep beraber karde\u015f\u00e7e kurtard\u0131k ve y\u00fcz y\u0131ld\u0131r da mutlu bir \u015fekilde huzurla ya\u015f\u0131yoruz. O y\u00fczden \u00fclkenin b\u00fct\u00fcnl\u00fc\u011f\u00fcn\u00fc, bu topraklar\u0131n onurunu korumak en fazla bizlere d\u00fc\u015fer. Umar\u0131m 100 y\u0131l de\u011fil, binlerce y\u0131l kutlayaca\u011f\u0131z bu kutlu g\u00fcnleri&#8221; dedi.<\/p>\n<p>Antmen: &#8220;Ba\u015far\u0131larla, mutluluklarla dolu nice y\u0131l d\u00f6n\u00fcmleri diliyorum&#8221;<\/p>\n<p>CHP Mersin Milletvekili Alpay Antmen, Ulu \u00d6nder Mustafa Kemal Atat\u00fcrk ba\u015fta olmak \u00fczere t\u00fcm Kurtulu\u015f Sava\u015f\u0131 \u015fehitlerini rahmetle ve minnetle anarken, gazileri de sayg\u0131yla and\u0131\u011f\u0131n\u0131 ifade etti. Antmen, &#8220;B\u00fcy\u00fck\u015fehir Belediyemiz ve B\u00fcy\u00fck\u015fehir Belediye Ba\u015fkan\u0131m\u0131z sevgili Vahap Se\u00e7er&#8217;in Mersin, Tarsus ve t\u00fcm il\u00e7elerde g\u00f6sterdi\u011fi ve belediyecilikte \u00e7\u0131\u011f\u0131r a\u00e7an uygulamalar\u0131 i\u00e7in te\u015fekk\u00fcrlerimle birlikte nice b\u00f6yle g\u00fczel g\u00fcnlerde ba\u015far\u0131larla, mutluluklarla dolu, nice y\u0131l d\u00f6n\u00fcmleri diliyorum&#8221; diye konu\u015ftu.<\/p>\n<p>Aktay: &#8220;Tarsuslular\u0131n k\u0131ymetini bilmek Cumhuriyetimizin k\u0131ymetini bilmek demektir&#8221;<\/p>\n<p>CHP Mersin \u0130l Ba\u015fkan\u0131 Adil Aktay ise &#8220;Binlerce y\u0131ll\u0131k bar\u0131\u015f ve uygarl\u0131k kenti Tarsus, ba\u011f\u0131ms\u0131zl\u0131k m\u00fccadelemizin en k\u0131ymetli simgelerinden biridir. Ne pahas\u0131na olursa olsun yurdunu savunma azim ve karar\u0131n\u0131n bu u\u011furda b\u00fct\u00fcnle\u015fmesinin ad\u0131d\u0131r Tarsus. Y\u00fcz y\u0131l \u00f6nce bug\u00fcn i\u015fgalcileri geldikleri yere g\u00f6ndermi\u015f, \u00f6zg\u00fcr ve mutlu bir \u00fclkeye giden yolun a\u00e7\u0131lmas\u0131nda hayati bir g\u00f6rev \u00fcstlenmi\u015flerdir ve Tarsuslular\u0131n k\u0131ymetini bilmek \u00f6zg\u00fcrl\u00fc\u011f\u00fcm\u00fcz\u00fcn, ba\u011f\u0131ms\u0131zl\u0131\u011f\u0131m\u0131z\u0131n, Cumhuriyetimizin k\u0131ymetini bilmek demektir&#8221; dedi. Aktay, Tarsus&#8217;un kurtulu\u015funun 100. y\u0131l\u0131n\u0131 kutlayarak, t\u00fcm Kurtulu\u015f Sava\u015f\u0131 \u015fehit ve gazilerini sayg\u0131 ve minnetle and\u0131\u011f\u0131n\u0131 s\u00f6zlerine ekledi.<\/p>\n<p>Konu\u015fmalar\u0131n ard\u0131ndan Ba\u015fkan Se\u00e7er ve protokol \u00fcyeleri taraf\u0131ndan a\u00e7\u0131l\u0131\u015f kurdelesi kesildi. Ba\u015fkan Se\u00e7er Etkinlik Alan\u0131&#8217;ndaki &#8216;Milli M\u00fccadele&#8217;, &#8216;Y\u00fczy\u0131l&#8217; ve &#8216;Mersin&#8217;in Haf\u0131zas\u0131&#8217; sergilerini gezerken, VR Mersin ile de sanal turda gezinti yapt\u0131. Ba\u015fkan Se\u00e7er, ard\u0131ndan Yazar ve Sunucu Metin Uca taraf\u0131ndan verilen &#8216;Ah Hallerimiz, Vah Hallerimiz&#8217; konulu s\u00f6yle\u015fiyi dinledi. Etkinlik Alan\u0131&#8217;ndaki m\u00fczikli \u015fiir dinletisinin ard\u0131ndan \u0130smail K\u00fcn&#8217;\u00fcn moderat\u00f6rl\u00fc\u011f\u00fcnde, Remzi Karabulut, \u00dcmit Aslan ve Orhan K\u0131r taraf\u0131ndan &#8216;Tarsus&#8217;ta K\u00fclt\u00fcr ve Sanat\u0131n 100 Y\u0131ll\u0131k Ser\u00fcveni&#8217; konulu s\u00f6yle\u015fi ger\u00e7ekle\u015ftirildi. 26 ve 27 Aral\u0131k tarihlerinde de s\u00f6yle\u015filer ve m\u00fczikli \u015fiir dinletileri ile &#8216;Tarsus&#8217;un Kurtulu\u015f Haftas\u0131 Kutlamalar\u0131&#8217; co\u015fku ile devam edecek.<\/p>\n<p>&#8220;Tarsus&#8217;ta ilk defa b\u00f6yle bir etkinlikle kar\u015f\u0131la\u015f\u0131yorum&#8221;<\/p>\n<p>Etkinlik alan\u0131nda kurulan &#8216;VR Mersin&#8217;de kentin t\u00fcm tarihi ve do\u011fal zenginliklerinde sanal bir gezinti yapma imkan\u0131 bulan Teslime G\u00f6ren, &#8220;G\u00f6r\u00fcnt\u00fcler inan\u0131lmaz g\u00fczeldi. B\u00f6yle bir sergiden gurur duydum. B\u00f6yle bir sergi d\u00fczenledikleri i\u00e7in te\u015fekk\u00fcr ederim&#8221; dedi.<\/p>\n<p>&#8220;Torunumla birlikte geldik, tarihimizi \u00f6\u011frenmesi laz\u0131m&#8221;<\/p>\n<p>Etkinlik alan\u0131na torunu Kumsal Melek ile birlikte gelerek sergiyi gezen Meral Tok ise &#8220;\u00c7ok mutluyuz. Devam\u0131n\u0131 diliyoruz. B\u00fcy\u00fck\u015fehir Belediyesi&#8217;ne \u00e7al\u0131\u015fmalar\u0131ndan dolay\u0131 te\u015fekk\u00fcr ediyoruz. Torunumla birlikte geldik, tarihimizi \u00f6\u011frenmesi laz\u0131m&#8221; ifadelerini kulland\u0131.<\/p>\n<p>Vatanda\u015flardan Yusuf Y\u0131lmaz da &#8220;Tarsus&#8217;ta ilk defa b\u00f6yle bir etkinlikle kar\u015f\u0131la\u015f\u0131yorum. Her t\u00fcrl\u00fc etkinlik yap\u0131l\u0131yor. Gerek sosyal, gerek m\u00fczikal, gerek e\u011flence falan ama Tarsus&#8217;ta ilk defa bu \u015fekilde detayl\u0131 bir etkinlik g\u00f6r\u00fcyorum. Farkl\u0131 bir atmosfer; resimlerle, \u00e7izimlerle, a\u00e7\u0131klamalar\u0131yla, tarihleriyle birlikte. Allah bir daha \u00fclkemize Kurtulu\u015f Sava\u015f\u0131 gibi bir sava\u015f, yurdumuzun i\u015fgal edildi\u011fi bir olay ya\u015fatmas\u0131n&#8221; dedi.<\/p>\n","protected":false},"excerpt":{"rendered":"<p>Mersin B\u00fcy\u00fck\u015fehir Belediye Ba\u015fkan\u0131 Vahap Se\u00e7er, B\u00fcy\u00fck\u015fehir Belediyesi taraf\u0131ndan &#8220;Tarsus&#8217;un Kurtulu\u015f Haftas\u0131 Kutlamalar\u0131&#8221; kapsam\u0131nda haz\u0131rlanan &#8216;Tarsus 100. Y\u0131l Etkinlik Alan\u0131&#8217;n\u0131n a\u00e7\u0131l\u0131\u015f\u0131n\u0131 ger\u00e7ekle\u015ftirdi. Ba\u015fkan Se\u00e7er, atalar\u0131ndan miras kalan kadim topraklarda ya\u015fad\u0131klar\u0131n\u0131 &hellip; <a href=\"https:\/\/akdenizolaygazetesi.com\/?p=15816\" class=\"more-link\">Devam\u0131n\u0131 Oku&#8230;<\/a><\/p>\n","protected":false},"author":2,"featured_media":15817,"comment_status":"open","ping_status":"open","sticky":false,"template":"","format":"standard","meta":[],"categories":[2,3,5],"tags":[],"_links":{"self":[{"href":"https:\/\/akdenizolaygazetesi.com\/index.php?rest_route=\/wp\/v2\/posts\/15816"}],"collection":[{"href":"https:\/\/akdenizolaygazetesi.com\/index.php?rest_route=\/wp\/v2\/posts"}],"about":[{"href":"https:\/\/akdenizolaygazetesi.com\/index.php?rest_route=\/wp\/v2\/types\/post"}],"author":[{"embeddable":true,"href":"https:\/\/akdenizolaygazetesi.com\/index.php?rest_route=\/wp\/v2\/users\/2"}],"replies":[{"embeddable":true,"href":"https:\/\/akdenizolaygazetesi.com\/index.php?rest_route=%2Fwp%2Fv2%2Fcomments&post=15816"}],"version-history":[{"count":1,"href":"https:\/\/akdenizolaygazetesi.com\/index.php?rest_route=\/wp\/v2\/posts\/15816\/revisions"}],"predecessor-version":[{"id":15818,"href":"https:\/\/akdenizolaygazetesi.com\/index.php?rest_route=\/wp\/v2\/posts\/15816\/revisions\/15818"}],"wp:featuredmedia":[{"embeddable":true,"href":"https:\/\/akdenizolaygazetesi.com\/index.php?rest_route=\/wp\/v2\/media\/15817"}],"wp:attachment":[{"href":"https:\/\/akdenizolaygazetesi.com\/index.php?rest_route=%2Fwp%2Fv2%2Fmedia&parent=15816"}],"wp:term":[{"taxonomy":"category","embeddable":true,"href":"https:\/\/akdenizolaygazetesi.com\/index.php?rest_route=%2Fwp%2Fv2%2Fcategories&post=15816"},{"taxonomy":"post_tag","embeddable":true,"href":"https:\/\/akdenizolaygazetesi.com\/index.php?rest_route=%2Fwp%2Fv2%2Ftags&post=15816"}],"curies":[{"name":"wp","href":"https:\/\/api.w.org\/{rel}","templated":true}]}}