{"id":15819,"date":"2021-12-26T11:07:58","date_gmt":"2021-12-26T08:07:58","guid":{"rendered":"http:\/\/akdenizolaygazetesi.com\/?p=15819"},"modified":"2021-12-26T11:07:58","modified_gmt":"2021-12-26T08:07:58","slug":"sariagac-sakinlerinin-musluklarindan-artik-su-akacak","status":"publish","type":"post","link":"https:\/\/akdenizolaygazetesi.com\/?p=15819","title":{"rendered":"SARIA\u011eA\u00c7 SAK\u0130NLER\u0130N\u0130N MUSLUKLARINDAN ARTIK SU AKACAK"},"content":{"rendered":"<p>Mersin B\u00fcy\u00fck\u015fehir Belediyesi Mersin Su ve Kanalizasyon \u0130daresi (MESK\u0130) Genel M\u00fcd\u00fcrl\u00fc\u011f\u00fc, Anamur il\u00e7esi Sar\u0131a\u011fa\u00e7 Mahallesi i\u00e7mesuyu terfi ve \u015febeke hatt\u0131 yap\u0131m i\u015fine devam ediyor.<\/p>\n<p>Vatanda\u015flar\u0131n uzun y\u0131llard\u0131r s\u00fcren i\u00e7mesuyu hasreti son buluyor<\/p>\n<p>Sar\u0131a\u011fa\u00e7 Mahallesi&#8217;nde ya\u015fayan mahalle sakinleri, i\u00e7mesuyu ihtiya\u00e7lar\u0131n\u0131 uzun y\u0131llard\u0131r kendi imkanlar\u0131yla kar\u015f\u0131l\u0131yordu. Bunun \u00fczerine h\u0131zl\u0131ca projelendirme \u00e7al\u0131\u015fmalar\u0131n\u0131 tamamlayan MESK\u0130, b\u00f6lgenin i\u00e7mesuyu sorununu \u00e7\u00f6zecek faaliyetlerine ba\u015flad\u0131. \u00c7al\u0131\u015fmalar\u0131n tamamlanmas\u0131yla vatanda\u015flar uzun s\u00fcredir hasretini \u00e7ektikleri i\u00e7mesuyuna kavu\u015facak. MESK\u0130&#8217;nin yat\u0131r\u0131m bedeli 1 milyon 412 bin lira olan yap\u0131m i\u015fi kapsam\u0131nda; 3 bin 442 metre HDPE boru, 1347 metre \u00e7elik boru, 50 metrek\u00fcp i\u00e7mesuyu deposu, 2 adet bas\u0131n\u00e7 k\u0131r\u0131c\u0131 vana odas\u0131, 1 adet tahliye odas\u0131, 1 adet terfi merkezi ile abone ba\u011flant\u0131lar\u0131n\u0131n yap\u0131lmas\u0131 planlan\u0131yor.<\/p>\n<p>&#8220;Ba\u015fkan\u0131m\u0131z sayesinde suyumuz da geliyor&#8221;<\/p>\n<p>Mahalle sakini 2 \u00e7ocuk annesi Ay\u015fe Ya\u011fc\u0131, hayvanc\u0131l\u0131kla u\u011fra\u015ft\u0131\u011f\u0131n\u0131 belirterek, Mersin B\u00fcy\u00fck\u015fehir Belediye Ba\u015fkan\u0131 Vahap Se\u00e7er&#8217;in k\u0131rsal kalk\u0131nmay\u0131 hedefleyen ve vatanda\u015flar taraf\u0131ndan b\u00fcy\u00fck be\u011feni toplayan &#8216;Haydi Gel K\u00f6y\u00fcm\u00fcze Destek Verelim Projesi&#8217;nden yararland\u0131\u011f\u0131n\u0131 vurgulad\u0131. Ya\u011fc\u0131, &#8220;Su s\u0131k\u0131nt\u0131m\u0131z var. 2 senedir sorun ya\u015f\u0131yoruz. A\u015fa\u011f\u0131daki mahalleden getiriyoruz i\u00e7mesuyumuzu. Hayvanlar\u0131 da i\u015fte derelerde ya da dinamoyla su bas\u0131p \u00f6yle suluyoruz. Allah izin verirse suyumuz da \u00e7\u00f6z\u00fclecek. Ba\u015fkan\u0131m\u0131z sayesinde suyumuz da geliyor. En k\u0131sa zamanda in\u015fallah gelir. F\u0131\u00e7\u0131larla ta\u015f\u0131yoruz sular\u0131, f\u0131\u00e7\u0131lara dolduruyoruz. Getirip kazanlara ekliyoruz. Ondan sonra orada \u00e7ama\u015f\u0131r\u0131 le\u011fenlerde y\u0131k\u0131yoruz. Baya\u011f\u0131 bir su s\u0131k\u0131nt\u0131m\u0131z var. Hayvanlar\u0131m\u0131z sudan \u00e7ok s\u0131k\u0131\u015f\u0131yor. \u0130n\u015fallah Ba\u015fkan\u0131m\u0131z da en tez zamanda getirir suyu. \u00d6ncelikle te\u015fekk\u00fcr ediyoruz. Kad\u0131nlara da arka \u00e7\u0131k\u0131yor, yard\u0131mlar\u0131n\u0131 esirgemiyor&#8221; dedi.<\/p>\n<p>Hayri Ya\u011fc\u0131, 1938 do\u011fumlu oldu\u011funu, 10 \u00e7ocu\u011funun bulundu\u011funu dile getirerek, &#8220;Daha \u00f6nceleri bu derelerin her taraf\u0131 suydu. 30 senedir kar ya\u011fmaz oldu. Sular da \u00e7ekildi. Sudan \u00e7ok s\u0131k\u0131nt\u0131l\u0131y\u0131z. Ya\u011fmur ya\u011fmaz oldu. Her taraf kurakl\u0131k. 30 haneli bir mahalleydi, k\u00f6yd\u00fc buras\u0131. Ama ne yaz\u0131k ki kurakl\u0131ktan kimisi g\u00f6\u00e7t\u00fc gitti. Evleri durur. Elektrik abonelikleri hepsinin yap\u0131l\u0131. Su yok. Susuzluktan darmada\u011f\u0131n oldu k\u00f6y. Ama su gelse herkesin geri d\u00f6nece\u011fine inan\u0131yorum. \u0130n\u015fallah Belediyemiz buraya suyu verecek. \u0130n\u015faat\u0131 ba\u015flad\u0131. Ondan \u00e7ok memnunuz. B\u00fcy\u00fck\u015fehir Belediyesi Ba\u015fkan\u0131 Vahap Se\u00e7er&#8217;e \u00e7ok te\u015fekk\u00fcrlerimi, \u015f\u00fckranlar\u0131m\u0131 sunuyorum&#8221; diye konu\u015ftu.<\/p>\n","protected":false},"excerpt":{"rendered":"<p>Mersin B\u00fcy\u00fck\u015fehir Belediyesi Mersin Su ve Kanalizasyon \u0130daresi (MESK\u0130) Genel M\u00fcd\u00fcrl\u00fc\u011f\u00fc, Anamur il\u00e7esi Sar\u0131a\u011fa\u00e7 Mahallesi i\u00e7mesuyu terfi ve \u015febeke hatt\u0131 yap\u0131m i\u015fine devam ediyor. Vatanda\u015flar\u0131n uzun y\u0131llard\u0131r s\u00fcren i\u00e7mesuyu hasreti &hellip; <a href=\"https:\/\/akdenizolaygazetesi.com\/?p=15819\" class=\"more-link\">Devam\u0131n\u0131 Oku&#8230;<\/a><\/p>\n","protected":false},"author":2,"featured_media":15820,"comment_status":"open","ping_status":"open","sticky":false,"template":"","format":"standard","meta":[],"categories":[2,3],"tags":[],"_links":{"self":[{"href":"https:\/\/akdenizolaygazetesi.com\/index.php?rest_route=\/wp\/v2\/posts\/15819"}],"collection":[{"href":"https:\/\/akdenizolaygazetesi.com\/index.php?rest_route=\/wp\/v2\/posts"}],"about":[{"href":"https:\/\/akdenizolaygazetesi.com\/index.php?rest_route=\/wp\/v2\/types\/post"}],"author":[{"embeddable":true,"href":"https:\/\/akdenizolaygazetesi.com\/index.php?rest_route=\/wp\/v2\/users\/2"}],"replies":[{"embeddable":true,"href":"https:\/\/akdenizolaygazetesi.com\/index.php?rest_route=%2Fwp%2Fv2%2Fcomments&post=15819"}],"version-history":[{"count":1,"href":"https:\/\/akdenizolaygazetesi.com\/index.php?rest_route=\/wp\/v2\/posts\/15819\/revisions"}],"predecessor-version":[{"id":15821,"href":"https:\/\/akdenizolaygazetesi.com\/index.php?rest_route=\/wp\/v2\/posts\/15819\/revisions\/15821"}],"wp:featuredmedia":[{"embeddable":true,"href":"https:\/\/akdenizolaygazetesi.com\/index.php?rest_route=\/wp\/v2\/media\/15820"}],"wp:attachment":[{"href":"https:\/\/akdenizolaygazetesi.com\/index.php?rest_route=%2Fwp%2Fv2%2Fmedia&parent=15819"}],"wp:term":[{"taxonomy":"category","embeddable":true,"href":"https:\/\/akdenizolaygazetesi.com\/index.php?rest_route=%2Fwp%2Fv2%2Fcategories&post=15819"},{"taxonomy":"post_tag","embeddable":true,"href":"https:\/\/akdenizolaygazetesi.com\/index.php?rest_route=%2Fwp%2Fv2%2Ftags&post=15819"}],"curies":[{"name":"wp","href":"https:\/\/api.w.org\/{rel}","templated":true}]}}