{"id":1582,"date":"2020-11-04T18:22:08","date_gmt":"2020-11-04T15:22:08","guid":{"rendered":"http:\/\/mersinekonomipolitikagazetesi.com\/?p=1582"},"modified":"2020-11-04T18:22:08","modified_gmt":"2020-11-04T15:22:08","slug":"engelli-tuketiciler-alisverislerde-karsilastiklari-zorluklari-anlatti","status":"publish","type":"post","link":"https:\/\/akdenizolaygazetesi.com\/?p=1582","title":{"rendered":"Engelli t\u00fcketiciler al\u0131\u015fveri\u015flerde kar\u015f\u0131la\u015ft\u0131klar\u0131 zorluklar\u0131 anlatt\u0131"},"content":{"rendered":"<p>D\u00fcnya T\u00fcketiciler G\u00fcn\u00fc dolay\u0131s\u0131yla Mersin Ticaret M\u00fcd\u00fcrl\u00fc\u011f\u00fc taraf\u0131ndan haz\u0131rlanan &#8220;Engelsiz T\u00fcketici Projesi&#8221; kapsam\u0131nda engelli vatanda\u015flar, al\u0131\u015fveri\u015flerde kar\u015f\u0131la\u015ft\u0131klar\u0131 sorunlar\u0131 i\u00e7eren bro\u015f\u00fcrleri ma\u011fazalara da\u011f\u0131tt\u0131.<\/p>\n<p><span style=\"font-size:16px;\"><span style=\"font-family: sans-serif; line-height: 20px; text-align: justify; background-color: rgb(242, 244, 245);\">D\u00fcnya T\u00fcketiciler G\u00fcn\u00fc etkinlikleri kapsam\u0131nda d\u00fczenlenen etkinliklerde engelli bireyler, \u00f6zellikle vatanda\u015flar\u0131n yo\u011fun oldu\u011fu al\u0131\u015fveri\u015f merkezlerindeki ma\u011fazalar\u0131 gezerek, bro\u015f\u00fcrler da\u011f\u0131tt\u0131. Engelli vatanda\u015flar\u0131n kar\u015f\u0131la\u015ft\u0131klar\u0131 sorunlar ve \u00e7\u00f6z\u00fcm \u00f6nerileri ba\u015fl\u0131\u011f\u0131yla haz\u0131rlanan bro\u015f\u00fcrler tek tek hem al\u0131\u015fveri\u015f yapmaya gelen vatanda\u015flara hemde \u00e7al\u0131\u015fanlara verildi.\u00a0<\/span><br style=\"box-sizing: border-box; font-family: sans-serif; font-size: 14px; line-height: 20px; text-align: justify; background-color: rgb(242, 244, 245);\" \/><br \/>\n<span style=\"font-family: sans-serif; line-height: 20px; text-align: justify; background-color: rgb(242, 244, 245);\">\u0130l Ticaret M\u00fcd\u00fcr Vekili Hac\u0131 Akif Y\u0131ld\u0131z, projenin \u00f6ncelikli amac\u0131n\u0131n engelli t\u00fcketicilerin al\u0131\u015fveri\u015flerde kar\u015f\u0131la\u015ft\u0131\u011f\u0131 sorunlara bir nebzede \u0131\u015f\u0131k olabilmek ve kurum olarak sat\u0131c\u0131 ile vatanda\u015f aras\u0131nda bir k\u00f6pr\u00fc olu\u015fturabilmek oldu\u011funu s\u00f6yledi.\u00a0<\/span><\/span><\/p>\n","protected":false},"excerpt":{"rendered":"<p>D\u00fcnya T\u00fcketiciler G\u00fcn\u00fc dolay\u0131s\u0131yla Mersin Ticaret M\u00fcd\u00fcrl\u00fc\u011f\u00fc taraf\u0131ndan haz\u0131rlanan &#8220;Engelsiz T\u00fcketici Projesi&#8221; kapsam\u0131nda engelli vatanda\u015flar, al\u0131\u015fveri\u015flerde kar\u015f\u0131la\u015ft\u0131klar\u0131 sorunlar\u0131 i\u00e7eren bro\u015f\u00fcrleri ma\u011fazalara da\u011f\u0131tt\u0131. D\u00fcnya T\u00fcketiciler G\u00fcn\u00fc etkinlikleri kapsam\u0131nda d\u00fczenlenen etkinliklerde engelli &hellip; <a href=\"https:\/\/akdenizolaygazetesi.com\/?p=1582\" class=\"more-link\">Devam\u0131n\u0131 Oku&#8230;<\/a><\/p>\n","protected":false},"author":1,"featured_media":0,"comment_status":"open","ping_status":"open","sticky":false,"template":"","format":"standard","meta":[],"categories":[],"tags":[],"_links":{"self":[{"href":"https:\/\/akdenizolaygazetesi.com\/index.php?rest_route=\/wp\/v2\/posts\/1582"}],"collection":[{"href":"https:\/\/akdenizolaygazetesi.com\/index.php?rest_route=\/wp\/v2\/posts"}],"about":[{"href":"https:\/\/akdenizolaygazetesi.com\/index.php?rest_route=\/wp\/v2\/types\/post"}],"author":[{"embeddable":true,"href":"https:\/\/akdenizolaygazetesi.com\/index.php?rest_route=\/wp\/v2\/users\/1"}],"replies":[{"embeddable":true,"href":"https:\/\/akdenizolaygazetesi.com\/index.php?rest_route=%2Fwp%2Fv2%2Fcomments&post=1582"}],"version-history":[{"count":0,"href":"https:\/\/akdenizolaygazetesi.com\/index.php?rest_route=\/wp\/v2\/posts\/1582\/revisions"}],"wp:attachment":[{"href":"https:\/\/akdenizolaygazetesi.com\/index.php?rest_route=%2Fwp%2Fv2%2Fmedia&parent=1582"}],"wp:term":[{"taxonomy":"category","embeddable":true,"href":"https:\/\/akdenizolaygazetesi.com\/index.php?rest_route=%2Fwp%2Fv2%2Fcategories&post=1582"},{"taxonomy":"post_tag","embeddable":true,"href":"https:\/\/akdenizolaygazetesi.com\/index.php?rest_route=%2Fwp%2Fv2%2Ftags&post=1582"}],"curies":[{"name":"wp","href":"https:\/\/api.w.org\/{rel}","templated":true}]}}