{"id":15823,"date":"2021-12-27T12:22:38","date_gmt":"2021-12-27T09:22:38","guid":{"rendered":"http:\/\/akdenizolaygazetesi.com\/?p=15823"},"modified":"2021-12-27T12:22:38","modified_gmt":"2021-12-27T09:22:38","slug":"gunes-mahallesindeki-evler-de-artik-bir-atolye","status":"publish","type":"post","link":"https:\/\/akdenizolaygazetesi.com\/?p=15823","title":{"rendered":"G\u00dcNE\u015e MAHALLES\u0130&#8217;NDEK\u0130 EVLER DE ARTIK B\u0130R AT\u00d6LYE"},"content":{"rendered":"<p>Mersin B\u00fcy\u00fck\u015fehir Belediyesi Kad\u0131n ve Aile Hizmetleri Dairesi Ba\u015fkanl\u0131\u011f\u0131 G\u00f6n\u00fcll\u00fcler \u015eube M\u00fcd\u00fcrl\u00fc\u011f\u00fc taraf\u0131ndan y\u00fcr\u00fct\u00fclen &#8220;Evimiz At\u00f6lye&#8221; projesinin alan\u0131 her ge\u00e7en g\u00fcn geni\u015fliyor. Mersinden Kad\u0131n Kooperatifi&#8217;nin de payda\u015f oldu\u011fu projenin 5&#8217;inci adresi Akdeniz il\u00e7esi G\u00fcne\u015f Mahallesi oldu. 4 haftal\u0131k e\u011fitim s\u00fcrecini tamamlayan 63 kad\u0131n, oyuncak \u00fcretimine ba\u015flad\u0131.<br \/>\nKad\u0131nlar 4 haftal\u0131k e\u011fitimi tamamlad\u0131<br \/>\nToroslar il\u00e7esi Mevlana, Akdeniz il\u00e7esi Turgutreis, Tarsus il\u00e7esi Ye\u015fil ve Erdemli il\u00e7esi T\u00f6m\u00fck Mahallelerinde s\u00fcrd\u00fcr\u00fclen projeye Akdeniz il\u00e7esi G\u00fcne\u015f Mahallesi de eklendi. B\u00fcy\u00fck\u015fehir Belediyesi&#8217;nin g\u00f6n\u00fcll\u00fc e\u011fitmenleri, projeye kat\u0131lan kad\u0131nlara 4 haftal\u0131k e\u011fitim verdi. Kad\u0131nlar, \u00e7oraptan oyuncak \u00fcretiminin p\u00fcf noktalar\u0131n\u0131 \u00f6\u011frendi. E\u011fitim s\u00fcrecinin ard\u0131ndan Mersinden Kad\u0131n Kooperatifi Ba\u015fkan\u0131 ve Mersin B\u00fcy\u00fck\u015fehir Belediyesi G\u00f6n\u00fcll\u00fcs\u00fc Meral Se\u00e7er&#8217;le bir araya gelen kad\u0131nlar, oyuncak \u00fcretimine ba\u015flayacak. \u00dcretilen oyuncaklar B\u00fcy\u00fck\u015fehir Belediyesi taraf\u0131ndan sat\u0131n al\u0131narak, kentteki \u00e7ocuklara da\u011f\u0131t\u0131lacak. Bu sayede evdeki gizli i\u015f g\u00fcc\u00fcn\u00fc a\u00e7\u0131\u011fa \u00e7\u0131kartan kad\u0131nlar, ev ekonomilerine de katk\u0131 sa\u011flayacak.<br \/>\n&#8220;\u00dcrettikleri \u00fcr\u00fcnlerin kar\u015f\u0131l\u0131\u011f\u0131nda bir gelirleri oluyor ve onlara bir \u00f6zg\u00fcven a\u015f\u0131l\u0131yor&#8221;<br \/>\nMeral Se\u00e7er, Evimiz At\u00f6lye projesinin 5&#8217;inci dura\u011f\u0131 olan G\u00fcne\u015f Mahallesi&#8217;nde kad\u0131nlarla bir araya geldiklerini belirterek, &#8220;Burada kad\u0131nlar\u0131m\u0131zla sohbet ettik. Bu projede ger\u00e7ekten ne kadar mutlu olduklar\u0131n\u0131 g\u00f6rd\u00fck. \u00c7\u00fcnk\u00fc evde gizli kad\u0131n i\u015f g\u00fcc\u00fcn\u00fcn ortaya \u00e7\u0131kmas\u0131n\u0131n, kendilerine ek gelir elde etmelerinin onlar i\u00e7in \u00e7ok mutluluk verici ve motive edici bir olay oldu\u011funu g\u00f6rd\u00fck. Ayr\u0131ca burada sosyalle\u015fmeleri ve daha farkl\u0131 projelerde de yer almak istemeleri bizim i\u00e7in sevindirici oldu. Evdeki gizli kad\u0131n i\u015f g\u00fcc\u00fcn\u00fcn ekonomik de\u011fere d\u00f6n\u00fc\u015fmesi, kad\u0131nlar\u0131n da kendilerini daha g\u00fc\u00e7l\u00fc hissetmelerine sebep oluyor. \u00c7\u00fcnk\u00fc kendi emekleriyle \u00fcrettikleri \u00fcr\u00fcnlerin kar\u015f\u0131l\u0131\u011f\u0131nda bir gelirleri oluyor ve onlara bir \u00f6zg\u00fcven a\u015f\u0131l\u0131yor. Daha fazla, daha farkl\u0131 \u015feyler yapmak istemeleri de bunun g\u00f6stergesi oluyor&#8221; dedi.<br \/>\nKendileri i\u00e7in de mutluluk verici ve motive edici bir proje oldu\u011funu s\u00f6zlerine ekleyen Meral Se\u00e7er, &#8220;Bu projemiz devam edecek. \u00d6zellikle dezavantajl\u0131 b\u00f6lgede ya\u015fayan kad\u0131nlar\u0131m\u0131z, arazisi, bah\u00e7esi, ba\u011f\u0131 olmayan yani evde s\u0131n\u0131rlanm\u0131\u015f olan kad\u0131nlar\u0131m\u0131z i\u00e7in bu t\u00fcr e\u011fitimler \u00e7ok \u00f6nemli ve s\u00fcrd\u00fcrmeye devam edece\u011fiz&#8221; diye konu\u015ftu.<br \/>\n&#8220;G\u00fcne\u015f Mahallesi&#8217;nde 4 hafta e\u011fitim verdik&#8221;<br \/>\nB\u00fcy\u00fck\u015fehir Belediyesi&#8217;nde G\u00f6n\u00fcll\u00fc E\u011fitmen M\u00fcge Erdin, G\u00fcne\u015f Mahallesi&#8217;nde s\u00fcrd\u00fcrd\u00fckleri \u00e7al\u0131\u015fmayla ilgili, &#8220;G\u00fcne\u015f Mahallesi&#8217;nde 4 hafta e\u011fitim verdik. Uyuyan bebek ve bebek \u00f6\u011frettik. \u015eimdi onlar\u0131n malzemelerini haz\u0131rlad\u0131k. Her bir \u00f6\u011frenciye 50&#8217;\u015fer bebek verece\u011fiz. 15 g\u00fcn s\u00fcre verece\u011fiz. Onu da gelip toplayaca\u011f\u0131z, \u00fccretlerini verecekler. Bebekleri alaca\u011f\u0131z&#8221; ifadelerine yer verdi.<br \/>\n&#8220;B\u00f6yle bir \u015feye ihtiyac\u0131m\u0131z vard\u0131&#8221;<br \/>\nProjeye kat\u0131lan kad\u0131nlardan Emine Fidan, bu tarz \u00e7al\u0131\u015fmalara hevesli oldu\u011funu vurgulayarak, &#8220;Bakt\u0131m burada da etkinlik var. Ben de geldim, kat\u0131ld\u0131m. Bize bu oyuncaklar\u0131 \u00f6\u011frettiler. 2-3 haftada \u00f6\u011frendik. Hocalar da yard\u0131mc\u0131 oldular. \u0130yi ge\u00e7ti, 3 hafta i\u00e7inde ba\u015fard\u0131k.  Zaten b\u00f6yle bir \u015feye ihtiyac\u0131m\u0131z vard\u0131. Vahap Ba\u015fkan&#8217;a b\u00f6yle bir etkinlik yapt\u0131\u011f\u0131 i\u00e7in te\u015fekk\u00fcr ederiz. Biz de evimize katk\u0131da bulunaca\u011f\u0131z onun sayesinde&#8221; dedi.<br \/>\nKad\u0131nlardan K\u0131ymet Riyal, &#8220;Geldik kay\u0131t olduk. Hocalar geldi, 3 haftad\u0131r geliyoruz. Bize kesmeyi, dikmeyi g\u00f6sterdiler. G\u00fczel bir i\u015f. Biz eskiden bilmiyorduk \u00e7oraptan b\u00f6yle \u015feylerin \u00e7\u0131kaca\u011f\u0131n\u0131&#8221; derken, Hatice Riyal ise &#8220;\u00c7orap olarak geldi. Hocam\u0131z \u00e7orab\u0131 g\u00f6sterdi. Biz de ayn\u0131 \u015fekilde diktik. Sonra pamukla doldurdu. Kafas\u0131n\u0131 da diktik&#8221; ifadelerine yer verdi.  <\/p>\n","protected":false},"excerpt":{"rendered":"<p>Mersin B\u00fcy\u00fck\u015fehir Belediyesi Kad\u0131n ve Aile Hizmetleri Dairesi Ba\u015fkanl\u0131\u011f\u0131 G\u00f6n\u00fcll\u00fcler \u015eube M\u00fcd\u00fcrl\u00fc\u011f\u00fc taraf\u0131ndan y\u00fcr\u00fct\u00fclen &#8220;Evimiz At\u00f6lye&#8221; projesinin alan\u0131 her ge\u00e7en g\u00fcn geni\u015fliyor. Mersinden Kad\u0131n Kooperatifi&#8217;nin de payda\u015f oldu\u011fu projenin 5&#8217;inci &hellip; <a href=\"https:\/\/akdenizolaygazetesi.com\/?p=15823\" class=\"more-link\">Devam\u0131n\u0131 Oku&#8230;<\/a><\/p>\n","protected":false},"author":2,"featured_media":15824,"comment_status":"open","ping_status":"open","sticky":false,"template":"","format":"standard","meta":[],"categories":[1,2,3],"tags":[],"_links":{"self":[{"href":"https:\/\/akdenizolaygazetesi.com\/index.php?rest_route=\/wp\/v2\/posts\/15823"}],"collection":[{"href":"https:\/\/akdenizolaygazetesi.com\/index.php?rest_route=\/wp\/v2\/posts"}],"about":[{"href":"https:\/\/akdenizolaygazetesi.com\/index.php?rest_route=\/wp\/v2\/types\/post"}],"author":[{"embeddable":true,"href":"https:\/\/akdenizolaygazetesi.com\/index.php?rest_route=\/wp\/v2\/users\/2"}],"replies":[{"embeddable":true,"href":"https:\/\/akdenizolaygazetesi.com\/index.php?rest_route=%2Fwp%2Fv2%2Fcomments&post=15823"}],"version-history":[{"count":1,"href":"https:\/\/akdenizolaygazetesi.com\/index.php?rest_route=\/wp\/v2\/posts\/15823\/revisions"}],"predecessor-version":[{"id":15825,"href":"https:\/\/akdenizolaygazetesi.com\/index.php?rest_route=\/wp\/v2\/posts\/15823\/revisions\/15825"}],"wp:featuredmedia":[{"embeddable":true,"href":"https:\/\/akdenizolaygazetesi.com\/index.php?rest_route=\/wp\/v2\/media\/15824"}],"wp:attachment":[{"href":"https:\/\/akdenizolaygazetesi.com\/index.php?rest_route=%2Fwp%2Fv2%2Fmedia&parent=15823"}],"wp:term":[{"taxonomy":"category","embeddable":true,"href":"https:\/\/akdenizolaygazetesi.com\/index.php?rest_route=%2Fwp%2Fv2%2Fcategories&post=15823"},{"taxonomy":"post_tag","embeddable":true,"href":"https:\/\/akdenizolaygazetesi.com\/index.php?rest_route=%2Fwp%2Fv2%2Ftags&post=15823"}],"curies":[{"name":"wp","href":"https:\/\/api.w.org\/{rel}","templated":true}]}}