{"id":1583,"date":"2020-11-04T18:22:08","date_gmt":"2020-11-04T15:22:08","guid":{"rendered":"http:\/\/mersinekonomipolitikagazetesi.com\/?p=1583"},"modified":"2020-11-04T18:22:08","modified_gmt":"2020-11-04T15:22:08","slug":"turk-is-adamlarindan-brezilya-ve-sili-cikarmasi","status":"publish","type":"post","link":"https:\/\/akdenizolaygazetesi.com\/?p=1583","title":{"rendered":"T\u00fcrk i\u015f adamlar\u0131ndan Brezilya ve \u015eili \u00e7\u0131karmas\u0131"},"content":{"rendered":"<p>Akdeniz Mobilya Ka\u011f\u0131t ve Orman \u00dcr\u00fcnleri \u0130hracat\u00e7\u0131lar\u0131 Birli\u011fi (AKAM\u0130B) Ba\u015fkan\u0131 B\u00fclent Aymen, Ekonomi Bakanl\u0131\u011f\u0131 koordinasyonunda, T\u00fcrkiye \u0130hracat\u00e7\u0131lar Meclisi organizasyonu ile Brezilya ve \u015eili&#8217;ye d\u00fczenlenen ziyaretlerin heyet ba\u015fkanl\u0131\u011f\u0131n\u0131 \u00fcstlendi.<\/p>\n<p><span style=\"font-size:16px;\"><span style=\"font-family: sans-serif; line-height: 20px; text-align: justify; background-color: rgb(242, 244, 245);\">Ziyaretler kapsam\u0131nda heyetin ilk dura\u011f\u0131 Brezilya\u2019n\u0131n ticari ba\u015fkenti San Paulo kenti oldu. Sao Paulo Ticaret Odas\u0131 Ba\u015fkan Vekili Roberto Ticoulat ile g\u00f6r\u00fc\u015fen heyet, fikir al\u0131\u015fveri\u015finde bulundu. Ziyarete Aymen&#8217;in yan\u0131 s\u0131ra, demir-\u00e7elik, haz\u0131r giyim ve tekstil, makine ve aksamlar\u0131, elektrik-elektronik, otomotiv, kozmetik, kimyevi \u00fcr\u00fcnler, \u00e7imento, madencilik, medikal, petro kimya, al\u00fcminyum, k\u00fc\u00e7\u00fck ev aletleri, ya\u015f meyve-sebze ile zeytin ve zeytinya\u011f\u0131 sekt\u00f6rlerinde faaliyet g\u00f6steren 21 firmadan 27 i\u015f adam\u0131 kat\u0131ld\u0131. Aymen, Brezilyal\u0131 kat\u0131l\u0131mc\u0131lara iki \u00fclke aras\u0131ndaki d\u0131\u015f ticaret verilerini aktararak, y\u00fcksek g\u00fcmr\u00fck vergilerinin daha makul seviyelere \u00e7ekilmesini ve tarife d\u0131\u015f\u0131 engellerin kald\u0131r\u0131lmas\u0131n\u0131 arzulad\u0131\u011f\u0131n\u0131 belirtti. Ziyarette ayr\u0131ca Aymen ve Roberto Ticoulat taraf\u0131ndan i\u015f birli\u011fi zapt\u0131 imzaland\u0131.\u00a0<\/span><br style=\"box-sizing: border-box; font-family: sans-serif; font-size: 14px; line-height: 20px; text-align: justify; background-color: rgb(242, 244, 245);\" \/><br \/>\n<span style=\"font-family: sans-serif; line-height: 20px; text-align: justify; background-color: rgb(242, 244, 245);\">Heyetin 2. dura\u011f\u0131 ise \u015eili\u2019nin ba\u015fkenti Santiago oldu. T\u00fcrkiye-\u015eili \u0130\u015f Forumu\u2019na 80 \u015eilili firma temsilcisi kat\u0131l\u0131m g\u00f6sterdi. Aymen, program kapsam\u0131nda \u015eili Sanayiciler Federasyonu&#8217;na (SOFOFA) bir nezaket ziyareti ger\u00e7ekle\u015ftirerek, s\u00f6z konusu kurumun \u00fcst d\u00fczey y\u00f6neticisi Manuel Jose Prieto ile bir toplant\u0131 ger\u00e7ekle\u015ftirdi. Aymen, iki \u00fclke olarak en b\u00fcy\u00fck hedefin 2012 y\u0131l\u0131nda yakalanan 650 milyon dolarl\u0131k ticaret hacminin \u00e7ok daha \u00fcst\u00fcne \u00e7\u0131kmak oldu\u011funu belirterek, 2017 y\u0131l\u0131nda yakalanan 520 milyon dolarl\u0131k hacmin iki \u00fclke aras\u0131nda yar\u0131 yar\u0131ya payla\u015f\u0131ld\u0131\u011f\u0131n\u0131n alt\u0131n\u0131 \u00e7izdi. Aymen, \u015eile ile ortak projeler y\u00fcr\u00fctebileceklerini de s\u00f6zlerine ekledi.\u00a0<\/span><\/span><\/p>\n","protected":false},"excerpt":{"rendered":"<p>Akdeniz Mobilya Ka\u011f\u0131t ve Orman \u00dcr\u00fcnleri \u0130hracat\u00e7\u0131lar\u0131 Birli\u011fi (AKAM\u0130B) Ba\u015fkan\u0131 B\u00fclent Aymen, Ekonomi Bakanl\u0131\u011f\u0131 koordinasyonunda, T\u00fcrkiye \u0130hracat\u00e7\u0131lar Meclisi organizasyonu ile Brezilya ve \u015eili&#8217;ye d\u00fczenlenen ziyaretlerin heyet ba\u015fkanl\u0131\u011f\u0131n\u0131 \u00fcstlendi. Ziyaretler kapsam\u0131nda &hellip; <a href=\"https:\/\/akdenizolaygazetesi.com\/?p=1583\" class=\"more-link\">Devam\u0131n\u0131 Oku&#8230;<\/a><\/p>\n","protected":false},"author":1,"featured_media":0,"comment_status":"open","ping_status":"open","sticky":false,"template":"","format":"standard","meta":[],"categories":[],"tags":[],"_links":{"self":[{"href":"https:\/\/akdenizolaygazetesi.com\/index.php?rest_route=\/wp\/v2\/posts\/1583"}],"collection":[{"href":"https:\/\/akdenizolaygazetesi.com\/index.php?rest_route=\/wp\/v2\/posts"}],"about":[{"href":"https:\/\/akdenizolaygazetesi.com\/index.php?rest_route=\/wp\/v2\/types\/post"}],"author":[{"embeddable":true,"href":"https:\/\/akdenizolaygazetesi.com\/index.php?rest_route=\/wp\/v2\/users\/1"}],"replies":[{"embeddable":true,"href":"https:\/\/akdenizolaygazetesi.com\/index.php?rest_route=%2Fwp%2Fv2%2Fcomments&post=1583"}],"version-history":[{"count":0,"href":"https:\/\/akdenizolaygazetesi.com\/index.php?rest_route=\/wp\/v2\/posts\/1583\/revisions"}],"wp:attachment":[{"href":"https:\/\/akdenizolaygazetesi.com\/index.php?rest_route=%2Fwp%2Fv2%2Fmedia&parent=1583"}],"wp:term":[{"taxonomy":"category","embeddable":true,"href":"https:\/\/akdenizolaygazetesi.com\/index.php?rest_route=%2Fwp%2Fv2%2Fcategories&post=1583"},{"taxonomy":"post_tag","embeddable":true,"href":"https:\/\/akdenizolaygazetesi.com\/index.php?rest_route=%2Fwp%2Fv2%2Ftags&post=1583"}],"curies":[{"name":"wp","href":"https:\/\/api.w.org\/{rel}","templated":true}]}}