{"id":15840,"date":"2021-12-28T12:23:32","date_gmt":"2021-12-28T09:23:32","guid":{"rendered":"http:\/\/akdenizolaygazetesi.com\/?p=15840"},"modified":"2021-12-28T12:23:32","modified_gmt":"2021-12-28T09:23:32","slug":"baskan-vekili-kurunun-moderatorlugunde-tarsusta-kuva-yi-milliye-soylesisi-gerceklestirildi","status":"publish","type":"post","link":"https:\/\/akdenizolaygazetesi.com\/?p=15840","title":{"rendered":"BA\u015eKAN VEK\u0130L\u0130 KURU&#8217;NUN MODERAT\u00d6RL\u00dc\u011e\u00dcNDE &#8216;TARSUS&#8217;TA KUVA-Y\u0130 M\u0130LL\u0130YE&#8217; S\u00d6YLE\u015e\u0130S\u0130 GER\u00c7EKLE\u015eT\u0130R\u0130LD\u0130"},"content":{"rendered":"<p>Mersin B\u00fcy\u00fck\u015fehir Belediye Ba\u015fkan Vekili \u00dcnzile Kuru, Tarsus&#8217;un d\u00fc\u015fman i\u015fgalinden kurtulu\u015funun 100. y\u0131l d\u00f6n\u00fcm\u00fc dolay\u0131s\u0131yla Tarsus Belediyesi ve Tarsus Kaymakaml\u0131\u011f\u0131 taraf\u0131ndan d\u00fczenlenen kutlama program\u0131na kat\u0131ld\u0131. Daha sonra &#8216;Tarsus 100. Y\u0131l Etkinlik Alan\u0131&#8217;nda Ba\u015fkan Vekili \u00dcnzile Kuru&#8217;nun moderat\u00f6rl\u00fc\u011f\u00fcnde Osman Homurlu&#8217;nun &#8216;Tarsus&#8217;ta Kuva-yi Milliye&#8217; konulu bir s\u00f6yle\u015fisi ger\u00e7ekle\u015fti. Ba\u015fkan Vekili \u00dcnzile Kuru &#8220;Tarihten alaca\u011f\u0131m\u0131z dersler var. Tarih bizim i\u00e7in gelece\u011fimizin bir g\u00f6stergesi&#8221; dedi.<br \/>\nKutlamalar temsili Milis Kuvvetleri&#8217;nin kar\u015f\u0131lanmas\u0131 ile ba\u015flad\u0131<br \/>\n\u0130lk olarak Aznakay Park\u0131&#8217;nda temsili Milis Kuvvetleri&#8217;nin kar\u015f\u0131lanmas\u0131n\u0131n ard\u0131ndan Cumhuriyet Meydan\u0131&#8217;na kadar y\u00fcr\u00fcy\u00fc\u015f ger\u00e7ekle\u015ftirildi. Y\u00fcr\u00fcy\u00fc\u015fe, Tarsuslu vatanda\u015flar da evlerinin balkonlar\u0131ndan ve pencerelerinden e\u015flik etti. Y\u00fcr\u00fcy\u00fc\u015f\u00fcn ard\u0131ndan kutlama program\u0131 Tarsus Cumhuriyet Meydan\u0131&#8217;nda Atat\u00fcrk An\u0131t\u0131&#8217;na \u00e7elenklerin sunulmas\u0131 ile devam etti.<br \/>\nPrograma Mersin B\u00fcy\u00fck\u015fehir Belediye Ba\u015fkan Vekili \u00dcnzile Kuru&#8217;nun yan\u0131 s\u0131ra, Tarsus Kaymakam\u0131 Kadir Sertel Otcu, Garnizon Komutan Vekili Y\u00fczba\u015f\u0131 K\u00fcr\u015fat Can, Tarsus Belediye Ba\u015fkan\u0131 Haluk Bozdo\u011fan, \u00c7aml\u0131yayla Belediye Ba\u015fkan\u0131 \u0130smail Tepeba\u011fl\u0131, milletvekilleri,  Tarsus Belediyesi Meclis \u00dcyeleri, siyasi partilerin il ve il\u00e7e temsilcileri, farkl\u0131 \u015fehirlerden gelen Kuvayi Milliye M\u00fccahitler Derne\u011fi temsilcileri ile kent protokol\u00fc ve \u00e7ok say\u0131da vatanda\u015f kat\u0131ld\u0131.<br \/>\nSayg\u0131 duru\u015fu ve \u0130stiklal Mar\u015f\u0131&#8217;n\u0131n ard\u0131ndan g\u00fcn\u00fcn anlam ve \u00f6nemini belirten konu\u015fmay\u0131 Tarsus Belediye Ba\u015fkan\u0131 Haluk Bozdo\u011fan yapt\u0131. T\u00f6rende ayr\u0131ca \u015fiirler de okunurken, Tarsus Halk E\u011fitimi Merkezi&#8217;nin Tarsus y\u00f6resine ait halk oyunlar\u0131 g\u00f6sterisi sergilendi. Protokol \u00fcyeleri t\u00f6renin ard\u0131ndan ise Mersin B\u00fcy\u00fck\u015fehir Belediyesi taraf\u0131ndan &#8216;Tarsus&#8217;un Kurtulu\u015f Haftas\u0131 Kutlamalar\u0131&#8217; kapsam\u0131nda haz\u0131rlanan &#8216;Tarsus 100. Y\u0131l Etkinlik Alan\u0131&#8217;n\u0131 gezdi.<br \/>\nBa\u015fkan Vekili \u00dcnzile Kuru: &#8220;Tarihten alaca\u011f\u0131m\u0131z dersler var&#8221;<br \/>\nCumhuriyet Meydan\u0131&#8217;nda yap\u0131lan t\u00f6renin ard\u0131ndan Ba\u015fkan Vekili \u00dcnzile Kuru, B\u00fcy\u00fck\u015fehir Belediyesi taraf\u0131ndan kurulan &#8216;Tarsus 100. Y\u0131l Etkinlik Alan\u0131&#8217;na ge\u00e7ti. Ba\u015fkan Vekili \u00dcnzile Kuru&#8217;nun moderat\u00f6rl\u00fc\u011f\u00fcnde Osman Homurlu &#8216;Tarsus&#8217;ta Kuva-yi Milliye&#8217; konulu bir s\u00f6yle\u015fi ger\u00e7ekle\u015ftirdi.<br \/>\nBa\u015fkan Vekili \u00dcnzile Kuru s\u00f6yle\u015fiye ba\u015flamadan \u00f6nce yapt\u0131\u011f\u0131 konu\u015fmas\u0131nda, Mersin B\u00fcy\u00fck\u015fehir Belediye Ba\u015fkan\u0131 Vahap Se\u00e7er&#8217;in selamlar\u0131n\u0131 ileterek, &#8220;Bug\u00fcn bizler i\u00e7in \u00e7ok \u00f6nemli bir g\u00fcn. Tarsusumuzun kurtulu\u015funun 100. y\u0131l\u0131n\u0131 kutluyoruz. Tarihten alaca\u011f\u0131m\u0131z dersler var. Tarih bizim i\u00e7in gelece\u011fimizin bir g\u00f6stergesi. Onun \u00fczerinde gelece\u011fimizi in\u015fa edece\u011fiz. Birli\u011fimiz, beraberli\u011fimiz bizim g\u00fcc\u00fcm\u00fcz. Bu g\u00fc\u00e7le yine gelece\u011fi in\u015fa edece\u011fiz. Kurtulu\u015f Sava\u015f\u0131m\u0131zda Tarsus&#8217;un ayr\u0131 bir yeri var, \u00e7ok de\u011ferli ads\u0131z kahramanlar\u0131m\u0131z var. Bizler hep birlikte bir g\u00fcc\u00fcz&#8221; dedi.<br \/>\nAyr\u0131ca moderat\u00f6rl\u00fc\u011f\u00fcn\u00fc Dr. Ali Cerraho\u011flu&#8217;nun yapt\u0131\u011f\u0131 s\u00f6yle\u015fide Hikmet \u00d6z taraf\u0131ndan &#8216;Mehmet Bal&#8217;, U\u011fur Pi\u015fmanl\u0131k taraf\u0131ndan &#8216;Cavit Orhan T\u00fctengil&#8217;, Hikmet O\u011fuzcan taraf\u0131ndan &#8216;\u00dcmit Ya\u015far O\u011fuzcan&#8217;, Nihat \u00c7apar taraf\u0131ndan &#8216;Ha\u015fmet Zeybek&#8217; ve Ahmet Karata\u015f taraf\u0131ndan da &#8216;Etem \u00c7al\u0131\u015fkan&#8217; anlat\u0131ld\u0131. &#8216;Yaz\u0131 ve Yoksulluk&#8217; konulu s\u00f6yle\u015fi de Latife Tekin taraf\u0131ndan ger\u00e7ekle\u015ftirildikten sonra m\u00fczikli \u015fiir dinletisi yap\u0131ld\u0131. Ard\u0131ndan Sinan Meydan &#8216;Kurtulu\u015ftan Kurulu\u015fa&#8217; s\u00f6yle\u015fisini ger\u00e7ekle\u015ftirdi.<br \/>\nA\u00e7\u0131l\u0131\u015flar, s\u00f6yle\u015filer, performanslarla 100. y\u0131la \u00f6zel kutlama<br \/>\nMersin B\u00fcy\u00fck\u015fehir Belediyesi taraf\u0131ndan &#8216;Tarsus&#8217;un Kurtulu\u015f Haftas\u0131 Kutlamalar\u0131&#8217; kapsam\u0131nda haz\u0131rlanan &#8216;Tarsus 100. Y\u0131l Etkinlik Alan\u0131&#8217;n\u0131n a\u00e7\u0131l\u0131\u015f\u0131n\u0131 Mersin B\u00fcy\u00fck\u015fehir Belediye Ba\u015fkan\u0131 Vahap Se\u00e7er yapm\u0131\u015ft\u0131. Tarsus Cumhuriyet Meydan\u0131&#8217;ndaki Etkinlik Alan\u0131&#8217;nda &#8216;Milli M\u00fccadele&#8217;, &#8216;Y\u00fczy\u0131l&#8217; ve &#8216;Mersin&#8217;in Haf\u0131zas\u0131&#8217; sergileri yer ald\u0131. \u0130lk g\u00fcn Yakup Boncuk&#8217;un moderat\u00f6rl\u00fc\u011f\u00fcnde U\u011fur Pi\u015fmanl\u0131k taraf\u0131ndan &#8216;Tarsus Bas\u0131n Tarihi&#8217; konulu s\u00f6yle\u015fi ger\u00e7ekle\u015ftirildi.  Yazar ve sunucu Metin Uca&#8217;n\u0131n da &#8216;Ah Hallerimiz, Vah Hallerimiz&#8217; konulu s\u00f6yle\u015fisi yo\u011fun ilgi g\u00f6rd\u00fc. Etkinlik Alan\u0131&#8217;ndaki m\u00fczikli \u015fiir dinletisinin ard\u0131ndan \u0130smail K\u00fcn&#8217;\u00fcn moderat\u00f6rl\u00fc\u011f\u00fcnde, Remzi Karabulut, \u00dcmit Aslan ve Orhan K\u0131r taraf\u0131ndan &#8216;Tarsus&#8217;ta K\u00fclt\u00fcr ve Sanat\u0131n 100 Y\u0131ll\u0131k Ser\u00fcveni&#8217; konulu s\u00f6yle\u015fi ger\u00e7ekle\u015ftirildi.<br \/>\nTarsuslular etkinliklere yo\u011fun ilgi g\u00f6sterdi<br \/>\nEtkinliklerin ikinci g\u00fcn\u00fcnde Ruhi Ko\u00e7ak&#8217;\u0131n moderat\u00f6rl\u00fc\u011f\u00fcnde Murat Kaya ve Veyis Avc\u0131 ile Hasan \u015eemsi&#8217;nin Zoom arac\u0131l\u0131\u011f\u0131yla konu\u015fmac\u0131 olarak kat\u0131ld\u0131klar\u0131 &#8216;100 Y\u0131ll\u0131k S\u00fcre\u00e7te Tarsus Ticareti&#8217; konulu s\u00f6yle\u015fi ger\u00e7ekle\u015ftirildi. Do\u00e7. Dr. Ali \u0130hsan \u00d6kten&#8217;in moderat\u00f6rl\u00fc\u011f\u00fcnde ger\u00e7ekle\u015fen ve Ara\u015ft\u0131rmac\u0131-Yazar Hikmet \u00d6z&#8217;\u00fcn konu\u015fmac\u0131 olarak kat\u0131ld\u0131\u011f\u0131 &#8216;Bilinmeyen Tarsus&#8217; konulu s\u00f6yle\u015fi de ilgi g\u00f6rd\u00fc. \u0130kinci g\u00fcn program dizisinin son b\u00f6l\u00fcm\u00fcnde ise \u00fcnl\u00fc \u015fair ve edebiyat\u00e7\u0131 Ataol Behramo\u011flu, sevenleriyle bulu\u015ftu. Ataol Behramo\u011flu, kat\u0131l\u0131mc\u0131lar\u0131n sorular\u0131n\u0131 yan\u0131tlay\u0131p, \u015fiirlerinden baz\u0131lar\u0131n\u0131 okudu.<br \/>\nEtkinlik boyunca alanda kurulan &#8216;VR Mersin&#8217;de kentin t\u00fcm tarihi ve do\u011fal zenginliklerinde sanal bir gezinti yapma imk\u00e2n\u0131 sunulurken, Mersin B\u00fcy\u00fck\u015fehir Belediyesi T\u00fcrk Halk M\u00fczi\u011fi ve T\u00fcrk Sanat M\u00fczi\u011fi topluluklar\u0131 da seslendirdikleri eserlerle b\u00fcy\u00fck be\u011feni toplad\u0131.<\/p>\n","protected":false},"excerpt":{"rendered":"<p>Mersin B\u00fcy\u00fck\u015fehir Belediye Ba\u015fkan Vekili \u00dcnzile Kuru, Tarsus&#8217;un d\u00fc\u015fman i\u015fgalinden kurtulu\u015funun 100. y\u0131l d\u00f6n\u00fcm\u00fc dolay\u0131s\u0131yla Tarsus Belediyesi ve Tarsus Kaymakaml\u0131\u011f\u0131 taraf\u0131ndan d\u00fczenlenen kutlama program\u0131na kat\u0131ld\u0131. Daha sonra &#8216;Tarsus 100. Y\u0131l &hellip; <a href=\"https:\/\/akdenizolaygazetesi.com\/?p=15840\" class=\"more-link\">Devam\u0131n\u0131 Oku&#8230;<\/a><\/p>\n","protected":false},"author":2,"featured_media":15841,"comment_status":"open","ping_status":"open","sticky":false,"template":"","format":"standard","meta":[],"categories":[2,3,5],"tags":[],"_links":{"self":[{"href":"https:\/\/akdenizolaygazetesi.com\/index.php?rest_route=\/wp\/v2\/posts\/15840"}],"collection":[{"href":"https:\/\/akdenizolaygazetesi.com\/index.php?rest_route=\/wp\/v2\/posts"}],"about":[{"href":"https:\/\/akdenizolaygazetesi.com\/index.php?rest_route=\/wp\/v2\/types\/post"}],"author":[{"embeddable":true,"href":"https:\/\/akdenizolaygazetesi.com\/index.php?rest_route=\/wp\/v2\/users\/2"}],"replies":[{"embeddable":true,"href":"https:\/\/akdenizolaygazetesi.com\/index.php?rest_route=%2Fwp%2Fv2%2Fcomments&post=15840"}],"version-history":[{"count":1,"href":"https:\/\/akdenizolaygazetesi.com\/index.php?rest_route=\/wp\/v2\/posts\/15840\/revisions"}],"predecessor-version":[{"id":15842,"href":"https:\/\/akdenizolaygazetesi.com\/index.php?rest_route=\/wp\/v2\/posts\/15840\/revisions\/15842"}],"wp:featuredmedia":[{"embeddable":true,"href":"https:\/\/akdenizolaygazetesi.com\/index.php?rest_route=\/wp\/v2\/media\/15841"}],"wp:attachment":[{"href":"https:\/\/akdenizolaygazetesi.com\/index.php?rest_route=%2Fwp%2Fv2%2Fmedia&parent=15840"}],"wp:term":[{"taxonomy":"category","embeddable":true,"href":"https:\/\/akdenizolaygazetesi.com\/index.php?rest_route=%2Fwp%2Fv2%2Fcategories&post=15840"},{"taxonomy":"post_tag","embeddable":true,"href":"https:\/\/akdenizolaygazetesi.com\/index.php?rest_route=%2Fwp%2Fv2%2Ftags&post=15840"}],"curies":[{"name":"wp","href":"https:\/\/api.w.org\/{rel}","templated":true}]}}