{"id":15843,"date":"2021-12-28T12:25:29","date_gmt":"2021-12-28T09:25:29","guid":{"rendered":"http:\/\/akdenizolaygazetesi.com\/?p=15843"},"modified":"2021-12-28T12:25:29","modified_gmt":"2021-12-28T09:25:29","slug":"fiyatlar-karsilastirildi","status":"publish","type":"post","link":"https:\/\/akdenizolaygazetesi.com\/?p=15843","title":{"rendered":"F\u0130YATLAR KAR\u015eILA\u015eTIRILDI"},"content":{"rendered":"<p>Akdeniz Belediyesi Zab\u0131ta M\u00fcd\u00fcrl\u00fc\u011f\u00fc ekipleri, haks\u0131z fiyat art\u0131\u015f\u0131n\u0131n \u00f6n\u00fcne ge\u00e7mek, temel g\u0131da \u00fcr\u00fcnleri ba\u015fta olmak \u00fczere bir\u00e7ok \u00fcr\u00fcnde artan fahi\u015f fiyatlar\u0131 da \u00f6nlemek ad\u0131na, fiyat, etiket, gramaj denetimi yapt\u0131.<br \/>\nVatanda\u015flar\u0131n sa\u011fl\u0131\u011f\u0131 ve haklar\u0131 konusunda duyarl\u0131l\u0131\u011f\u0131n\u0131 s\u00fcrd\u00fcren Akdeniz Belediyesi Zab\u0131ta M\u00fcd\u00fcrl\u00fc\u011f\u00fc ekipleri haks\u0131z kazan\u00e7 elde edilmemesi i\u00e7in \u00f6zellikle temel g\u0131da \u00fcr\u00fcnleri ba\u015fta olmak \u00fczere artan fahi\u015f fiyatlar\u0131 \u00f6nlemek ad\u0131na il\u00e7e genelinde faaliyet g\u00f6steren \u00e7e\u015fitli i\u015fletmeleri denetledi.  Ekipler ilk olarak \u00fcr\u00fcnlerin etiket ve kasa fiyatlar\u0131nda farkl\u0131l\u0131k olup olmad\u0131\u011f\u0131n\u0131 kontrol etti; ard\u0131ndan \u00fcr\u00fcnlerin etiket, gramaj ve son kullanma tarihlerini inceledi.<br \/>\nF\u0130YATLAR KAR\u015eILA\u015eTIRILDI<br \/>\n\u00d6zellikle s\u0131v\u0131 ya\u011f, un, \u015feker, yumurta, ekmek gibi temel g\u0131da \u00fcr\u00fcnlerini se\u00e7ip kasaya g\u00f6t\u00fcren ekipler, etiket fiyat\u0131 ile kasa fiyatlar\u0131n\u0131 kar\u015f\u0131la\u015ft\u0131r\u0131p not ald\u0131.  Vatanda\u015flar\u0131n ma\u011fdur olmamas\u0131 ad\u0131na denetimde herhangi bir olumsuzlukla kar\u015f\u0131la\u015f\u0131lmas\u0131 halinde ihtarda bulunulurken, zab\u0131ta ekiplerinin denetimlerini s\u0131kla\u015ft\u0131raca\u011f\u0131 bildirildi. \u00d6te yandan ekipler t\u00fcm i\u015fletmelere fahi\u015f fiyatl\u0131  \u00fcr\u00fcn satmalar\u0131 halinde uygulanacak a\u011f\u0131r yapt\u0131r\u0131mlar hakk\u0131nda bilgi verip, etiket ve gramaj hakk\u0131nda da dikkatli olmalar\u0131 hususunda uyar\u0131da bulundu.<br \/>\n&#8220;BU KONUDA \u00c7OK HASSASIZ&#8221;<br \/>\nVatanda\u015fa zarar verip, ma\u011fdur edilmesine y\u00f6nelik her t\u00fcrl\u00fc haks\u0131zl\u0131\u011f\u0131n kar\u015f\u0131s\u0131nda olduklar\u0131n\u0131 dile getiren Akdeniz Belediye Ba\u015fkan\u0131 Mustafa G\u00fcltak, &#8220;Bu konuda \u00e7ok hassas davran\u0131yoruz. \u00d6zellikle haks\u0131zl\u0131\u011fa f\u0131rsat verilmemesi y\u00f6n\u00fcnde \u00e7ok sa\u011flam \u00e7al\u0131\u015fmalar yap\u0131yoruz. Vatanda\u015flar\u0131m\u0131z\u0131n bizlere g\u00fcveni \u00e7ok \u00f6nemli. Gerek fiyat art\u0131\u015f\u0131, gerekse di\u011fer ma\u011fduriyetler konusunda yasalar \u00e7er\u00e7evesinde kimseye g\u00f6z a\u00e7t\u0131rmayaca\u011f\u0131m\u0131z\u0131n da bilinmesini isterim. Denetimlerimiz s\u0131kla\u015facakt\u0131r. Devletimizin bu konudaki kararl\u0131 duru\u015funa, bizler de sahada ekip arkada\u015flar\u0131m\u0131z ile destek vermeye devam edece\u011fiz&#8221; ifadelerini kulland\u0131.  <\/p>\n","protected":false},"excerpt":{"rendered":"<p>Akdeniz Belediyesi Zab\u0131ta M\u00fcd\u00fcrl\u00fc\u011f\u00fc ekipleri, haks\u0131z fiyat art\u0131\u015f\u0131n\u0131n \u00f6n\u00fcne ge\u00e7mek, temel g\u0131da \u00fcr\u00fcnleri ba\u015fta olmak \u00fczere bir\u00e7ok \u00fcr\u00fcnde artan fahi\u015f fiyatlar\u0131 da \u00f6nlemek ad\u0131na, fiyat, etiket, gramaj denetimi yapt\u0131. Vatanda\u015flar\u0131n &hellip; <a href=\"https:\/\/akdenizolaygazetesi.com\/?p=15843\" class=\"more-link\">Devam\u0131n\u0131 Oku&#8230;<\/a><\/p>\n","protected":false},"author":2,"featured_media":15844,"comment_status":"open","ping_status":"open","sticky":false,"template":"","format":"standard","meta":[],"categories":[2,3,5],"tags":[],"_links":{"self":[{"href":"https:\/\/akdenizolaygazetesi.com\/index.php?rest_route=\/wp\/v2\/posts\/15843"}],"collection":[{"href":"https:\/\/akdenizolaygazetesi.com\/index.php?rest_route=\/wp\/v2\/posts"}],"about":[{"href":"https:\/\/akdenizolaygazetesi.com\/index.php?rest_route=\/wp\/v2\/types\/post"}],"author":[{"embeddable":true,"href":"https:\/\/akdenizolaygazetesi.com\/index.php?rest_route=\/wp\/v2\/users\/2"}],"replies":[{"embeddable":true,"href":"https:\/\/akdenizolaygazetesi.com\/index.php?rest_route=%2Fwp%2Fv2%2Fcomments&post=15843"}],"version-history":[{"count":1,"href":"https:\/\/akdenizolaygazetesi.com\/index.php?rest_route=\/wp\/v2\/posts\/15843\/revisions"}],"predecessor-version":[{"id":15845,"href":"https:\/\/akdenizolaygazetesi.com\/index.php?rest_route=\/wp\/v2\/posts\/15843\/revisions\/15845"}],"wp:featuredmedia":[{"embeddable":true,"href":"https:\/\/akdenizolaygazetesi.com\/index.php?rest_route=\/wp\/v2\/media\/15844"}],"wp:attachment":[{"href":"https:\/\/akdenizolaygazetesi.com\/index.php?rest_route=%2Fwp%2Fv2%2Fmedia&parent=15843"}],"wp:term":[{"taxonomy":"category","embeddable":true,"href":"https:\/\/akdenizolaygazetesi.com\/index.php?rest_route=%2Fwp%2Fv2%2Fcategories&post=15843"},{"taxonomy":"post_tag","embeddable":true,"href":"https:\/\/akdenizolaygazetesi.com\/index.php?rest_route=%2Fwp%2Fv2%2Ftags&post=15843"}],"curies":[{"name":"wp","href":"https:\/\/api.w.org\/{rel}","templated":true}]}}