{"id":15849,"date":"2021-12-28T12:33:18","date_gmt":"2021-12-28T09:33:18","guid":{"rendered":"http:\/\/akdenizolaygazetesi.com\/?p=15849"},"modified":"2021-12-28T12:33:18","modified_gmt":"2021-12-28T09:33:18","slug":"en-guzel-yilbasi-hediyeleri-uretici-kadin-stantlarinda","status":"publish","type":"post","link":"https:\/\/akdenizolaygazetesi.com\/?p=15849","title":{"rendered":"EN G\u00dcZEL YILBA\u015eI HED\u0130YELER\u0130 \u00dcRET\u0130C\u0130 KADIN STANTLARINDA"},"content":{"rendered":"<p>Mersin B\u00fcy\u00fck\u015fehir Belediyesi Kad\u0131n ve Aile Hizmetleri Dairesi&#8217;nin &#8220;Stantlarda Emek, Yeni Y\u0131lda Huzur Var&#8221; slogan\u0131yla 25 Aral\u0131k&#8217;ta \u00d6zgecan Aslan Bar\u0131\u015f Meydan\u0131&#8217;nda kurdu\u011fu &#8220;Y\u0131lba\u015f\u0131 \u00dcretici Kad\u0131n Stantlar\u0131&#8221; 30 Aral\u0131k&#8217;a kadar devam ediyor.<br \/>\n&#8220;30 Aral\u0131k&#8217;a kadar Mersin \u00d6zgecan Aslan Meydan\u0131&#8217;nday\u0131z&#8221;<br \/>\nMeydan&#8217;da kurulan 60 stantta 126 \u00fcretici kad\u0131n \u00fcr\u00fcnlerini sergiliyor. Y\u0131lba\u015f\u0131 konseptli \u00fcr\u00fcnler ziyaret\u00e7iler taraf\u0131ndan yo\u011fun ilgi g\u00f6r\u00fcyor.<br \/>\nB\u00fcy\u00fck\u015fehir Belediyesi Kad\u0131n ve Aile Hizmetleri Dairesi&#8217;nde g\u00f6revli Burcu Sert, kurulan stantlarla ilgili \u015funlar\u0131 s\u00f6yledi:<br \/>\n&#8220;30 Aral\u0131k&#8217;a kadar Mersin \u00d6zgecan Aslan Meydan\u0131&#8217;nday\u0131z. Burada, Mersin&#8217;in merkezinde ya\u015fayan \u00fcretici kad\u0131nlar\u0131m\u0131z\u0131n y\u0131lba\u015f\u0131 konseptli \u00fcretti\u011fi \u00fcr\u00fcnler sergileniyor. Bu y\u0131lba\u015f\u0131nda t\u00fcm Mersinlileri y\u0131lba\u015f\u0131 al\u0131\u015fveri\u015flerini yapmalar\u0131 i\u00e7in buraya bekliyoruz. Hem kad\u0131n elinden \u00fcretime destek olmak hem de tamamen evde \u00fcretim yapan kad\u0131nlara bir nebze de olsa bu y\u0131l destek olmalar\u0131 i\u00e7in bekliyoruz. Ay\u0131n 31&#8217;inde de burada Mersin B\u00fcy\u00fck\u015fehir Belediyesi olarak bir y\u0131lba\u015f\u0131 etkinli\u011fimiz olacak. T\u00fcm Mersinlileri ona da davet ediyoruz.&#8221;<br \/>\n&#8220;\u0130lk stant deneyimim, \u00e7ok heyecan verici&#8221;<br \/>\n\u00dcretici kad\u0131nlardan S\u00fchal Ge\u00e7, \u00fcretime 1 y\u0131l \u00f6nce ba\u015flad\u0131\u011f\u0131n\u0131 ancak B\u00fcy\u00fck\u015fehir&#8217;in a\u00e7t\u0131\u011f\u0131 \u00fcretici kad\u0131n stantlar\u0131nda ilk kez yer ald\u0131\u011f\u0131n\u0131 belirterek, &#8220;\u00c7evremdekilerle ba\u015flad\u0131m. Arkada\u015flar\u0131m, kuzenlerim almaya ba\u015flad\u0131. \u015eu anda da belediyemizin d\u00fczenlemi\u015f oldu\u011fu etkinlikte yerimi ald\u0131m. \u0130lk stant deneyimim. \u00c7ok heyecan verici. Yan taraftaki stant arkada\u015flar\u0131mla tan\u0131\u015ft\u0131m. Sosyalle\u015fme a\u00e7\u0131s\u0131ndan da \u00e7ok g\u00fczel. Tabii ki herkes kendi deneyimlerinden bahsediyor. \u0130nsanlarla bir arada olmak g\u00fczel. Buraya gelsinler, en g\u00fczel hediyeler burada. \u00c7\u00fcnk\u00fc el eme\u011fi \u00fcr\u00fcnler. &#8216;El eme\u011fi g\u00f6z nuru&#8217; diyorlar. Ger\u00e7ekten ilmek ilmek i\u015fledi\u011fimiz \u00fcr\u00fcnler. Herkesin farkl\u0131 \u00fcr\u00fcnleri var burada&#8221; dedi.<br \/>\n&#8220;\u00d6n\u00fcm\u00fcz y\u0131lba\u015f\u0131, bence \u00e7ok uygun bir hediye&#8221;<br \/>\n\u00dcretici kad\u0131nlardan Merve S\u00f6nmez de Mersinlileri beklediklerini belirterek, &#8220;Belediyenin emek\u00e7i insanlara y\u00f6nelik d\u00fczenledi\u011fi el eme\u011fi ve g\u00f6z nuru \u00fcr\u00fcnlerinin sergilendi\u011fi bir ortam. Y\u0131lba\u015f\u0131na dair \u00fcr\u00fcnler var. \u00d6\u011fretmenlerimiz i\u00e7in yapt\u0131\u011f\u0131m\u0131z \u00fcr\u00fcnler var. \u00c7e\u015fitli \u00e7izgi film kahramanlar\u0131n\u0131n oldu\u011fu \u00fcr\u00fcnler var. \u00d6n\u00fcm\u00fcz y\u0131lba\u015f\u0131. Bence \u00e7ok uygun bir hediye. Balkonlar\u0131na, yazl\u0131klar\u0131na koyabilecekleri \u00e7ok uygun bir hediye. Hem ortam hem de \u00fcretti\u011fimiz eserler itibariyle mutlaka gelip g\u00f6rmelerini istiyoruz&#8221; diye konu\u015ftu.<\/p>\n","protected":false},"excerpt":{"rendered":"<p>Mersin B\u00fcy\u00fck\u015fehir Belediyesi Kad\u0131n ve Aile Hizmetleri Dairesi&#8217;nin &#8220;Stantlarda Emek, Yeni Y\u0131lda Huzur Var&#8221; slogan\u0131yla 25 Aral\u0131k&#8217;ta \u00d6zgecan Aslan Bar\u0131\u015f Meydan\u0131&#8217;nda kurdu\u011fu &#8220;Y\u0131lba\u015f\u0131 \u00dcretici Kad\u0131n Stantlar\u0131&#8221; 30 Aral\u0131k&#8217;a kadar devam &hellip; <a href=\"https:\/\/akdenizolaygazetesi.com\/?p=15849\" class=\"more-link\">Devam\u0131n\u0131 Oku&#8230;<\/a><\/p>\n","protected":false},"author":2,"featured_media":15850,"comment_status":"open","ping_status":"open","sticky":false,"template":"","format":"standard","meta":[],"categories":[3],"tags":[],"_links":{"self":[{"href":"https:\/\/akdenizolaygazetesi.com\/index.php?rest_route=\/wp\/v2\/posts\/15849"}],"collection":[{"href":"https:\/\/akdenizolaygazetesi.com\/index.php?rest_route=\/wp\/v2\/posts"}],"about":[{"href":"https:\/\/akdenizolaygazetesi.com\/index.php?rest_route=\/wp\/v2\/types\/post"}],"author":[{"embeddable":true,"href":"https:\/\/akdenizolaygazetesi.com\/index.php?rest_route=\/wp\/v2\/users\/2"}],"replies":[{"embeddable":true,"href":"https:\/\/akdenizolaygazetesi.com\/index.php?rest_route=%2Fwp%2Fv2%2Fcomments&post=15849"}],"version-history":[{"count":1,"href":"https:\/\/akdenizolaygazetesi.com\/index.php?rest_route=\/wp\/v2\/posts\/15849\/revisions"}],"predecessor-version":[{"id":15851,"href":"https:\/\/akdenizolaygazetesi.com\/index.php?rest_route=\/wp\/v2\/posts\/15849\/revisions\/15851"}],"wp:featuredmedia":[{"embeddable":true,"href":"https:\/\/akdenizolaygazetesi.com\/index.php?rest_route=\/wp\/v2\/media\/15850"}],"wp:attachment":[{"href":"https:\/\/akdenizolaygazetesi.com\/index.php?rest_route=%2Fwp%2Fv2%2Fmedia&parent=15849"}],"wp:term":[{"taxonomy":"category","embeddable":true,"href":"https:\/\/akdenizolaygazetesi.com\/index.php?rest_route=%2Fwp%2Fv2%2Fcategories&post=15849"},{"taxonomy":"post_tag","embeddable":true,"href":"https:\/\/akdenizolaygazetesi.com\/index.php?rest_route=%2Fwp%2Fv2%2Ftags&post=15849"}],"curies":[{"name":"wp","href":"https:\/\/api.w.org\/{rel}","templated":true}]}}